{"id":22060,"date":"2019-09-01T21:37:14","date_gmt":"2019-09-01T20:37:14","guid":{"rendered":"http:\/\/diariodevurgos.com\/dvwps\/?p=22060"},"modified":"2019-09-01T21:37:14","modified_gmt":"2019-09-01T20:37:14","slug":"no-todo-es-azul-de-tbla-en-el-teatro-clunia","status":"publish","type":"post","link":"https:\/\/diariodevurgos.com\/dvwps\/no-todo-es-azul-de-tbla-en-el-teatro-clunia.php","title":{"rendered":"&#8220;No todo es azul&#8221; de TBLA en el Teatro Clunia"},"content":{"rendered":"<p class=\"lead\">El pr\u00f3ximo<strong> s\u00e1bado 7 de septiembre<\/strong> tendr\u00e1 lugar la representaci\u00f3n de la obra <em>No todo es azul<\/em> del grupo<a href=\"https:\/\/teatrobajolaarena.wordpress.com\/\"> Teatro Bajo La Arena\u00a0<\/a>en el <strong>Teatro Clunia<\/strong> a las <strong>20.00 horas.<\/strong><\/p>\n<p><strong><em>No todo es azul<\/em> <\/strong>es una obra de teatro creada por el autor burgal\u00e9s Enrique Sadornil que aborda el tema de la transexualidad, los prejuicios y la discriminaci\u00f3n, tanto individual como colectiva. El esfuerzo por defender nuestra identidad ante las presiones sociales y culturales.<\/p>\n<p><strong>Teatro Bajo La Arena<\/strong> es una compa\u00f1\u00ed\u00ada de teatro burgalesa que toma su nombre de una de las obras teatrales de Federico Garc\u00ed\u00ada Lorca: \u00abEl p\u00fablico\u00bb.<\/p>\n<p style=\"text-align: center;\"><img loading=\"lazy\" class=\"aligncenter wp-image-22062 \" src=\"http:\/\/diariodevurgos.com\/dvwps\/wp-content\/uploads\/2019\/09\/URGY8064-724x1024.jpg\" alt=\"\" width=\"466\" height=\"659\" srcset=\"https:\/\/diariodevurgos.com\/dvwps\/wp-content\/uploads\/2019\/09\/URGY8064-724x1024.jpg 724w, https:\/\/diariodevurgos.com\/dvwps\/wp-content\/uploads\/2019\/09\/URGY8064-212x300.jpg 212w, https:\/\/diariodevurgos.com\/dvwps\/wp-content\/uploads\/2019\/09\/URGY8064-768x1086.jpg 768w, https:\/\/diariodevurgos.com\/dvwps\/wp-content\/uploads\/2019\/09\/URGY8064-370x523.jpg 370w, https:\/\/diariodevurgos.com\/dvwps\/wp-content\/uploads\/2019\/09\/URGY8064.jpg 842w\" sizes=\"(max-width: 466px) 100vw, 466px\" \/><\/p>\n","protected":false},"excerpt":{"rendered":"<p>El pr\u00f3ximo s\u00e1bado 7 de septiembre tendr\u00e1 lugar la representaci\u00f3n de la obra No todo es azul del grupo Teatro Bajo La Arena\u00a0en el Teatro Clunia a las 20.00 horas. No todo es azul es una obra de teatro creada por el autor burgal\u00e9s Enrique Sadornil que aborda el tema de la transexualidad, los prejuicios&#8230;  <a href=\"https:\/\/diariodevurgos.com\/dvwps\/no-todo-es-azul-de-tbla-en-el-teatro-clunia.php\" class=\"more-link\" title=\"Read &#8220;No todo es azul&#8221; de TBLA en el Teatro Clunia\">Read more &raquo;<\/a><\/p>\n","protected":false},"author":2,"featured_media":22062,"comment_status":"open","ping_status":"closed","sticky":false,"template":"","format":"standard","meta":[],"categories":[2,14,114,67],"tags":[],"_links":{"self":[{"href":"https:\/\/diariodevurgos.com\/dvwps\/wp-json\/wp\/v2\/posts\/22060"}],"collection":[{"href":"https:\/\/diariodevurgos.com\/dvwps\/wp-json\/wp\/v2\/posts"}],"about":[{"href":"https:\/\/diariodevurgos.com\/dvwps\/wp-json\/wp\/v2\/types\/post"}],"author":[{"embeddable":true,"href":"https:\/\/diariodevurgos.com\/dvwps\/wp-json\/wp\/v2\/users\/2"}],"replies":[{"embeddable":true,"href":"https:\/\/diariodevurgos.com\/dvwps\/wp-json\/wp\/v2\/comments?post=22060"}],"version-history":[{"count":2,"href":"https:\/\/diariodevurgos.com\/dvwps\/wp-json\/wp\/v2\/posts\/22060\/revisions"}],"predecessor-version":[{"id":22063,"href":"https:\/\/diariodevurgos.com\/dvwps\/wp-json\/wp\/v2\/posts\/22060\/revisions\/22063"}],"wp:featuredmedia":[{"embeddable":true,"href":"https:\/\/diariodevurgos.com\/dvwps\/wp-json\/wp\/v2\/media\/22062"}],"wp:attachment":[{"href":"https:\/\/diariodevurgos.com\/dvwps\/wp-json\/wp\/v2\/media?parent=22060"}],"wp:term":[{"taxonomy":"category","embeddable":true,"href":"https:\/\/diariodevurgos.com\/dvwps\/wp-json\/wp\/v2\/categories?post=22060"},{"taxonomy":"post_tag","embeddable":true,"href":"https:\/\/diariodevurgos.com\/dvwps\/wp-json\/wp\/v2\/tags?post=22060"}],"curies":[{"name":"wp","href":"https:\/\/api.w.org\/{rel}","templated":true}]}}