{"id":22064,"date":"2019-09-01T21:57:10","date_gmt":"2019-09-01T20:57:10","guid":{"rendered":"http:\/\/diariodevurgos.com\/dvwps\/?p=22064"},"modified":"2019-09-01T21:57:10","modified_gmt":"2019-09-01T20:57:10","slug":"jornadas-de-homenaje-al-militante-libertario-nicolas-neira-y-a-todas-las-victimas-del-franquismo","status":"publish","type":"post","link":"https:\/\/diariodevurgos.com\/dvwps\/jornadas-de-homenaje-al-militante-libertario-nicolas-neira-y-a-todas-las-victimas-del-franquismo.php","title":{"rendered":"Jornadas de homenaje al militante libertario Nicolas Neira y a todas las v\u00ed\u00adctimas del franquismo"},"content":{"rendered":"<p class=\"lead\">A principios de noviembre del pasado a\u00f1o 2018 se conoci\u00f3 la noticia de la identificaci\u00f3n de cuatro de las v\u00ed\u00adctimas asesinadas en Est\u00e9par, cuyos restos se encontraban entre los localizados en una de las fosas comunes, compuesta por 27 personas, donde fueron enterradas tras su ejecuci\u00f3n el 9 de septiembre de 1936.<\/p>\n<p style=\"text-align: center;\"><img loading=\"lazy\" class=\"aligncenter wp-image-22065 \" src=\"http:\/\/diariodevurgos.com\/dvwps\/wp-content\/uploads\/2019\/09\/DQUK8139.jpg\" alt=\"\" width=\"404\" height=\"600\" srcset=\"https:\/\/diariodevurgos.com\/dvwps\/wp-content\/uploads\/2019\/09\/DQUK8139.jpg 1078w, https:\/\/diariodevurgos.com\/dvwps\/wp-content\/uploads\/2019\/09\/DQUK8139-202x300.jpg 202w, https:\/\/diariodevurgos.com\/dvwps\/wp-content\/uploads\/2019\/09\/DQUK8139-768x1140.jpg 768w, https:\/\/diariodevurgos.com\/dvwps\/wp-content\/uploads\/2019\/09\/DQUK8139-690x1024.jpg 690w, https:\/\/diariodevurgos.com\/dvwps\/wp-content\/uploads\/2019\/09\/DQUK8139-370x549.jpg 370w\" sizes=\"(max-width: 404px) 100vw, 404px\" \/><\/p>\n<p>Gracias a esa identificaci\u00f3n, labor realizada por la Coordinadora Provincial para la Recuperaci\u00f3n de la Memoria Hist\u00f3rica (CRMH) de Burgos y por la Sociedad de Ciencias Aranzadi, sabemos que una de esas cuatro personas era Nicol\u00e1s Neira Fern\u00e1ndez, secretario del sindicato CNT y libertario destacado en el Burgos de aquel tiempo, quien, pese a su juventud, era un curtido activista, siendo asesinado por ese motivo. En los pr\u00f3ximos d\u00ed\u00adas, organizado por el sindicato CNT y en colaboraci\u00f3n con Espacio Tangente, CRMH<strong>,<\/strong> Aranzadi, y el Ayuntamiento de Est\u00e9par, tendr\u00e1n lugar las Jornadas de homenaje a Nicol\u00e1s Neira y a todas las v\u00ed\u00adctimas del franquismo.<\/p>\n<p>El programa de las jornadas es el siguiente:<br \/>\n<strong>Jueves 12 de septiembre\u00a0<\/strong><br \/>\n19:30 h. en Espacio Tangente (C\/ Valent\u00ed\u00adn Jal\u00f3n 10, bajo)<br \/>\n<strong>&#8220;Nicol\u00e1s Neira y el Burgos libertario&#8221;<\/strong><br \/>\nPonentes:<br \/>\n-Ignacio C. Soriano, Francisco Barriocanal y Fernando Ortega, autores de El Anarquismo en Burgos. Con la presencia e intervenci\u00f3n de Raquel Neira, hija de Nicol\u00e1s Neira.<\/p>\n<p><strong>Viernes 13 de septiembre<\/strong><br \/>\n19:30 h. en Espacio Tangente<br \/>\n<strong>&#8220;Proyecto Monte de Est\u00e9par: estado actual de las investigaciones&#8221;\u009d<\/strong><br \/>\nPresenta:<br \/>\n-Sandra Ortega, equipo cient\u00ed\u00adfico- t\u00e9cnico, secretaria de la CRMH de Burgos y militante del sindicato CNT.<br \/>\nPonentes:<br \/>\n-Juan Montero, director de la exhumaci\u00f3n de las fosas del monte de Est\u00e9par.<br \/>\n-Francisco Etxeberria, m\u00e9dico especialista en medicina forense y antropolog\u00ed\u00ada.<br \/>\n-Lourdes Herrasti, licenciada en Geograf\u00ed\u00ada e Historia, especialista en osteoarqueolog\u00ed\u00ada.<br \/>\n-Mar\u00ed\u00ada Jes\u00fas Barcina, investigadora en archivos, CRMH de Burgos.<\/p>\n<p><strong>*S\u00e1bado 14 de septiembre*<\/strong><br \/>\n12:00 h. en Monte de Est\u00e9par (Burgos)<br \/>\n<strong>Acto homenaje y entrega de los restos identificados a la familia de Nicol\u00e1s Neira<\/strong><br \/>\n14:30 h.* en Espacio Tangente. *Paella y pinchos para la autogesti\u00f3n de las jornadas<br \/>\n17:30 h.* en el cementerio municipal de Burgos. *Acto de re-inhumaci\u00f3n de Nicol\u00e1s Neira<\/p>\n<p>Te animamos a participar en los actos y en la organizaci\u00f3n de los mismos.<\/p>\n","protected":false},"excerpt":{"rendered":"<p>A principios de noviembre del pasado a\u00f1o 2018 se conoci\u00f3 la noticia de la identificaci\u00f3n de cuatro de las v\u00ed\u00adctimas asesinadas en Est\u00e9par, cuyos restos se encontraban entre los localizados en una de las fosas comunes, compuesta por 27 personas, donde fueron enterradas tras su ejecuci\u00f3n el 9 de septiembre de 1936. Gracias a esa&#8230;  <a href=\"https:\/\/diariodevurgos.com\/dvwps\/jornadas-de-homenaje-al-militante-libertario-nicolas-neira-y-a-todas-las-victimas-del-franquismo.php\" class=\"more-link\" title=\"Read Jornadas de homenaje al militante libertario Nicolas Neira y a todas las v\u00ed\u00adctimas del franquismo\">Read more &raquo;<\/a><\/p>\n","protected":false},"author":2,"featured_media":22065,"comment_status":"open","ping_status":"closed","sticky":false,"template":"","format":"standard","meta":[],"categories":[112,2,14,80,6,71],"tags":[],"_links":{"self":[{"href":"https:\/\/diariodevurgos.com\/dvwps\/wp-json\/wp\/v2\/posts\/22064"}],"collection":[{"href":"https:\/\/diariodevurgos.com\/dvwps\/wp-json\/wp\/v2\/posts"}],"about":[{"href":"https:\/\/diariodevurgos.com\/dvwps\/wp-json\/wp\/v2\/types\/post"}],"author":[{"embeddable":true,"href":"https:\/\/diariodevurgos.com\/dvwps\/wp-json\/wp\/v2\/users\/2"}],"replies":[{"embeddable":true,"href":"https:\/\/diariodevurgos.com\/dvwps\/wp-json\/wp\/v2\/comments?post=22064"}],"version-history":[{"count":1,"href":"https:\/\/diariodevurgos.com\/dvwps\/wp-json\/wp\/v2\/posts\/22064\/revisions"}],"predecessor-version":[{"id":22066,"href":"https:\/\/diariodevurgos.com\/dvwps\/wp-json\/wp\/v2\/posts\/22064\/revisions\/22066"}],"wp:featuredmedia":[{"embeddable":true,"href":"https:\/\/diariodevurgos.com\/dvwps\/wp-json\/wp\/v2\/media\/22065"}],"wp:attachment":[{"href":"https:\/\/diariodevurgos.com\/dvwps\/wp-json\/wp\/v2\/media?parent=22064"}],"wp:term":[{"taxonomy":"category","embeddable":true,"href":"https:\/\/diariodevurgos.com\/dvwps\/wp-json\/wp\/v2\/categories?post=22064"},{"taxonomy":"post_tag","embeddable":true,"href":"https:\/\/diariodevurgos.com\/dvwps\/wp-json\/wp\/v2\/tags?post=22064"}],"curies":[{"name":"wp","href":"https:\/\/api.w.org\/{rel}","templated":true}]}}