{"id":22253,"date":"2019-10-11T06:49:19","date_gmt":"2019-10-11T05:49:19","guid":{"rendered":"http:\/\/diariodevurgos.com\/dvwps\/?p=22253"},"modified":"2019-10-11T06:52:03","modified_gmt":"2019-10-11T05:52:03","slug":"el-momento-ha-llegado-ha-empezado-la-guerra-comunicado-de-la-comuna-internacionalista-de-rojava","status":"publish","type":"post","link":"https:\/\/diariodevurgos.com\/dvwps\/el-momento-ha-llegado-ha-empezado-la-guerra-comunicado-de-la-comuna-internacionalista-de-rojava.php","title":{"rendered":"El momento ha llegado \u00a1Ha empezado la guerra! Comunicado de la Comuna Internacionalista de Rojava"},"content":{"rendered":"\n<p class=\"lead\">El Estado turco acaba de dar comienzo a una ofensiva militar sobre los territorios kurdos del noreste de Siria. Publicamos a continuaci\u00f3n el comunicado de la <strong>Comuna Internacionalista de Rojava<\/strong> donde se hace un llamamiento en solidaridad con el pueblo kurdo y su experiencia revolucionaria. <\/p>\n\n\n<p><!--more--><!--more--><!--more--><!--more--><\/p>\n\n\n<p>Hoy ha llegado el momento de demostrar lo que venimos tejiendo en los \u00faltimos a\u00f1os de compa\u00f1erismo e internacionalismo por todo el globo. Hoy ha sonado la hora de llevar a la pr\u00e1ctica el internacionalismo, una vez m\u00e1s, defendiendo la revoluci\u00f3n. Y de luchar por nuestras propias esperanzas, por nuestros deseos y sue\u00f1os, al hacerlo as\u00ed.<\/p>\n\n\n\n<p>Hace unas horas, el estado fascista turco comenz\u00f3 su ofensiva para la ocupaci\u00f3n de los territorios liberados del noreste de Siria.<\/p>\n\n\n\n<p>Aviones de combate turcos est\u00e1n bombardeando las ciudades y pueblos de Serekaniye y Gire Spi. Qamishlo, Derik y muchos otros lugares a lo largo de la frontera se hallan bajo el fuego de la artiller\u00eda pesada. Las fuerzas de autodefensa de la Federaci\u00f3n Democr\u00e1tica del Noreste de Siria responden con contundencia a los ataques de las hordas fascistas. Cientos de miles de combatientes, y la poblaci\u00f3n civil que les apoya, est\u00e1n preparados para luchar hasta el final. La situaci\u00f3n no deja lugar a dudas: llamamos a la resistencia global.<\/p>\n\n\n\n<div class=\"wp-block-image\"><figure class=\"aligncenter is-resized\"><img loading=\"lazy\" src=\"http:\/\/diariodevurgos.com\/dvwps\/wp-content\/uploads\/2019\/10\/Revoluci\u00f3n-kurda.jpg\" alt=\"\" class=\"wp-image-22254\" width=\"420\" height=\"211\" srcset=\"https:\/\/diariodevurgos.com\/dvwps\/wp-content\/uploads\/2019\/10\/Revoluci\u00f3n-kurda.jpg 316w, https:\/\/diariodevurgos.com\/dvwps\/wp-content\/uploads\/2019\/10\/Revoluci\u00f3n-kurda-300x151.jpg 300w\" sizes=\"(max-width: 420px) 100vw, 420px\" \/><figcaption>Combatientes kurdas en el noreste de Siria \/ <a href=\"https:\/\/www.desdeabajo.info\/mundo\/item\/35625-los-significados-historicos-de-la-revolucion-kurda.html\">Desdeabajo.info<\/a><\/figcaption><\/figure><\/div>\n\n\n\n<p>Las fuerzas imperialistas han decidido ir a la guerra. Sus tropas sobre el terreno ondean las banderas de Turqu\u00eda y del Estado Isl\u00e1mico. Pero esta decisi\u00f3n no se ha tomado solo en Ankara, sino tambi\u00e9n en los palacios presidenciales de Washington, Mosc\u00fa, Par\u00eds y Berl\u00edn.<\/p>\n\n\n\n<p>Desde el principio, la Revoluci\u00f3n en Rojava ha sido internacionalista. No se ha hecho solo para liberar a la poblaci\u00f3n kurda de Siria, sino para acabar en todo Oriente Medio con siglos de colonialismo, opresi\u00f3n y dictadura. Y ha sido una revoluci\u00f3n internacionalista, adem\u00e1s, porque muchos compa\u00f1eros y muchas compa\u00f1eras de todo el mundo se han unido a ella: en primera l\u00ednea de fuego, contra el Estado Isl\u00e1mico y el fascismo turco, ayudando en hospitales o plantando \u00e1rboles y trabajando para construir una sociedad democr\u00e1tica y ecol\u00f3gica, basada en la liberaci\u00f3n de las mujeres. Y muchos revolucionarios y muchas revolucionarias se han sumado adem\u00e1s a la lucha en todo el planeta. Porque la revoluci\u00f3n en Siria nos ha demostrado a todos y a todas que otro mundo, no solo es posible en teor\u00eda, sino que se est\u00e1 construyendo de verdad en la vida cotidiana.<\/p>\n\n\n\n<p>Hoy ha llegado el momento de demostrar lo que venimos tejiendo en los \u00faltimos a\u00f1os de compa\u00f1erismo e internacionalismo por todo el globo. Hoy ha sonado la hora de llevar a la pr\u00e1ctica el internacionalismo, una vez m\u00e1s, defendiendo la revoluci\u00f3n. Y de luchar por nuestras propias esperanzas, por nuestros deseos y sue\u00f1os, al hacerlo as\u00ed.<\/p>\n\n\n\n<p>Incluso cuando nos enfrentamos al segundo ej\u00e9rcito, por tama\u00f1o, de la OTAN, con sus miles de matones islamistas para usar como carne de ca\u00f1\u00f3n, sabemos que detr\u00e1s de esta revoluci\u00f3n se alzan millones de revolucionarios y revolucionarias, amigos y amigas, hermanas y hermanos. Y que, con ese apoyo, con todos vosotros y todas vosotras, podremos elevar el nivel de nuestra protesta hasta el de una verdadera resistencia pol\u00edtica. Hasta que no haya m\u00e1s exportaciones de armas a Turqu\u00eda, hasta que el r\u00e9gimen fascista turco sea derrotado.<\/p>\n\n\n\n<p>Comuna Internacionalista de Rojava<br> Fuente: <a href=\"https:\/\/kaosenlared.net\/comunicado-de-la-comuna-internacionalista-de-rojava-riseup-llamamos-al-levantamiento-a-la-defensa-de-rojava\/\">Kaos en la red<\/a><\/p>\n","protected":false},"excerpt":{"rendered":"<p>El Estado turco acaba de dar comienzo a una ofensiva militar sobre los territorios kurdos del noreste de Siria. Publicamos a continuaci\u00f3n el comunicado de la Comuna Internacionalista de Rojava donde se hace un llamamiento en solidaridad con el pueblo kurdo y su experiencia revolucionaria.<\/p>\n","protected":false},"author":2,"featured_media":22254,"comment_status":"open","ping_status":"closed","sticky":false,"template":"","format":"standard","meta":[],"categories":[2],"tags":[],"_links":{"self":[{"href":"https:\/\/diariodevurgos.com\/dvwps\/wp-json\/wp\/v2\/posts\/22253"}],"collection":[{"href":"https:\/\/diariodevurgos.com\/dvwps\/wp-json\/wp\/v2\/posts"}],"about":[{"href":"https:\/\/diariodevurgos.com\/dvwps\/wp-json\/wp\/v2\/types\/post"}],"author":[{"embeddable":true,"href":"https:\/\/diariodevurgos.com\/dvwps\/wp-json\/wp\/v2\/users\/2"}],"replies":[{"embeddable":true,"href":"https:\/\/diariodevurgos.com\/dvwps\/wp-json\/wp\/v2\/comments?post=22253"}],"version-history":[{"count":2,"href":"https:\/\/diariodevurgos.com\/dvwps\/wp-json\/wp\/v2\/posts\/22253\/revisions"}],"predecessor-version":[{"id":22257,"href":"https:\/\/diariodevurgos.com\/dvwps\/wp-json\/wp\/v2\/posts\/22253\/revisions\/22257"}],"wp:featuredmedia":[{"embeddable":true,"href":"https:\/\/diariodevurgos.com\/dvwps\/wp-json\/wp\/v2\/media\/22254"}],"wp:attachment":[{"href":"https:\/\/diariodevurgos.com\/dvwps\/wp-json\/wp\/v2\/media?parent=22253"}],"wp:term":[{"taxonomy":"category","embeddable":true,"href":"https:\/\/diariodevurgos.com\/dvwps\/wp-json\/wp\/v2\/categories?post=22253"},{"taxonomy":"post_tag","embeddable":true,"href":"https:\/\/diariodevurgos.com\/dvwps\/wp-json\/wp\/v2\/tags?post=22253"}],"curies":[{"name":"wp","href":"https:\/\/api.w.org\/{rel}","templated":true}]}}