{"id":22259,"date":"2019-10-12T10:08:39","date_gmt":"2019-10-12T09:08:39","guid":{"rendered":"http:\/\/diariodevurgos.com\/dvwps\/?p=22259"},"modified":"2019-10-12T10:08:40","modified_gmt":"2019-10-12T09:08:40","slug":"poesia-contra-el-cambio-climatico","status":"publish","type":"post","link":"https:\/\/diariodevurgos.com\/dvwps\/poesia-contra-el-cambio-climatico.php","title":{"rendered":"Poes\u00eda contra el cambio clim\u00e1tico"},"content":{"rendered":"\n<p class=\"lead\">El mi\u00e9rcoles 16 de octubre a las 20horas vuelve la poes\u00eda al CSR. En esta ocasi\u00f3n el tema elegido es el cambio clim\u00e1tico. <\/p>\n\n\n\n<figure class=\"wp-block-image\"><img loading=\"lazy\" width=\"724\" height=\"1024\" src=\"https:\/\/diariodevurgos.com\/dvwps\/wp-content\/uploads\/2019\/10\/poesia_clima-724x1024.jpeg\" alt=\"\" class=\"wp-image-22260\" srcset=\"https:\/\/diariodevurgos.com\/dvwps\/wp-content\/uploads\/2019\/10\/poesia_clima-724x1024.jpeg 724w, https:\/\/diariodevurgos.com\/dvwps\/wp-content\/uploads\/2019\/10\/poesia_clima-212x300.jpeg 212w, https:\/\/diariodevurgos.com\/dvwps\/wp-content\/uploads\/2019\/10\/poesia_clima-768x1086.jpeg 768w, https:\/\/diariodevurgos.com\/dvwps\/wp-content\/uploads\/2019\/10\/poesia_clima-370x523.jpeg 370w, https:\/\/diariodevurgos.com\/dvwps\/wp-content\/uploads\/2019\/10\/poesia_clima.jpeg 842w\" sizes=\"(max-width: 724px) 100vw, 724px\" \/><\/figure>\n","protected":false},"excerpt":{"rendered":"<p>El mi\u00e9rcoles 16 de octubre a las 20horas vuelve la poes\u00eda al CSR. En esta ocasi\u00f3n el tema elegido es el cambio clim\u00e1tico.<\/p>\n","protected":false},"author":67,"featured_media":22260,"comment_status":"open","ping_status":"closed","sticky":false,"template":"","format":"standard","meta":[],"categories":[2,14],"tags":[],"_links":{"self":[{"href":"https:\/\/diariodevurgos.com\/dvwps\/wp-json\/wp\/v2\/posts\/22259"}],"collection":[{"href":"https:\/\/diariodevurgos.com\/dvwps\/wp-json\/wp\/v2\/posts"}],"about":[{"href":"https:\/\/diariodevurgos.com\/dvwps\/wp-json\/wp\/v2\/types\/post"}],"author":[{"embeddable":true,"href":"https:\/\/diariodevurgos.com\/dvwps\/wp-json\/wp\/v2\/users\/67"}],"replies":[{"embeddable":true,"href":"https:\/\/diariodevurgos.com\/dvwps\/wp-json\/wp\/v2\/comments?post=22259"}],"version-history":[{"count":1,"href":"https:\/\/diariodevurgos.com\/dvwps\/wp-json\/wp\/v2\/posts\/22259\/revisions"}],"predecessor-version":[{"id":22261,"href":"https:\/\/diariodevurgos.com\/dvwps\/wp-json\/wp\/v2\/posts\/22259\/revisions\/22261"}],"wp:featuredmedia":[{"embeddable":true,"href":"https:\/\/diariodevurgos.com\/dvwps\/wp-json\/wp\/v2\/media\/22260"}],"wp:attachment":[{"href":"https:\/\/diariodevurgos.com\/dvwps\/wp-json\/wp\/v2\/media?parent=22259"}],"wp:term":[{"taxonomy":"category","embeddable":true,"href":"https:\/\/diariodevurgos.com\/dvwps\/wp-json\/wp\/v2\/categories?post=22259"},{"taxonomy":"post_tag","embeddable":true,"href":"https:\/\/diariodevurgos.com\/dvwps\/wp-json\/wp\/v2\/tags?post=22259"}],"curies":[{"name":"wp","href":"https:\/\/api.w.org\/{rel}","templated":true}]}}