{"id":22310,"date":"2019-10-25T22:27:15","date_gmt":"2019-10-25T21:27:15","guid":{"rendered":"http:\/\/diariodevurgos.com\/dvwps\/?p=22310"},"modified":"2019-10-25T22:29:09","modified_gmt":"2019-10-25T21:29:09","slug":"algo-suena-a-chile","status":"publish","type":"post","link":"https:\/\/diariodevurgos.com\/dvwps\/algo-suena-a-chile.php","title":{"rendered":"Algo suena a Chile"},"content":{"rendered":"\n<p class=\"lead\">Saltar al otro extremo del charco a trav\u00e9s de la televisi\u00f3n o cualquier medio de masas desde esta peque\u00f1a pen\u00ednsula siempre ha supuesto hablar de Venezuela, pero\u2026 \u00bfY Chile?.<\/p>\n\n\n\n<!--more-->\n\n\n\n<p>Chile ha sido estos \u00faltimos a\u00f1os el milagro econ\u00f3mico, una potencia que no paraba de crecer y ejemplo de buena econom\u00eda, econom\u00eda neoliberal por supuesto. El modelo chileno tiene buenos n\u00fameros, la quinta potencia latinoamericana, s\u00f3lida, con una buena balanza comercial, un bajo desempleo y en los \u00faltimos a\u00f1os ha atra\u00eddo muchas inversiones.<\/p>\n\n\n\n<p>Sin embargo hace unos d\u00edas el pueblo chileno se revelaba contra una medida de su gobierno: Una subida del precio del billete de metro, la cuarta en menos de un a\u00f1o. Frente a la indignaci\u00f3n que iba creciendo, el ministro de econom\u00eda anuncia la siguiente medida:<\/p>\n\n\n\n<figure class=\"wp-block-embed-youtube aligncenter wp-block-embed is-type-video is-provider-youtube wp-embed-aspect-16-9 wp-has-aspect-ratio\"><div class=\"wp-block-embed__wrapper\">\n<iframe loading=\"lazy\" title=\"Fontaine y nueva tarifa de Metro: &quot;Quien madrugue puede ser ayudado a trav\u00e9s de una tarifa m\u00e1s baja&quot;\" width=\"580\" height=\"326\" src=\"https:\/\/www.youtube.com\/embed\/nFO4zjFniso?start=340&#038;feature=oembed\" frameborder=\"0\" allow=\"accelerometer; autoplay; encrypted-media; gyroscope; picture-in-picture\" allowfullscreen><\/iframe>\n<\/div><figcaption>Con ver un par de minutos te puede valer.<\/figcaption><\/figure>\n\n\n\n<p> El ministro de econom\u00eda hace un descuento a los madrugadores y la indignaci\u00f3n crece, hay quienes apuntan a que estas palabras del ministro de econom\u00eda fueron la cerilla que prendi\u00f3 el fuego. Los estudiantes comienzan a protestar contra la subida de los precios con entradas masivas al metro uni\u00e9ndose otros extractos de la poblaci\u00f3n, el gobierno contra esta forma de protesta aplica violencia policial, pero la represi\u00f3n no da resultado. Cuando el gobierno da marcha atr\u00e1s ya es tarde, las protestas han tomado las calles. Desde saqueos, enfrentamientos con militares y polic\u00eda a simples movilizaciones.<\/p>\n\n\n\n<p>Evidentemente, la violencia es lo que numerosos medios y pol\u00edticos se han centrado en se\u00f1alar para desprestigiar las protestas. Pero los pol\u00edticos y en especial los chilenos saben cual es el problema de su pa\u00eds, incluso la primera dama lo sabe:<\/p>\n\n\n\n<figure class=\"wp-block-embed-youtube aligncenter wp-block-embed is-type-video is-provider-youtube wp-embed-aspect-16-9 wp-has-aspect-ratio\"><div class=\"wp-block-embed__wrapper\">\n<iframe loading=\"lazy\" title=\"Audio filtrado de la primera dama de Chile: \u201cEs como una invasi\u00f3n extranjera, alien\u00edgena\u201d\" width=\"580\" height=\"326\" src=\"https:\/\/www.youtube.com\/embed\/oDUV3gRGWFg?feature=oembed\" frameborder=\"0\" allow=\"accelerometer; autoplay; encrypted-media; gyroscope; picture-in-picture\" allowfullscreen><\/iframe>\n<\/div><\/figure>\n\n\n\n<p>La gota que colm\u00f3 el vaso en efecto fue la subida del billete del metro, pero hay muchos otros recortes y estos son la verdadera raz\u00f3n de las protestas. Recortes en sanidad, en educaci\u00f3n, aumento del precio de la vivienda, del precio de la luz.. y no nos olvidemos de uno de los principales problemas de Chile: <strong>las pensiones<\/strong>. El problema chileno es evidente, sus n\u00fameros son buenos pero la mayor\u00eda de su poblaci\u00f3n gana lo mismo que en Paraguay pero vive en un pa\u00eds con precios como los de Espa\u00f1a. El reparto de la riqueza chilena es nefasto, el 30% de la riqueza es gestionada por el 1% de la poblaci\u00f3n. Chile en su zozobra neoliberal ha llegado a privatizar la gesti\u00f3n del agua y su poblaci\u00f3n esta fuertemente endeudada. \u00bfAcaso no son razones suficientes para salir a la calle?.<\/p>\n\n\n\n<p><strong>Las pensiones<\/strong><\/p>\n\n\n\n<p>El modelo de pensiones chileno ha seguido a pies puntillas la gran receta neoliberal a excepci\u00f3n del cuerpo militar, del que luego hablaremos. La transici\u00f3n del modelo de pensiones comienza durante la dictadura de Pinochet, en 1980, y se basa en un sistema de capitalizaci\u00f3n (privatizaci\u00f3n), en vez de reparto (p\u00fablico). El modelo de pensiones chileno, como os podr\u00e9is imaginar no es solidario, por ejemplo muchos chilenos tienen problemas para comenzar a cobrar su pensi\u00f3n si tienen una enfermedad laboral o bajas continuadas, no hay pensiones no contributivas y las cotizaciones son bajas.<\/p>\n\n\n\n<p>Chile ha tenido una transici\u00f3n \u201ca la espa\u00f1ola\u201d, Pinochet tambi\u00e9n dejo tambi\u00e9n todo \u201catado y bien atado\u201d y la reforma del sistema de pensiones chileno no pillo desprevenidos a los cuerpos militares que gozan de un sistema de pensiones p\u00fablico, al contrario que el com\u00fan de los mortales chilenos. Adem\u00e1s la gran parte de los fondos de la riqueza p\u00fablica chilena son destinados a los cuerpos militares y estos no tienen obligaci\u00f3n de declarar el destino de los fondos p\u00fablicamente. <\/p>\n\n\n\n<p>Estos d\u00edas las redes sociales se han inundado de v\u00eddeos de militares disparando a civiles en chile y aplicando \u201cviolencia institucional\u201d, tambi\u00e9n sobran las razones del porqu\u00e9.<\/p>\n\n\n\n<figure class=\"wp-block-embed-youtube aligncenter wp-block-embed is-type-video is-provider-youtube wp-embed-aspect-4-3 wp-has-aspect-ratio\"><div class=\"wp-block-embed__wrapper\">\n<iframe loading=\"lazy\" title=\"Militar dispara a ciudadano Chileno\" width=\"580\" height=\"435\" src=\"https:\/\/www.youtube.com\/embed\/FlO51OzfFgg?feature=oembed\" frameborder=\"0\" allow=\"accelerometer; autoplay; encrypted-media; gyroscope; picture-in-picture\" allowfullscreen><\/iframe>\n<\/div><\/figure>\n\n\n\n<p><strong>\u00bfSuena a Chile?<\/strong><\/p>\n\n\n\n<p>Pese a que las comparaciones puedan ser odiosas, Espa\u00f1a suena a Chile. El modelo de pensiones chileno lleva a\u00f1os persiguiendo a Espa\u00f1a, muchos pol\u00edticos neoliberales y no tan liberales han intentado por activa y por pasiva un modelo similar al chileno y continuar\u00e1n hasta que el dique se rompa. Su democracia es la heredera de una clase dirigente que creci\u00f3 al calor de una dictadura, como en Espa\u00f1a. La brecha social ha aumentado, s\u00ed en Espa\u00f1a tambi\u00e9n. Su poblaci\u00f3n ha ido perdiendo derechos, poder adquisitivo y viendo como incrementaba la carest\u00eda de la vida. S\u00ed, s\u00ed tambi\u00e9n como en Espa\u00f1a: la luz, la sanidad\u2026<\/p>\n\n\n\n<p>Mientras esto pasa, los medios de aqu\u00ed nos han metido hasta en la sopa a Maduro, pero pocos saben quien es Pi\u00f1era y como viven los chilenos bajo su mandato\u2026 <\/p>\n","protected":false},"excerpt":{"rendered":"<p>Saltar al otro extremo del charco a trav\u00e9s de la televisi\u00f3n o cualquier medio de masas desde esta peque\u00f1a pen\u00ednsula siempre ha supuesto hablar de Venezuela, pero\u2026 \u00bfY Chile?.<\/p>\n","protected":false},"author":1,"featured_media":22312,"comment_status":"open","ping_status":"closed","sticky":false,"template":"","format":"standard","meta":[],"categories":[2],"tags":[],"_links":{"self":[{"href":"https:\/\/diariodevurgos.com\/dvwps\/wp-json\/wp\/v2\/posts\/22310"}],"collection":[{"href":"https:\/\/diariodevurgos.com\/dvwps\/wp-json\/wp\/v2\/posts"}],"about":[{"href":"https:\/\/diariodevurgos.com\/dvwps\/wp-json\/wp\/v2\/types\/post"}],"author":[{"embeddable":true,"href":"https:\/\/diariodevurgos.com\/dvwps\/wp-json\/wp\/v2\/users\/1"}],"replies":[{"embeddable":true,"href":"https:\/\/diariodevurgos.com\/dvwps\/wp-json\/wp\/v2\/comments?post=22310"}],"version-history":[{"count":2,"href":"https:\/\/diariodevurgos.com\/dvwps\/wp-json\/wp\/v2\/posts\/22310\/revisions"}],"predecessor-version":[{"id":22313,"href":"https:\/\/diariodevurgos.com\/dvwps\/wp-json\/wp\/v2\/posts\/22310\/revisions\/22313"}],"wp:featuredmedia":[{"embeddable":true,"href":"https:\/\/diariodevurgos.com\/dvwps\/wp-json\/wp\/v2\/media\/22312"}],"wp:attachment":[{"href":"https:\/\/diariodevurgos.com\/dvwps\/wp-json\/wp\/v2\/media?parent=22310"}],"wp:term":[{"taxonomy":"category","embeddable":true,"href":"https:\/\/diariodevurgos.com\/dvwps\/wp-json\/wp\/v2\/categories?post=22310"},{"taxonomy":"post_tag","embeddable":true,"href":"https:\/\/diariodevurgos.com\/dvwps\/wp-json\/wp\/v2\/tags?post=22310"}],"curies":[{"name":"wp","href":"https:\/\/api.w.org\/{rel}","templated":true}]}}