{"id":22319,"date":"2019-10-28T12:57:31","date_gmt":"2019-10-28T11:57:31","guid":{"rendered":"http:\/\/diariodevurgos.com\/dvwps\/?p=22319"},"modified":"2019-11-01T09:51:08","modified_gmt":"2019-11-01T08:51:08","slug":"kurdistan-romper-el-aislamiento","status":"publish","type":"post","link":"https:\/\/diariodevurgos.com\/dvwps\/kurdistan-romper-el-aislamiento.php","title":{"rendered":"Kurdist\u00e1n: romper el aislamiento: ACTIVIDAD CANCELADA"},"content":{"rendered":"\n\n\n<p class=\"lead\"><strong>ACTUALIZADO 01\/11\/2019:<\/strong> Sentimos informar que los organizadores del evento nos han comunicado que la <strong>ACTIVIDAD HA SIDO CANCELADA.<\/strong> <\/p>\n\n\n\n<p>El pr\u00f3ximo <strong>s\u00e1bado 2 de noviembre<\/strong> tendr\u00e1 lugar un charla-debate en Burgos sobre la actual situaci\u00f3n de los territorios kurdos del noroeste de Siria.<\/p>\n\n\n\n<p> La iniciativa, que ser\u00e1 organizada por el <strong>colectivo 5&#215;8 <\/strong>y la <strong>editorial Lecturas de Zamarraco<\/strong>, dar\u00e1 comienzo a partir de las <strong>18:00<\/strong> <strong>horas<\/strong> en el <strong>Sal\u00f3n del Edificio de Sindicatos <\/strong>y contar\u00e1 con la presencia de miembros de <a href=\"https:\/\/ondaexpansiva.net\/la-lucha-del-pueblo-kurdo-y-la-revolucion-de-rojava\/\">colectivo Rojava Azadi <\/a>de Madrid.<\/p>\n\n\n\n<div class=\"wp-block-image\"><figure class=\"aligncenter\"><img loading=\"lazy\" width=\"1024\" height=\"724\" src=\"https:\/\/diariodevurgos.com\/dvwps\/wp-content\/uploads\/2019\/10\/IMG_5687-1024x724.jpg\" alt=\"\" class=\"wp-image-22324\" srcset=\"https:\/\/diariodevurgos.com\/dvwps\/wp-content\/uploads\/2019\/10\/IMG_5687-1024x724.jpg 1024w, https:\/\/diariodevurgos.com\/dvwps\/wp-content\/uploads\/2019\/10\/IMG_5687-300x212.jpg 300w, https:\/\/diariodevurgos.com\/dvwps\/wp-content\/uploads\/2019\/10\/IMG_5687-768x543.jpg 768w, https:\/\/diariodevurgos.com\/dvwps\/wp-content\/uploads\/2019\/10\/IMG_5687-370x262.jpg 370w, https:\/\/diariodevurgos.com\/dvwps\/wp-content\/uploads\/2019\/10\/IMG_5687.jpg 1600w\" sizes=\"(max-width: 1024px) 100vw, 1024px\" \/><\/figure><\/div>\n","protected":false},"excerpt":{"rendered":"<p>ACTUALIZADO 01\/11\/2019: Sentimos informar que los organizadores del evento nos han comunicado que la ACTIVIDAD HA SIDO CANCELADA. El pr\u00f3ximo s\u00e1bado 2 de noviembre tendr\u00e1 lugar un charla-debate en Burgos sobre la actual situaci\u00f3n de los territorios kurdos del noroeste de Siria. La iniciativa, que ser\u00e1 organizada por el colectivo 5&#215;8 y la editorial Lecturas&#8230;  <a href=\"https:\/\/diariodevurgos.com\/dvwps\/kurdistan-romper-el-aislamiento.php\" class=\"more-link\" title=\"Read Kurdist\u00e1n: romper el aislamiento: ACTIVIDAD CANCELADA\">Read more &raquo;<\/a><\/p>\n","protected":false},"author":2,"featured_media":22324,"comment_status":"open","ping_status":"closed","sticky":false,"template":"","format":"standard","meta":[],"categories":[2,14,24,88],"tags":[],"_links":{"self":[{"href":"https:\/\/diariodevurgos.com\/dvwps\/wp-json\/wp\/v2\/posts\/22319"}],"collection":[{"href":"https:\/\/diariodevurgos.com\/dvwps\/wp-json\/wp\/v2\/posts"}],"about":[{"href":"https:\/\/diariodevurgos.com\/dvwps\/wp-json\/wp\/v2\/types\/post"}],"author":[{"embeddable":true,"href":"https:\/\/diariodevurgos.com\/dvwps\/wp-json\/wp\/v2\/users\/2"}],"replies":[{"embeddable":true,"href":"https:\/\/diariodevurgos.com\/dvwps\/wp-json\/wp\/v2\/comments?post=22319"}],"version-history":[{"count":4,"href":"https:\/\/diariodevurgos.com\/dvwps\/wp-json\/wp\/v2\/posts\/22319\/revisions"}],"predecessor-version":[{"id":22346,"href":"https:\/\/diariodevurgos.com\/dvwps\/wp-json\/wp\/v2\/posts\/22319\/revisions\/22346"}],"wp:featuredmedia":[{"embeddable":true,"href":"https:\/\/diariodevurgos.com\/dvwps\/wp-json\/wp\/v2\/media\/22324"}],"wp:attachment":[{"href":"https:\/\/diariodevurgos.com\/dvwps\/wp-json\/wp\/v2\/media?parent=22319"}],"wp:term":[{"taxonomy":"category","embeddable":true,"href":"https:\/\/diariodevurgos.com\/dvwps\/wp-json\/wp\/v2\/categories?post=22319"},{"taxonomy":"post_tag","embeddable":true,"href":"https:\/\/diariodevurgos.com\/dvwps\/wp-json\/wp\/v2\/tags?post=22319"}],"curies":[{"name":"wp","href":"https:\/\/api.w.org\/{rel}","templated":true}]}}