{"id":22379,"date":"2019-11-08T15:03:05","date_gmt":"2019-11-08T14:03:05","guid":{"rendered":"http:\/\/diariodevurgos.com\/dvwps\/?p=22379"},"modified":"2019-11-08T15:25:35","modified_gmt":"2019-11-08T14:25:35","slug":"no-votes-autoorganizate-y-lucha-2","status":"publish","type":"post","link":"https:\/\/diariodevurgos.com\/dvwps\/no-votes-autoorganizate-y-lucha-2.php","title":{"rendered":"No votes, autoorgan\u00edzate y lucha"},"content":{"rendered":"<p class=\"lead\">No necesitamos representantes para decidir sobre nuestras vidas.<\/p>\n<p>La libertad es decidir entre todas, sin lideres ni jerarqu\u00edas.<\/p>\n<p>\u00bfTe van a desahuciar?, \u00bfno puedes pagar el alquiler?, \u00bfte explotan en el trabajo?, \u00bfestas en el paro?, \u00bfestas harta de no poder ir sola a casa?, \u00bfestas sufriendo los recortes en sanidad?,<\/p>\n<p><!--more--><\/p>\n<p>\u00bfestas viendo como el barrio se degrada con la proliferaci\u00f3n de las salas de apuestas?, &#8230;<\/p>\n<p>\u00bfPor que tenemos que confiar en que unos representantes solucionen nuestros problemas? <strong>\u00bfPor que tenemos que dar una carta blanca para que otras personas decidan por nosotras?<\/strong> Acaso no es m\u00e1s l\u00f3gico decidir entre todas como organizarnos para luchar contra la injusticia social.<\/p>\n<p>Las elecciones son la farsa de hacer pensar a la gente que puede elegir su futuro. Frente al caduco bipartidismo nos ofrecen el multipartidismo, las dos caras de la misma moneda.<br \/>\nNo paran de repetirnos que todo se solucionara votando porque de esta manera estamos quietos y pasivos. <strong>En vez de votar y esperar, podemos ser valientes, juntarnos con nuestros iguales y dar batalla a nuestros problemas.<\/strong><\/p>\n<p><strong>Respondamos colectivamente<\/strong> frente al auge del autoritarismo y la represi\u00f3n, en las diferentes estructuras autoorganizadas que se extienden por los barrios y pueblos:<strong> asambleas de vecinas, ateneos, centros sociales, grupos de vivienda, redes de apoyo mutuo,<\/strong> etc. Espacios horizontales para luchar contra lo que nos oprime y construir un mundo nuevo.<\/p>\n<p>Hace unos meses la biblioteca anarquista \u201cLa Maldita\u201d <a href=\"https:\/\/diariodevurgos.com\/dvwps\/no-votes-autoorganizate-y-lucha.php\">difundi\u00f3 un texto<\/a> reflexionando sobre este tema,\u00a0 que puedes leer a continuaci\u00f3n:<\/p>\n<h2><strong>No votes, autoorgan\u00ed\u00adzate y lucha<\/strong><\/h2>\n<p><em>&#8220;Ejercer el poder corrompe, someterse al poder degrada&#8221;\u009d<\/em><\/p>\n<p><em>La fiesta de la democracia se avecina. \u00bfNo te llega para el alquiler? Vota \u00bfTienes un aviso de desahucio? Vota \u00bfUn\/a conocido\/a ha ca\u00ed\u00addo en el pozo de la droga o las apuestas? Vota \u00bfPara luchar contra la extrema derecha? Vota \u00bfParar el cambio clim\u00e1tico? Vota.<\/em><\/p>\n<p>Las<strong> elecciones son la trampa que organiza el estado<\/strong> para hacer creer a la poblaci\u00f3n que sus opiniones valen algo. Como dijo alguien: &#8220;Si votar sirviese de algo estar\u00ed\u00ada prohibido&#8221;\u009d.<br \/>\nCualquier forma de <strong>estado<\/strong> se basa en que <strong>unos pocos sometan a la mayor\u00ed\u00ada<\/strong>. Unas pocas personas acumulan la gran parte de la propiedad y de los medios de producci\u00f3n sometiendo al resto de la poblaci\u00f3n mediante el trabajo. Es el<strong> capital<\/strong> el que tiene el <strong>verdadero poder<\/strong> y los gobernantes tan solo deciden en los estrechos m\u00e1rgenes que permite el capitalismo.<\/p>\n<p>Si<strong> participas<\/strong> en las <strong>elecciones delegas tus responsabilidades<\/strong> en un tercero y conf\u00ed\u00adas en que esos representantes cumplan sus promesas. Al votar est\u00e1s permitiendo que los pol\u00ed\u00adticos a quienes votaste decidan por ti los pr\u00f3ximos cuatro a\u00f1os. Si votas nulo o en blanco no cuestionas el sistema de representaci\u00f3n, tan solo expresas tu disconformidad con los partidos que se presentan.<\/p>\n<p><strong>Es posible<\/strong> hacer<strong> frente al estado y el capitalismo<\/strong> mediante la autoorganizaci\u00f3n de los de abajo contra los de arriba en sus m\u00faltiples formas. Desde los centros sociales autogestionados, los ateneos, las asambleas vecinales, de vivienda, de mujeres, los sindicatos de barrio, las redes de apoyo mutuo y desde cualquier espacio que nazca de la necesidad de plantar cara a la injusticia social.<br \/>\nLa<strong> autoorganizaci\u00f3n<\/strong> o la organizaci\u00f3n por nosotras mismas es <strong>horizontal<\/strong> porque la toma de decisiones es entre todas, sin l\u00ed\u00adderes ni jerarqu\u00ed\u00adas, como un reflejo de la sociedad sin clases a la que aspiramos.<\/p>\n<p>La delegaci\u00f3n de tus decisiones pol\u00ed\u00adticas en un representante es vertical, perpet\u00faa la jerarqu\u00ed\u00ada y justifica la sociedad de clases. Los <strong>partidos pol\u00ed\u00adticos<\/strong> tienden a<strong> desmovilizar<\/strong> y<strong> domesticar<\/strong> los <strong>movimientos sociales<\/strong>, encauzando e integrando el descontento en los cauces permitidos del sistema.<\/p>\n<p>En el estallido social de <strong>mayo de 2011<\/strong> surgieron m\u00faltiples asambleas y espacios autoorganizados. En <strong>2014<\/strong> surgi\u00f3 el partido <strong>Podemos<\/strong> para <strong>integrar<\/strong> dentro del sistema al descontento social. A la vez, eran duramente reprimidas los movimientos sociales en general. En la elecciones municipales de <strong>2015<\/strong> nacen las candidaturas de unidad popular reforzando la <strong>desmovilizaci\u00f3n<\/strong>; de esta manera mucha gente que hab\u00ed\u00ada bajado a la calle volvi\u00f3 a su casa confiando en los cantos de sirena de los partidos de izquierda.<\/p>\n<p>Una vez m\u00e1s, el estado y el capital, salen reforzados de una crisis. De esta manera surge el <strong>multipartidismo<\/strong> renovador frente al <strong>bipartidismo<\/strong> caduco.<\/p>\n<p>En <strong>2019<\/strong> la izquierda vuelve a llamar al voto frente al auge de la extrema derecha. Pero la historia nos ha ense\u00f1ado que a los fascistas se les para en la calle, codo a codo, desde los movimientos sociales, combati\u00e9ndoles en las calles y arrincon\u00e1ndoles. En 1936 fue el pueblo en armas el que enfrento al ejercito y los Fascistas, mientras que algunos pol\u00ed\u00adticos de izquierdas se negaron a dar armas a la gente. Prefer\u00ed\u00adan el fascismo, que al pueblo en armas y la revoluci\u00f3n social.<\/p>\n<p>Ahora m\u00e1s que nunca, debemos denunciar la farsa electoral, mostrarnos <strong>contrarios a cualquier representante<\/strong>, no creer en los cantos de sirena de la izquierda, hacer un <strong>llamamiento a no votar<\/strong> en ninguna de las elecciones que vienen y <strong>autoorganizarse con tus vecinas para plantar cara al Fascismo, el estado y el capital.<\/strong><\/p>\n<h3><strong>Contra la Farsa electoral!<\/strong><\/h3>\n<h3><strong>Por la abstenci\u00f3n activa!<\/strong><\/h3>\n<h3><strong>Biblioteca anarquista &#8220;La Maldita&#8221;<\/strong><\/h3>\n<h3><strong>C\/ Las escuelas 8, Gamonal.<\/strong><\/h3>\n<img loading=\"lazy\" class=\"aligncenter  wp-image-21646\" src=\"http:\/\/diariodevurgos.com\/dvwps\/wp-content\/uploads\/2019\/04\/novotes1-724x1024.png\" alt=\"\" width=\"550\" height=\"778\" srcset=\"https:\/\/diariodevurgos.com\/dvwps\/wp-content\/uploads\/2019\/04\/novotes1-724x1024.png 724w, https:\/\/diariodevurgos.com\/dvwps\/wp-content\/uploads\/2019\/04\/novotes1-212x300.png 212w, https:\/\/diariodevurgos.com\/dvwps\/wp-content\/uploads\/2019\/04\/novotes1-768x1086.png 768w, https:\/\/diariodevurgos.com\/dvwps\/wp-content\/uploads\/2019\/04\/novotes1-370x523.png 370w, https:\/\/diariodevurgos.com\/dvwps\/wp-content\/uploads\/2019\/04\/novotes1.png 1000w\" sizes=\"(max-width: 550px) 100vw, 550px\" \/>\n<img loading=\"lazy\" class=\"aligncenter  wp-image-21647\" src=\"http:\/\/diariodevurgos.com\/dvwps\/wp-content\/uploads\/2019\/04\/novotes2-724x1024.png\" alt=\"\" width=\"550\" height=\"778\" srcset=\"https:\/\/diariodevurgos.com\/dvwps\/wp-content\/uploads\/2019\/04\/novotes2-724x1024.png 724w, https:\/\/diariodevurgos.com\/dvwps\/wp-content\/uploads\/2019\/04\/novotes2-212x300.png 212w, https:\/\/diariodevurgos.com\/dvwps\/wp-content\/uploads\/2019\/04\/novotes2-768x1086.png 768w, https:\/\/diariodevurgos.com\/dvwps\/wp-content\/uploads\/2019\/04\/novotes2-370x523.png 370w, https:\/\/diariodevurgos.com\/dvwps\/wp-content\/uploads\/2019\/04\/novotes2.png 1000w\" sizes=\"(max-width: 550px) 100vw, 550px\" \/>\n","protected":false},"excerpt":{"rendered":"<p>No necesitamos representantes para decidir sobre nuestras vidas. La libertad es decidir entre todas, sin lideres ni jerarqu\u00edas. \u00bfTe van a desahuciar?, \u00bfno puedes pagar el alquiler?, \u00bfte explotan en el trabajo?, \u00bfestas en el paro?, \u00bfestas harta de no poder ir sola a casa?, \u00bfestas sufriendo los recortes en sanidad?,<\/p>\n","protected":false},"author":23,"featured_media":21654,"comment_status":"open","ping_status":"closed","sticky":false,"template":"","format":"standard","meta":[],"categories":[112,2,98],"tags":[],"_links":{"self":[{"href":"https:\/\/diariodevurgos.com\/dvwps\/wp-json\/wp\/v2\/posts\/22379"}],"collection":[{"href":"https:\/\/diariodevurgos.com\/dvwps\/wp-json\/wp\/v2\/posts"}],"about":[{"href":"https:\/\/diariodevurgos.com\/dvwps\/wp-json\/wp\/v2\/types\/post"}],"author":[{"embeddable":true,"href":"https:\/\/diariodevurgos.com\/dvwps\/wp-json\/wp\/v2\/users\/23"}],"replies":[{"embeddable":true,"href":"https:\/\/diariodevurgos.com\/dvwps\/wp-json\/wp\/v2\/comments?post=22379"}],"version-history":[{"count":6,"href":"https:\/\/diariodevurgos.com\/dvwps\/wp-json\/wp\/v2\/posts\/22379\/revisions"}],"predecessor-version":[{"id":22385,"href":"https:\/\/diariodevurgos.com\/dvwps\/wp-json\/wp\/v2\/posts\/22379\/revisions\/22385"}],"wp:featuredmedia":[{"embeddable":true,"href":"https:\/\/diariodevurgos.com\/dvwps\/wp-json\/wp\/v2\/media\/21654"}],"wp:attachment":[{"href":"https:\/\/diariodevurgos.com\/dvwps\/wp-json\/wp\/v2\/media?parent=22379"}],"wp:term":[{"taxonomy":"category","embeddable":true,"href":"https:\/\/diariodevurgos.com\/dvwps\/wp-json\/wp\/v2\/categories?post=22379"},{"taxonomy":"post_tag","embeddable":true,"href":"https:\/\/diariodevurgos.com\/dvwps\/wp-json\/wp\/v2\/tags?post=22379"}],"curies":[{"name":"wp","href":"https:\/\/api.w.org\/{rel}","templated":true}]}}