{"id":22430,"date":"2019-11-20T08:56:06","date_gmt":"2019-11-20T07:56:06","guid":{"rendered":"http:\/\/diariodevurgos.com\/dvwps\/?p=22430"},"modified":"2019-11-20T08:56:09","modified_gmt":"2019-11-20T07:56:09","slug":"contra-el-bulevar-de-gamonal-y-a-favor-del-urbanismo-colectivo","status":"publish","type":"post","link":"https:\/\/diariodevurgos.com\/dvwps\/contra-el-bulevar-de-gamonal-y-a-favor-del-urbanismo-colectivo.php","title":{"rendered":"Contra el bulevar de Gamonal, y a favor del urbanismo colectivo"},"content":{"rendered":"<p class=\"lead\">Quiz\u00e1s no seamos del todo conscientes de que, gracias a las ocupaciones de la Plaza Mayor durante 2011 y de la \u201cZona Cero\u201d y el CSR durante 2014, trajimos el urbanismo y la arquitectura del futuro hasta el presente. Lo que pretendemos en este art\u00edculo es precisamente exponer que la perspectiva esperanzadora o ut\u00f3pica del <a href=\"https:\/\/diariodevurgos.com\/dvwps\/esperanza-y-lucha-contra-el-bulevar-de-gamonal.php\">anterior texto<\/a> es factible. Un nuevo art\u00edculo de <a href=\"https:\/\/ondaexpansiva.net\/el-deseo-y-la-ciudad-la-revuelta-de-gamonalentrevista-con-victor-atobas\/\">V\u00edctor Atobas<\/a> sobre el bulevar y la especulaci\u00f3n en Gamonal.<!--more--><\/p>\n<p>El urbanismo colectivo, planificado por todos sin mediaci\u00f3n de representantes, resulta de inter\u00e9s en tanto que proporciona un marco esperanzador en el que conseguimos huir de la idea de que no podemos decidir c\u00f3mo ser\u00e1 en el futuro nuestra relaci\u00f3n con el barrio, la ciudad y el medio ambiente.<\/p>\n<p>El reto que la historia nos vuelve a plantear podr\u00eda entenderse, en un sentido concreto, como la necesidad de enterrar de una vez por todas el proyecto especulativo del bulevar. Por otra parte, en un sentido m\u00e1s general, el objetivo podr\u00eda concebirse como que el urbanismo y la arquitectura dejaran de estar supeditadas a los flujos del capital \u2013 en numerosas ocasiones provenientes de fondos buitre, pero tambi\u00e9n de diversas industrias\u2013, as\u00ed como de las necesidades de las empresas; resumiendo, que ambas disciplinas dejaran de entregarse a las \u00e9lites econ\u00f3micas y sus representantes pol\u00edticos, para de esta manera acabar con el urbanismo capitalista que destruye el medio ambiente y que especialmente funciona para reproducir las desigualdades sociales en espacios pensados desde la l\u00f3gica del control y el consumismo. Pero, como hemos dicho a prop\u00f3sito de las movilizaciones sociales, el urbanismo y la arquitectura colectiva se deciden en las calles, desde abajo, por as\u00ed decir. Una perspectiva esperanzadora podr\u00eda concebir que el reto que se nos plantea, parar el bulevar, contiene en s\u00ed una potencialidad mucho m\u00e1s grande; reinventar el barrio bajando los planes de ordenaci\u00f3n urban\u00edsticas a las calles, para as\u00ed empezar a planificar desde cero como ser\u00e1n Gamonal y Burgos en el futuro. Eso supondr\u00eda la destrucci\u00f3n del urbanismo capitalista, pues seguramente los vecinos planificar\u00edamos a partir de nuestras necesidades cotidianas y no de las del mercado. \u00bfQueremos que en 2050 Gamonal sea una suerte de segundo centro de la ciudad, donde los vecinos hayan sido expulsados por la especulaci\u00f3n, tal y como ocurri\u00f3 en algunas zonas del centro hist\u00f3rico? \u00bfVamos a permitir que los mayordomos de las \u00e9lites sigan decidiendo por nosotros, en un espacio que nos afecta en el d\u00eda a d\u00eda?<\/p>\n<p style=\"text-align: center;\"><img loading=\"lazy\" class=\"aligncenter wp-image-22436 \" src=\"http:\/\/diariodevurgos.com\/dvwps\/wp-content\/uploads\/2019\/11\/Protestas-Gamonal-1jpg.jpg\" alt=\"\" width=\"473\" height=\"308\" srcset=\"https:\/\/diariodevurgos.com\/dvwps\/wp-content\/uploads\/2019\/11\/Protestas-Gamonal-1jpg.jpg 1000w, https:\/\/diariodevurgos.com\/dvwps\/wp-content\/uploads\/2019\/11\/Protestas-Gamonal-1jpg-300x196.jpg 300w, https:\/\/diariodevurgos.com\/dvwps\/wp-content\/uploads\/2019\/11\/Protestas-Gamonal-1jpg-768x501.jpg 768w, https:\/\/diariodevurgos.com\/dvwps\/wp-content\/uploads\/2019\/11\/Protestas-Gamonal-1jpg-370x241.jpg 370w\" sizes=\"(max-width: 473px) 100vw, 473px\" \/><\/p>\n<p style=\"text-align: center;\">Asamblea de vecinos en Gamonal\/ <a href=\"http:\/\/www.elcorreodeburgos.com\/\">Elcorreodeburgos.com<\/a><\/p>\n<p>Lo que est\u00e1 en juego en la propuesta del urbanismo colectivo consiste en que, planificando el futuro del barrio y de la ciudad, transformamos nuestras vidas. Es decir, la modificaci\u00f3n de nuestras relaciones con el espacio, desde esta perspectiva, supone la creaci\u00f3n de un nuevo orden psicol\u00f3gico; lo que podemos recordar indicando la manera en que nos relacion\u00e1bamos en los espacios ocupados en las protestas de 2011 y 2014. La competitividad, la envidia y las peque\u00f1as miserias, hab\u00edan quedado atr\u00e1s; entonces sentimos, m\u00e1s intensamente que nunca, que form\u00e1bamos parte de un colectivo que part\u00eda de lo com\u00fan reconociendo tambi\u00e9n las diferencias. Sin embargo, con el paso del tiempo, la esperanza y la lucha se fueron debilitando poco a poco. Aunque algunos de esos espacios siguieron resistiendo.<\/p>\n<p>Ahora parece que las \u00e9lites piensan que es un buen momento para especular e imponer sus planes. Hace escasos d\u00edas el Diario de Burgos suger\u00eda que el alcalde Daniel de la Rosa (PSOE) y su equipo se encontrar\u00edan sopesando la posibilidad de convocar una suerte de consulta sobre el bulevar. En este sentido, podr\u00edamos deducir que tratar\u00edan de manipularnos mediante el control del marco de decisi\u00f3n en primer t\u00e9rmino. En la hipot\u00e9tica consulta podr\u00edamos elegir el proyecto A, B, o C, pero no podr\u00edamos votar porque no se construyera el bulevar, o, lo que es incluso m\u00e1s importante, y a esto voy, no podr\u00edamos proponer una infraestructura que fuera realmente necesaria porque no nos los permitir\u00edan \u2013 es en este punto que la introducci\u00f3n de la perspectiva esperanzadora pero factible del urbanismo y la arquitecturas colectivas realiza su aportaci\u00f3n; no s\u00f3lo podemos decidir sobre si una intervenci\u00f3n en concreto se realiza o no, sino decidir y planificar nuestra relaci\u00f3n con todos los espacios\u2013. En segundo t\u00e9rmino, yendo a la cr\u00edtica m\u00e1s concreta, se me ocurre que la manipulaci\u00f3n del ayuntamiento y del Diario de Burgos, aparte de mentir asegurando que los comerciantes de esa zona de la calle Vitoria tienen miedo de hablar, quiz\u00e1s consistiera en limitar la recepci\u00f3n de la consulta de modo que muy pocos vecinos acabar\u00e1n votando. Por tanto, si esto ocurriera, nosotros podr\u00edamos responder masivamente, con la raz\u00f3n y el peso de los argumentos, que esa consulta ser\u00eda sin duda ileg\u00edtima y que no nos permitir\u00eda decidir realmente nuestra relaci\u00f3n con el espacio. Recurrir\u00edamos a la movilizaci\u00f3n \u2013 recordemos que el movimiento de Gamonal es un referente en toda Espa\u00f1a en este sentido\u2013, negando la manipulaci\u00f3n y el control, mezclando los dos polos del asunto; el negativo (la cr\u00edtica), y el positivo de la esperanza. Todo lo que llevamos diciendo hasta ahora ya lo hicimos en 2014, de manera que no se saldr\u00e1n con la suya a la hora de intentar convencernos de que no hay alternativa.<\/p>\n<p style=\"text-align: center;\"><img loading=\"lazy\" class=\"aligncenter wp-image-22437 \" src=\"http:\/\/diariodevurgos.com\/dvwps\/wp-content\/uploads\/2019\/11\/Protestas-Gamonal-2.jpg\" alt=\"\" width=\"504\" height=\"282\" srcset=\"https:\/\/diariodevurgos.com\/dvwps\/wp-content\/uploads\/2019\/11\/Protestas-Gamonal-2.jpg 600w, https:\/\/diariodevurgos.com\/dvwps\/wp-content\/uploads\/2019\/11\/Protestas-Gamonal-2-300x168.jpg 300w, https:\/\/diariodevurgos.com\/dvwps\/wp-content\/uploads\/2019\/11\/Protestas-Gamonal-2-370x207.jpg 370w\" sizes=\"(max-width: 504px) 100vw, 504px\" \/><\/p>\n<p style=\"text-align: center;\">Manifestaci\u00f3n en Gamonal\/ <a href=\"https:\/\/www.elperiodico.com\/es\/sociedad\/20140115\/cientos-de-vecinos-vuelven-a-ocupar-el-bulevar-del-gamonal-tras-la-suspension-de-las-obras-3011911\">elperiodico.com<\/a><\/p>\n<p>La punto de ruptura se encuentra en la idea de que es posible, adem\u00e1s de parar el bulevar y la especulaci\u00f3n en el barrio, que lleg\u00e1ramos a aplicar el urbanismo colectivo a mayor escala, a una escala tal que no hubiera un s\u00f3lo espacio sobre el que no pudi\u00e9ramos decidir. \u00bfPero en qu\u00e9 consiste realmente ese nuevo urbanismo? En primer lugar debe tenerse en cuenta que s\u00f3lo nosotros \u2013 los vecinos\u2013 podemos decidirlo, pero creo que hay algunos aspectos que cabe mencionar. Los principios generales consisten en que el urbanismo colectivo trata de acabar con las desigualdades sociales en la ciudad partiendo de las necesidades cotidianas de los vecinos, sin supeditarse a los flujos de capital ni a las necesidades de las empresas o los comercios, y que por tanto supone una forma diferente de relacionarnos con el espacio.<\/p>\n<p>El urbanismo colectivo se suele basar en la construcci\u00f3n de espacios, pero especialmente en su modificaci\u00f3n; es decir, no recurre tanto al ladrillo como a la manipulaci\u00f3n de la infraestructura para descubrir mezclas y nuevos usos, lograr diversificaciones y redistribuciones. En este sentido podr\u00edamos mencionar el ejemplo del CSR, que emergi\u00f3 manipulando la infraestructura de un espacio abandonado de manera que pudiera acoger actividades tan diversas como comidas colectivas, debates pol\u00edticos, danzas castellanas, preparaci\u00f3n de publicaciones y cursos te\u00f3ricos, reuniones de grupos de alimentaci\u00f3n o proyecciones de documentales; lo m\u00e1s rese\u00f1able es que el espacio est\u00e1 abierto a que cualquier vecino pueda proponer nuevos usos. Se puede ver, escuchar, palpar, comer, aprender y debatir en colectivo, en una suerte de acercamiento al otro, que acaba dejando de ser un desconocido; se trata del nuevo orden psicol\u00f3gico del que habl\u00e1bamos anteriormente, el mismo que experimentamos en la \u201cZona Cero\u201d de 2014 cuando se ocupaban casetas, se erig\u00edan improvisados campamentos y cualquier pod\u00eda proponer utilizar el espacio para nuevos usos \u2013 de hecho, estimado vecino, recordar\u00e1 a las alumnas de instituto que fueron a apoyar la protesta y se pusieron a jugar, las ancianas que nos acercaban sopas calientes, los j\u00f3venes tratando de armar los altavoces\u2013.<br \/>\nOtra caracter\u00edstica general y provisional del urbanismo colectivo consiste en que este no se encuentra basado en el control \u2013 por tanto desaparecen las c\u00e1maras, al igual que se erradica el orden simb\u00f3lico producido para las \u00e9lites\u2013 y por tanto acepta el hecho de que pudiera brotar un episodio de violencia espor\u00e1dica, es decir, es un concepci\u00f3n que no nos convierte en cosas a controlar. No pretende llegar a una configuraci\u00f3n estable del espacio creado o modificado, no tiene l\u00edmites o fronteras; no se pide que se pague por entrar y tampoco se incita a consumir, no es condicional sino que todos los vecinos se encuentran aceptados previamente como iguales.<br \/>\nPor tanto, la \u201cZona Cero\u201d y el CSR suponen dos ejemplos de las aplicaciones efectivas del urbanismo y la arquitectura colectivas, que ahora ponemos en valor reivindicando que no s\u00f3lo tenemos el poder para parar el bulevar de la especulaci\u00f3n mediante la lucha, sino, tambi\u00e9n, de planificar c\u00f3mo ser\u00e1n Gamonal y Burgos en 2050. Por un nuevo comienzo de nuestra relaci\u00f3n con el barrio y la ciudad, luchemos y no dejemos de albergar esperanzas.<\/p>\n<p><strong>V\u00edctor Atobas<\/strong><\/p>\n<p>* V\u00edctor Atobas es escritor. Entre otros libros, es autor de <em>Autoridad y culpa<\/em> (Piedra Papel Libros, 2017), y <em>El deseo y la ciudad. La revuelta de Gamonal<\/em> (Zoozobra, 2018).<\/p>\n","protected":false},"excerpt":{"rendered":"<p>Quiz\u00e1s no seamos del todo conscientes de que, gracias a las ocupaciones de la Plaza Mayor durante 2011 y de la \u201cZona Cero\u201d y el CSR durante 2014, trajimos el urbanismo y la arquitectura del futuro hasta el presente. Lo que pretendemos en este art\u00edculo es precisamente exponer que la perspectiva esperanzadora o ut\u00f3pica del&#8230;  <a href=\"https:\/\/diariodevurgos.com\/dvwps\/contra-el-bulevar-de-gamonal-y-a-favor-del-urbanismo-colectivo.php\" class=\"more-link\" title=\"Read Contra el bulevar de Gamonal, y a favor del urbanismo colectivo\">Read more &raquo;<\/a><\/p>\n","protected":false},"author":2,"featured_media":22436,"comment_status":"open","ping_status":"closed","sticky":false,"template":"","format":"standard","meta":[],"categories":[74,2,27,49,7],"tags":[],"_links":{"self":[{"href":"https:\/\/diariodevurgos.com\/dvwps\/wp-json\/wp\/v2\/posts\/22430"}],"collection":[{"href":"https:\/\/diariodevurgos.com\/dvwps\/wp-json\/wp\/v2\/posts"}],"about":[{"href":"https:\/\/diariodevurgos.com\/dvwps\/wp-json\/wp\/v2\/types\/post"}],"author":[{"embeddable":true,"href":"https:\/\/diariodevurgos.com\/dvwps\/wp-json\/wp\/v2\/users\/2"}],"replies":[{"embeddable":true,"href":"https:\/\/diariodevurgos.com\/dvwps\/wp-json\/wp\/v2\/comments?post=22430"}],"version-history":[{"count":3,"href":"https:\/\/diariodevurgos.com\/dvwps\/wp-json\/wp\/v2\/posts\/22430\/revisions"}],"predecessor-version":[{"id":22439,"href":"https:\/\/diariodevurgos.com\/dvwps\/wp-json\/wp\/v2\/posts\/22430\/revisions\/22439"}],"wp:featuredmedia":[{"embeddable":true,"href":"https:\/\/diariodevurgos.com\/dvwps\/wp-json\/wp\/v2\/media\/22436"}],"wp:attachment":[{"href":"https:\/\/diariodevurgos.com\/dvwps\/wp-json\/wp\/v2\/media?parent=22430"}],"wp:term":[{"taxonomy":"category","embeddable":true,"href":"https:\/\/diariodevurgos.com\/dvwps\/wp-json\/wp\/v2\/categories?post=22430"},{"taxonomy":"post_tag","embeddable":true,"href":"https:\/\/diariodevurgos.com\/dvwps\/wp-json\/wp\/v2\/tags?post=22430"}],"curies":[{"name":"wp","href":"https:\/\/api.w.org\/{rel}","templated":true}]}}