{"id":22462,"date":"2019-12-04T13:00:03","date_gmt":"2019-12-04T12:00:03","guid":{"rendered":"http:\/\/diariodevurgos.com\/dvwps\/?p=22462"},"modified":"2019-12-04T13:00:04","modified_gmt":"2019-12-04T12:00:04","slug":"iii-marcha-nocturna-feminista-tejiendo-redes-contra-las-violencias","status":"publish","type":"post","link":"https:\/\/diariodevurgos.com\/dvwps\/iii-marcha-nocturna-feminista-tejiendo-redes-contra-las-violencias.php","title":{"rendered":"III Marcha Nocturna Feminista: Tejiendo redes contra las violencias"},"content":{"rendered":"\n<p class=\"lead\">El pasado s\u00e1bado 23 de noviembre tuvo lugar la III Marcha Nocturna; en esta ocasi\u00f3n la marcha trascurri\u00f3 por las calles de Gamonal. Previamente se realiz\u00f3 un mural feminista en el CSR. A continuaci\u00f3n, adjuntamos los textos que el grupo organizador elabor\u00f3 para cada parada realizada.<\/p>\n\n\n\n<!--more-->\n\n\n\n<p>La jornada comenz\u00f3 temprano; a las 16h. un grupo de mozas se enfundaron los guantes, brochas y pinceles para llenar de belleza y rebeld\u00eda uno de los muros del Centro Social Recuperado -CSR-. <\/p>\n\n\n\n<div class=\"wp-block-image\"><figure class=\"aligncenter is-resized\"><img loading=\"lazy\" src=\"https:\/\/diariodevurgos.com\/dvwps\/wp-content\/uploads\/2019\/11\/Foto-de-jimenaibanez141-1024x683.jpg\" alt=\"\" class=\"wp-image-22465\" width=\"381\" height=\"253\" srcset=\"https:\/\/diariodevurgos.com\/dvwps\/wp-content\/uploads\/2019\/11\/Foto-de-jimenaibanez141-1024x683.jpg 1024w, https:\/\/diariodevurgos.com\/dvwps\/wp-content\/uploads\/2019\/11\/Foto-de-jimenaibanez141-300x200.jpg 300w, https:\/\/diariodevurgos.com\/dvwps\/wp-content\/uploads\/2019\/11\/Foto-de-jimenaibanez141-768x512.jpg 768w, https:\/\/diariodevurgos.com\/dvwps\/wp-content\/uploads\/2019\/11\/Foto-de-jimenaibanez141-370x247.jpg 370w, https:\/\/diariodevurgos.com\/dvwps\/wp-content\/uploads\/2019\/11\/Foto-de-jimenaibanez141.jpg 2048w\" sizes=\"(max-width: 381px) 100vw, 381px\" \/><\/figure><\/div>\n\n\n\n<p>Tras una cena de apoyo en el mismo local, la Marcha comenz\u00f3 a las 22h. desafiando al fr\u00edo de esa noche invernal.<\/p>\n\n\n\n<div class=\"wp-block-image\"><figure class=\"aligncenter is-resized\"><img loading=\"lazy\" src=\"https:\/\/diariodevurgos.com\/dvwps\/wp-content\/uploads\/2019\/12\/gigantilla-724x1024.jpg\" alt=\"\" class=\"wp-image-22496\" width=\"358\" height=\"506\" srcset=\"https:\/\/diariodevurgos.com\/dvwps\/wp-content\/uploads\/2019\/12\/gigantilla-724x1024.jpg 724w, https:\/\/diariodevurgos.com\/dvwps\/wp-content\/uploads\/2019\/12\/gigantilla-212x300.jpg 212w, https:\/\/diariodevurgos.com\/dvwps\/wp-content\/uploads\/2019\/12\/gigantilla-768x1086.jpg 768w, https:\/\/diariodevurgos.com\/dvwps\/wp-content\/uploads\/2019\/12\/gigantilla-370x523.jpg 370w, https:\/\/diariodevurgos.com\/dvwps\/wp-content\/uploads\/2019\/12\/gigantilla.jpg 1240w\" sizes=\"(max-width: 358px) 100vw, 358px\" \/><figcaption>La Gigantilla feminista volvi\u00f3 a estar presente en la Marcha Nocturna<br><\/figcaption><\/figure><\/div>\n\n\n\n<p>En la plaza de La Antigua empez\u00f3 el acto con el siguiente texto:<\/p>\n\n\n\n<p style=\"text-align:center\"><em><strong>El sistema en el que vivimos: capitalista, patriarcal y racista es violento.<br> Lo es con todas las personas a las que explota para mantenerse, personas a las que roba su trabajo (remunerado o no). Y desde sus or\u00edgenes, y han pasado siglos, orienta su violencia m\u00e1s cruda contra las mujeres y personas de razas no blancas.<br> Somos las hijas, nietas y biznietas de las de abajo, aquellas a quienes desposeyeron, sacaron de sus pueblos y arrastraron a incipientes barrios como Gamonal del R\u00edo Pico. Mujeres a quienes las sucesivas versiones del capitalismo encerraron en bloques de pisos alej\u00e1ndolas de sus comunidades naturales, sus pueblos, y haciendo que renegaran de la vida en ellos.<br> En los primeros a\u00f1os de la historia de este barrio ellas consiguieron mantener sus relaciones, su uni\u00f3n y un rico tejido social. Pero la imparable mercantilizaci\u00f3n de todos los aspectos de la vida las fue aislando. Sus reuniones en la barriada, sus locales o casas no mov\u00edan dinero y eran peligrosas para el sistema. As\u00ed que acabaron encerradas en casa, en el gran hermano, las tiendas, bares, gimnasios o casas de apuestas.<br> El capitalismo estableci\u00f3 una clara separaci\u00f3n entre hombres y mujeres y la jerarquiz\u00f3. Someti\u00f3 los cuidados y la vida, que bajo su yugo qued\u00f3 reducida a la mera reproducci\u00f3n de obreras y consumidoras. A esta esfera confin\u00f3 a las mujeres, de quienes solo volvi\u00f3 a acordarse cuando necesit\u00f3 nuevos nichos que hacer rentables. Las sac\u00f3 entonces a la esfera de la remuneraci\u00f3n sin abandonar la reproductiva o dej\u00e1ndola en manos de otras mujeres. Mercantiliz\u00f3 la reproducci\u00f3n de individuos que explotar y termin\u00f3 de robarnos los cuidados. <br> Nosotras no somos aliadas de ese sistema. No queremos un feminismo que sujete la violencia  machista abriendo puertas a mujeres a que se pongan el uniforme y nos peguen con sus porras, o a que intenten criminalizarnos en los p\u00falpitos del fascismo. <br> Nuestra marcha este a\u00f1o discurre por el barrio de Gamonal porque es de clase. Queremos tejer redes contra el capitalismo patriarcal y toda su violencia, que empieza por aislarnos a nosotras y a vosotros, juega con nuestras vidas con el \u00fanico inter\u00e9s de generar valor, y que a nosotras en su versi\u00f3n m\u00e1s cruel nos mata.<br> Queremos cuidarnos, cuidar y que nos cuiden; sabemos que ah\u00ed est\u00e1 la vida, la vida que machaca el patriarcado que en el barrio nos oprime a todxs.<\/strong><\/em><\/p>\n\n\n\n<p>Desde la Antigua, el grupo de las mujeres se dirigi\u00f3 hacia la Barriada Inmaculada para rendir un homenaje a Silvia y a todas las mujeres asesinadas por la violencia machista.<\/p>\n\n\n\n<p style=\"text-align:center\"><br>  <em><strong>Tanto se ha dicho ya sobre la VIOLENCIA MACHISTA que nos quedamos sin palabras.<br>  Cada a\u00f1o esta violencia arranca la vida de centenares de mujeres, a miles desde hace una d\u00e9cada. Mujeres de todas partes, de todas las clases sociales, de distintas edades, religiones, profesiones\u2026el \u00fanico factor que se repite siempre es que son mujeres.<br>  Estamos paradas donde hace un a\u00f1o asesinaron a Silvia, una vecina de Burgos. Hoy a ella y las 52  asesinadas de este a\u00f1o, las queremos hacer un sentido homenaje; porque aunque no seamos v\u00edctimas directas, estos asesinatos nos duelen y nos une el deseo de dar una respuesta colectiva a este dolor. <br>  Por todas ellas, seguiremos en pie de lucha combatiendo el machismo que nos asesina.  <\/strong><\/em><\/p>\n\n\n\n<div class=\"wp-block-image\"><figure class=\"aligncenter is-resized\"><img loading=\"lazy\" src=\"https:\/\/diariodevurgos.com\/dvwps\/wp-content\/uploads\/2019\/11\/Foto-de-jimenaibanez142-575x1024.jpg\" alt=\"\" class=\"wp-image-22464\" width=\"187\" height=\"333\" srcset=\"https:\/\/diariodevurgos.com\/dvwps\/wp-content\/uploads\/2019\/11\/Foto-de-jimenaibanez142-575x1024.jpg 575w, https:\/\/diariodevurgos.com\/dvwps\/wp-content\/uploads\/2019\/11\/Foto-de-jimenaibanez142-168x300.jpg 168w, https:\/\/diariodevurgos.com\/dvwps\/wp-content\/uploads\/2019\/11\/Foto-de-jimenaibanez142-768x1369.jpg 768w, https:\/\/diariodevurgos.com\/dvwps\/wp-content\/uploads\/2019\/11\/Foto-de-jimenaibanez142-370x659.jpg 370w, https:\/\/diariodevurgos.com\/dvwps\/wp-content\/uploads\/2019\/11\/Foto-de-jimenaibanez142.jpg 1149w\" sizes=\"(max-width: 187px) 100vw, 187px\" \/><\/figure><\/div>\n\n\n\n<p>Mientras se colocaba el ramo de flore se leyeron los nombre de las mujeres asesinadas durante este a\u00f1o. Seguidamente, entre jotas y c\u00e1nticos feministas la comitiva fue bajando por la calle Vitoria, llamando la atenci\u00f3n de quienes ve\u00edan esta singular manifestaci\u00f3n. La tercera parada se realiz\u00f3 en la famosa Zona Cero, donde se realiz\u00f3 la lectura del siguiente texto:<\/p>\n\n\n\n<p style=\"text-align:center\"><em><strong>Las calles no son as\u00e9pticas, no son neutras. No son cuatro ladrillos, tres adoquines y unos edificios colocados aleatoriamente. La calle es pol\u00edtica, la calle es escenario de una guerra.<br>De una guerra contra nuestros cuerpos, eso lo sabemos bien, porque caminamos con miedo por callejones oscuros a no llevar vivas a nuestros hogares. De una guerra contra nuestras vidas, cuando nos desahucian de nuestras casas para poner en el centro los intereses de los especuladores. De una guerra entre los intereses del com\u00fan y los del capital, como bien plasman los Cuarteles de artiller\u00eda,arrebatados por el franquismo al comunal y que ahora quieren ser pasto de la mafia de el ladrillo.<br>Es una guerra. Y, en esta guerra nosotras, las proletarias, es decir, las que no tenemos nada, las que hemos sido desposeidas, somos las que estamos perdiendo.<br>Pero a veces, en peque\u00f1as grietas, devolvemos los golpes. Devolvemos los adoquines con los que<\/strong><\/em><strong><em> asfaltaron las tierras cumunales a la polic\u00eda que defiende los intereses de los especuladores.<br> Devolvemos la rabia de los desahucios en forma de organizaciones vecinales que ocupan casas para que nadie duerma en la calle habiendo cientos de viviendas vacias.<br> A veces, las j\u00f3venes nos tapamos la cara y salimos con pancartas enormes que dicen \u201cLa calle es nuestra\u201d. \u00bfEs curioso no? El lema de esta noche es el mismo con el que salimos hace cinco a\u00f1os en la revuelta de Gamonal, esa batalla la ganamos, esta seguro que tambi\u00e9n lo haremos, aunque cuesta un poco m\u00e1s.<\/em><\/strong><br><strong><em> La lucha cuesta. La lucha no es un camino de rosas. Al menos no lo es si tratamos de hacer de ella<br> algo honesto, algo que no busque peque\u00f1as reformas y migajas con las que contentar a quienes ya tienen sus vidas resueltas. La lucha, cuando cuestiona la estructura capitalista patriarcal, supone represi\u00f3n. Y de ello sabemos las vecinas de este barrio, sabemos de lo que es tener decenas de detenidos, piernas escayoladas y ojos morados. Por eso cuando vemos a los medios hablar de terrorismo en Catalunya o Altsasu lo \u00fanico que sentimos es amor hacia quienes se atreven a organizarse con las suyas por su pueblo, y una rabia inmensa hacia esta Espa\u00f1a carcel de pueblos y torturadora de coraz\u00f3n.<\/em><\/strong><br><strong><em> S\u00ed. Torturadora. Lo decimos alto. En las c\u00e1rceles se tortura, en los cuarteles de la Guardia Civil se viola, en las fronteras se asesina.<br> Y s\u00ed, ser\u00e1 duro, como lo fue siempre, y parece que la desesperanza asoma a pasos agigantados.<br> Y sin embargo, a miles de kil\u00f3metros, mujeres kurdas que est\u00e1n siendo bombardeadas diariamente,<br> a las que se la arrebatado todo, absolutamente todo, gritan, aun con la poca voz que las queda que<br> \u201cLa resistencia es vida\u201d. Nosotras hemos decidido escuchar ese grito. Hemos decidido apostar por una sociedad radicalmente<br> diferente, porque sabemos que en Castilla o Kurdistan el enemigo es el mismo: un capitalismo asesino y patriarcal. Hemos decidido que no vamos a dar un paso atr\u00e1s, porque sabemos que nos<br> estamos jugando lo mas importante: un mundo d\u00f3nde podamos vivir unas vidas libres de violencia,<\/em><\/strong> <strong><em>un mundo nuevo.<br> El mundo esta cambiando, se abren las puertas hacia la posibilidad de transformaciones, depende de<br> nosotras decidir hacia que lado ser\u00e1n estas. Hay que asumir compromisos, hay que esforzarse, hay que atreverse a volver a creer en la revoluci\u00f3n. Por eso nosotras hoy gritamos junto a las mujeres kurdas \u00a1la resistencia es vida! \u00a1Las calles son nuestras!<\/em><\/strong><\/p>\n\n\n\n<div class=\"wp-block-image\"><figure class=\"aligncenter is-resized\"><img loading=\"lazy\" src=\"https:\/\/diariodevurgos.com\/dvwps\/wp-content\/uploads\/2019\/12\/marcha2-1024x724.jpg\" alt=\"\" class=\"wp-image-22497\" width=\"482\" height=\"341\" srcset=\"https:\/\/diariodevurgos.com\/dvwps\/wp-content\/uploads\/2019\/12\/marcha2-1024x724.jpg 1024w, https:\/\/diariodevurgos.com\/dvwps\/wp-content\/uploads\/2019\/12\/marcha2-300x212.jpg 300w, https:\/\/diariodevurgos.com\/dvwps\/wp-content\/uploads\/2019\/12\/marcha2-768x543.jpg 768w, https:\/\/diariodevurgos.com\/dvwps\/wp-content\/uploads\/2019\/12\/marcha2-370x262.jpg 370w, https:\/\/diariodevurgos.com\/dvwps\/wp-content\/uploads\/2019\/12\/marcha2.jpg 1754w\" sizes=\"(max-width: 482px) 100vw, 482px\" \/><\/figure><\/div>\n\n\n\n<p style=\"text-align:left\">El recorrido sigui\u00f3 por las calles de Gamonal, tomando la C\/ Santiago hacia el centro de Salud Garc\u00eda Lorca para mostrar las luchas que se est\u00e1n produciendo por la sanidad:<\/p>\n\n\n\n<p style=\"text-align:center\"><br><strong><em> En esta marcha feminista, hemos visibilizado un gran n\u00famero de violencias patriarcales que se traducen en malestares visibles pero tambi\u00e9n invisibles para nuestros cuerpos de mujeres. Unos cuerpos que cada d\u00eda soportan m\u00e1s precariedad y sobre los que se reproducen el sistema de explotaci\u00f3n y maltrato actual. <br> Cuerpos que se matan trabajando, o que se desesperan por no hacerlo; que cuidan a mayores y peque\u00f1os pero no reciben los mismos cuidados; cuerpos  que enferman de frustraci\u00f3n, de miedo, de tristeza y que se refugian en la trampa del consumo o en la soledad de sus casas. <\/em><\/strong><\/p>\n\n\n\n<p style=\"text-align:center\"><strong><em>Ante el expolio constante sobre nuestras vidas, la clase trabajadora subsiste con contratos precarios, con reformas laborales que solo benefician al empresario, con recortes salariales que nos hacen trabajar m\u00e1s para ser cada d\u00eda m\u00e1s pobres; una pobreza que va acompa\u00f1ada de los ataques  constantes que se est\u00e1n haciendo a la sanidad.<br> Nos enfrentamos a un panorama desalentador donde las pol\u00edticas sanitarias se orientan peligrosamente hacia la privatizaci\u00f3n m\u00e1s salvaje y al desmantelamiento de lo ya existente. La salud, se est\u00e1 convirtiendo cada vez m\u00e1s, en un art\u00edculo de lujo que s\u00f3lo podr\u00e1n pagar los que m\u00e1s tienen que son quienes est\u00e1n orquestando este plan  de agresi\u00f3n contra las clases trabajadoras y las m\u00e1s vulnerables.<\/em><\/strong><\/p>\n\n\n\n<p style=\"text-align:center\"><strong><em>Pero frente a estos ataques, no bajamos la cabeza. <br> Caminamos juntas, conscientes y enfadadas porque queremos cambiar las cosas; y lo hacemos organiz\u00e1ndonos para compartir nuestras necesidades. Prueba de ello, lo tenemos en los dos conflictos sanitarios que se est\u00e1n produciendo en el barrio de Gamonal, donde la respuesta vecinal se est\u00e1 haciendo visible cada semana; por un lado, los mi\u00e9rcoles por la tarde las vecinas se manifiestan por el nuevo Centro de Salud Garc\u00eda Lorca, que tras diez a\u00f1os de espera, recientemente se han paralizados las obras debido a que la empresa adjudicatoria quiere m\u00e1s dinero.<br> El otro conflicto, se est\u00e1 produciendo en las urgencias del ambulatorio de Gamonal Antigua; la gerencia ha anulado este servicio desde octubre y es por eso, que cada martes, las vecinas luchan por  su reanudaci\u00f3n. <br> Pero tambi\u00e9n luchan por no quedarse calladas frente a estos atropellos capitalistas, por tomar las calles y los saberes que entre todas atesoramos poni\u00e9ndolos en com\u00fan para cuidarnos y seguir resistiendo. Las luchas en los barrios nos ense\u00f1an a empoderarnos en colectivo, ya que sabemos que la vida sin los otros es insostenible y porque juntas somos m\u00e1s fuertes para exigir que dejen de comercializar con nuestras vidas.<\/em><\/strong><\/p>\n\n\n\n<p style=\"text-align:left\">La siguiente parada a la que se lleg\u00f3 fue al CSR de Gamonal para demostrar apoyo ante la amenaza de desalojo que sufre por parte de Fundaci\u00f3n Caja Burgos.<\/p>\n\n\n\n<p style=\"text-align:center\"><br> <strong><em>Estamos ante un s\u00edmbolo de lucha, de lucha comunitaria, donde las relaciones sociales est\u00e1n al margen del patriarcado y el capital. Un espacio que se basa en crear lazos vecinales, fomentando la cultura y participando en las problem\u00e1ticas diarias del barrio, como es el caso de la actual compa\u00f1a contra las salas de apuestas.<br> Un lugar donde el poder no tiene cabida, tampoco ning\u00fan tipo de actitudes machistas, racistas, ni fascistas; donde el dinero no nos vale. Un sitio donde la autogesti\u00f3n, la horizontalidad, la solidaridad y el apoyo mutuo son el centro de todo. Un espacio seguro para todas nosotras.<br> Porque ligares as\u00ed son donde podemos desarrollar proyectos y nuevas forma de vida sanas, por ello gritamos:<br> -No al desalojo de espacios no mercantilizados.<br> -no al desalojo de espacios autogestionados y okupados<br> -no al desalojo de espacios combativos y de lucha.<br> -no al desalojo de espacios que nos permitan tener una oportunidad de vida.<\/em><\/strong><br><em><strong> -no al desalojo del CSR Gamonal.<\/strong><\/em><\/p>\n\n\n\n<p style=\"text-align:center\"><strong><em>M\u00c1S CENTROS SOCIALES Y NINGUNA AGRESION MACHISTA<\/em><\/strong><\/p>\n\n\n\n<p>Ya para finalizar la marcha, el grupo de las 80 mujeres congregadas, se dirigi\u00f3 a la zona de Bernardillas donde se leyeron dos textos, se bail\u00f3 una jota feminista que una de las integrantes hab\u00eda creado para la ocasi\u00f3n y se finaliz\u00f3 con una traca final de petardos.<\/p>\n\n\n\n<p style=\"text-align:center\"><em><strong>COMUNICADO AL AGRESOR MACHISTA:<br> T\u00fa, el que sale de juerga buscando una presa.<br> T\u00fa, el que te r\u00edes de los cuerpos y actitudes no normativas.<br> T\u00fa, el que nos acosas disfraz\u00e1ndolo de piropo.<br> T\u00fa, el que nos das tu opini\u00f3n sobre nuestros f\u00edsicos, sin que te la hayamos pedido.<br>  T\u00fa, el que nos persigue.<br> T\u00fa, el que nos presiona a beber o drogarnos.<\/strong><\/em><br> <strong><em>T\u00fa, el amigote del agresor, que le encubre y defiende.<br> T\u00fa, el propietario del local donde ocurren agresiones y las omites.<br> A ti machirulo, te plantamos cara, y dejando claro que la responsabilidad de la violencia<br> es de quien la ejerce, y que estamos hartas de que otra vez seamos nosotras las que<br> tengamos que organizarnos y colectivizarnos no solo para hacer visible tu violencia, si<br> no tambi\u00e9n para mostrar nuestra posici\u00f3n ante ella.<br> Te repetimos que nuestros cuerpos no se tocan, que nuestra psique no se toca.<br> Que nuestra ropa, nuestra borrachera o nuestro baile no dependen de tu deseo.<br> Que la fiesta es para el disfrute de todes, no para el privilegio de unos cuantos.<\/em><\/strong><br> <strong><em>Que ya hemos aprendido que no estamos solas, que juntas nos sabemos m\u00e1s fuertes.<br> Hablamos de autodefensa porque nos atacan y lo que nos queda es defendernos contra la<br> violencia de los hombres agresores y del sistema patriarcal y capitalista. Que utiliza esas<br> agresiones como m\u00e9todo de control hacia nuestra libertad.<br> Porque defenderse en leg\u00edtima defensa est\u00e1 m\u00e1s que justificado.<br> Porque la noche, los bares y la fiesta tambi\u00e9n son nuestras!<\/em><\/strong><\/p>\n\n\n\n<p>El texto final, donde se recoge las intenciones del grupo organizador, fue vitoreado con vivas y aplausos por el c\u00edrculo de mujeres.<\/p>\n\n\n\n<p style=\"text-align:center\"><br><em><strong>Con esta marcha nocturna, queremos transformar las calles, ese espacio de circulaci\u00f3n del capital, en un espacio com\u00fan de encuentro de las despose\u00eddas, donde recuperar la memoria de las luchas populares y donde tejer alianzas que nos ayuden a convertir nuestras fragilidades en fuerza, en afectos, en cuidados y en comunidad.<br> Juntas, en manada, desafiamos al individualismo y a la precariedad, al machismo y al discurso de odio que nos quiere enfrentar entre los de abajo. No bajamos la cabeza y no aceptamos sus reglas de muerte. Por eso, nuestra violencia es existir, es lo \u00fanico que tenemos pero es mucho si lo ponemos en com\u00fan para plantar cara, para defendernos de sus ataques en el ahora; para proteger los resquicios del com\u00fan y de alegr\u00eda, los resquicios de vida frente al capitalismo asesino. Porque ahora toca la resistencia frente a un mundo cada vez m\u00e1s hostil gritando que la resistencia es vida.<\/strong><\/em><\/p>\n\n\n\n<p style=\"text-align:center\"><strong><em>Pero sabemos que plantar cara no es suficiente, que si queremos no ser derrotadas de nuevo tenemos que pasar  a la ofensiva, que necesitamos atarnos a proyectos revolucionarios que apuesten, no solo por resistir en este mundo en ruinas, sino por construir un mundo nuevo. La historia no ha terminado, como nos muestran las dignas resistencias en Chile, Bolivia o Kurdist\u00e1n. <\/em><\/strong><\/p>\n\n\n\n<p style=\"text-align:center\"><strong><em>Est\u00e1 en nuestras manos crear ese mundo nuevo; en la de todas y cada una de nosotras. Hag\u00e1moslo juntas, dej\u00e9monos la cara, apostemos la vida, compromet\u00e1monos y cuid\u00e9monos mucho mientras lo hacemos. Por nosotras, por nuestras asesinadas y presas, por las que fueron fusiladas mientras gritaban revoluci\u00f3n. Por las que vendr\u00e1n detr\u00e1s.<\/em><\/strong><\/p>\n\n\n\n<p style=\"text-align:center\"><em><strong>\u00a1Por la revoluci\u00f3n social! \u00a1Por un mundo nuevo!<br> <\/strong><\/em><\/p>\n","protected":false},"excerpt":{"rendered":"<p>El pasado s\u00e1bado 23 de noviembre tuvo lugar la III Marcha Nocturna; en esta ocasi\u00f3n la marcha trascurri\u00f3 por las calles de Gamonal. Previamente se realiz\u00f3 un mural feminista en el CSR. A continuaci\u00f3n, adjuntamos los textos que el grupo organizador elabor\u00f3 para cada parada realizada.<\/p>\n","protected":false},"author":69,"featured_media":22463,"comment_status":"open","ping_status":"closed","sticky":false,"template":"","format":"standard","meta":[],"categories":[65,78,66,27,49],"tags":[],"_links":{"self":[{"href":"https:\/\/diariodevurgos.com\/dvwps\/wp-json\/wp\/v2\/posts\/22462"}],"collection":[{"href":"https:\/\/diariodevurgos.com\/dvwps\/wp-json\/wp\/v2\/posts"}],"about":[{"href":"https:\/\/diariodevurgos.com\/dvwps\/wp-json\/wp\/v2\/types\/post"}],"author":[{"embeddable":true,"href":"https:\/\/diariodevurgos.com\/dvwps\/wp-json\/wp\/v2\/users\/69"}],"replies":[{"embeddable":true,"href":"https:\/\/diariodevurgos.com\/dvwps\/wp-json\/wp\/v2\/comments?post=22462"}],"version-history":[{"count":3,"href":"https:\/\/diariodevurgos.com\/dvwps\/wp-json\/wp\/v2\/posts\/22462\/revisions"}],"predecessor-version":[{"id":22505,"href":"https:\/\/diariodevurgos.com\/dvwps\/wp-json\/wp\/v2\/posts\/22462\/revisions\/22505"}],"wp:featuredmedia":[{"embeddable":true,"href":"https:\/\/diariodevurgos.com\/dvwps\/wp-json\/wp\/v2\/media\/22463"}],"wp:attachment":[{"href":"https:\/\/diariodevurgos.com\/dvwps\/wp-json\/wp\/v2\/media?parent=22462"}],"wp:term":[{"taxonomy":"category","embeddable":true,"href":"https:\/\/diariodevurgos.com\/dvwps\/wp-json\/wp\/v2\/categories?post=22462"},{"taxonomy":"post_tag","embeddable":true,"href":"https:\/\/diariodevurgos.com\/dvwps\/wp-json\/wp\/v2\/tags?post=22462"}],"curies":[{"name":"wp","href":"https:\/\/api.w.org\/{rel}","templated":true}]}}