{"id":22522,"date":"2019-12-11T06:24:29","date_gmt":"2019-12-11T05:24:29","guid":{"rendered":"http:\/\/diariodevurgos.com\/dvwps\/?p=22522"},"modified":"2019-12-11T06:25:53","modified_gmt":"2019-12-11T05:25:53","slug":"gamonal-el-tiempo-del-pueblo","status":"publish","type":"post","link":"https:\/\/diariodevurgos.com\/dvwps\/gamonal-el-tiempo-del-pueblo.php","title":{"rendered":"Gamonal: el tiempo del pueblo"},"content":{"rendered":"<p class=\"lead\">Si amas a tus vecinos y quieres que tu presente individual se entrelace con el presente colectivo del barrio de Gamonal, y sentir que tus ritmos no los marcan el espect\u00e1culo ni las compras, sino la lucha del pueblo; entonces nos veremos en las calles. \u00a1Todo el poder para el pueblo! \u00a1No al bulevar y s\u00ed al urbanismo colectivo! Un art\u00edculo de <strong>V\u00edctor Atobas<\/strong>.<!--more--><\/p>\n<p>Resulta de especial inter\u00e9s que hagamos memoria, pues la funci\u00f3n del espect\u00e1culo consiste en que olvidemos la historia. A diario nos bombardean con im\u00e1genes y mensajes que fluyen de manera perpetua en los medios de comunicaci\u00f3n y las redes sociales. Se trata de una suerte de presente absoluto, en el que es imposible dirigir la mirada hacia el futuro, pues estamos pendientes de una actualidad siempre renovada que nos dificulta mucho que podamos construir nuestros proyectos partiendo de nuestra pertenencia a lo colectivo; se trata de la temporalidad del individuo, un presente an\u00f3nimo en el que los ritmos los marcan el consumismo y la econom\u00eda financiera, los \u00edndices de valores, las primas de riesgo, las modas o las pr\u00f3ximas compras ya anticipadas. En este sentido, cabe se\u00f1alar que los vecinos del antiguo pueblo de Gamonal experimentaban el tiempo de una manera diferente a la nuestra, en el sentido de que perduraban los ritmos que imprim\u00edan la naturaleza y el trabajo en el campo, mientras que hoy en d\u00eda esos ritmos naturales acaban siendo traducidos a los ritmos individuales del consumo y el espect\u00e1culo; la moda de primavera, verano, oto\u00f1o, invierno.<\/p>\n<p style=\"text-align: center;\"><img loading=\"lazy\" class=\"aligncenter wp-image-22523 \" src=\"http:\/\/diariodevurgos.com\/dvwps\/wp-content\/uploads\/2019\/12\/Vecinos-protestando-Gamonal.jpg\" alt=\"\" width=\"525\" height=\"276\" srcset=\"https:\/\/diariodevurgos.com\/dvwps\/wp-content\/uploads\/2019\/12\/Vecinos-protestando-Gamonal.jpg 800w, https:\/\/diariodevurgos.com\/dvwps\/wp-content\/uploads\/2019\/12\/Vecinos-protestando-Gamonal-300x158.jpg 300w, https:\/\/diariodevurgos.com\/dvwps\/wp-content\/uploads\/2019\/12\/Vecinos-protestando-Gamonal-768x404.jpg 768w, https:\/\/diariodevurgos.com\/dvwps\/wp-content\/uploads\/2019\/12\/Vecinos-protestando-Gamonal-370x195.jpg 370w\" sizes=\"(max-width: 525px) 100vw, 525px\" \/><\/p>\n<p style=\"text-align: center;\">Protestas vecinales en Gamonal enero 2014 \/ <a href=\"https:\/\/www.diariocordoba.com\/noticias\/sociedad\/revuelta-burgos_853889.html\">Diario de C\u00f3rdoba<\/a><\/p>\n<p>Por eso debemos recordar el momento en que el presente individual y an\u00f3nimo, habitualmente colonizado por la l\u00f3gica del espect\u00e1culo, se introdujo en el tiempo colectivo. Tras largos meses de protestas pac\u00edficas y masivas, los representantes en el ayuntamiento de <em>El Jefe<\/em> y dem\u00e1s oligarcas se hab\u00edan negado a paralizar las obras del bulevar, y hab\u00edan ordenado a los agentes que reprimieran a los vecinos.<\/p>\n<p>Recuerdo que en aquella ocasi\u00f3n hab\u00eda ido hasta el barrio con un amigo. Era una noche fr\u00eda y neblinosa. S\u00f3lo afinando la mirada y gracias a la luminosidad de las farolas, hab\u00edamos podido distinguir a aquellos hombres uniformados con corazas y escudos que parec\u00edan sacados de La guerra de las galaxias, quienes de pronto dispararon unos botes y se pusieron a correr hacia nosotros. Permanecimos paralizados durante unos breves instantes, mientras el ambiente se espesaba con el humo de los botes. Las sirenas aullaban y daban coletazos de azul en los escaparates circundantes. Fue entonces cuando sent\u00ed algo en el pecho, que resulta casi imposible de describir, algo as\u00ed como un soplo c\u00e1lido que se me arremolinaba en el pecho y que me revolv\u00eda todo el cuerpo; vi c\u00f3mo los vecinos respond\u00edan en grupo, y antes de que me diera cuenta yo tambi\u00e9n estaba respondiendo, al igual que t\u00fa. Embargados por el torrente que arrastraba la ponzo\u00f1a del miedo, corrimos y en seguida nos desviamos hacia una callejuela, siguiendo el consejo de un vecino que nos gritaba desde la terraza.<\/p>\n<p style=\"text-align: center;\"><img loading=\"lazy\" class=\"aligncenter wp-image-22524 \" src=\"http:\/\/diariodevurgos.com\/dvwps\/wp-content\/uploads\/2019\/12\/Gamonal-2-D.jpg\" alt=\"\" width=\"513\" height=\"343\" srcset=\"https:\/\/diariodevurgos.com\/dvwps\/wp-content\/uploads\/2019\/12\/Gamonal-2-D.jpg 804w, https:\/\/diariodevurgos.com\/dvwps\/wp-content\/uploads\/2019\/12\/Gamonal-2-D-300x201.jpg 300w, https:\/\/diariodevurgos.com\/dvwps\/wp-content\/uploads\/2019\/12\/Gamonal-2-D-768x514.jpg 768w, https:\/\/diariodevurgos.com\/dvwps\/wp-content\/uploads\/2019\/12\/Gamonal-2-D-370x248.jpg 370w\" sizes=\"(max-width: 513px) 100vw, 513px\" \/><\/p>\n<p style=\"text-align: center;\">Barricadas en la calle Vitoria \/ <a href=\"https:\/\/www.atlanticaxxii.com\/gamonal-frente-la-corrupcion-mediatica-mendez-pozo-al-calabozo\/\">Atl\u00e1ntica XXI<\/a><\/p>\n<p>M\u00e1s tarde fuimos a El Kubo, que se encontraba decorado a la manera de una isla caribe\u00f1a, ut\u00f3pica, donde los parroquianos charlaban sorprendidos sobre lo que estaba sucediendo. Fue entonces, d\u00edas antes de que el alcalde Javier Lacalle anunciara la paralizaci\u00f3n de la intervenci\u00f3n especulativa en el bulevar, cuando comprendimos que no \u00edbamos a cejar en nuestro empe\u00f1o de realizar lo que ya se encontraba desarroll\u00e1ndose; el barrio triunfar\u00eda m\u00e1s all\u00e1 de que lleg\u00e1ramos a recibir unos cuantos palos. Esto \u00faltimo hab\u00eda dejado de importar, porque sent\u00edamos que la decisi\u00f3n de rebelarnos no la hab\u00edamos tomado cada uno a nivel personal, sino que el acontecimiento de la irrupci\u00f3n de lo colectivo &#8211; del pueblo- nos hab\u00eda puesto en la direcci\u00f3n de la revuelta, nos hab\u00eda decidido a nosotros. Experimentar el presente de una forma diferente, entrelazado al destino de un barrio en lucha; percibir el futuro abierto como grandes alamedas; todo esto se asemejaba a una sensaci\u00f3n de agitaci\u00f3n amorosa.<\/p>\n<p>\u00a0<\/p>\n<p>Ni t\u00fa ni yo pod\u00edamos parar quietos en esos esos asientos bajos y acolchados de El Kubo. Record\u00e1bamos las luchas en Eladio Perlado durante 2005 \u2013 uno de nuestros amigos comunes, de pelo entrecano y ojos azules, hab\u00eda participado-. Situados en lo m\u00e1s alto de nuestro entusiasmo, pens\u00e1bamos en maneras de avanzar todos juntos, no simplemente para detener la intervenci\u00f3n especulativa del bulevar, sino para expandir la revuelta por todo Burgos; la revuelta, esa hija peque\u00f1a de la revoluci\u00f3n. Hab\u00eda llegado nuestro momento, el momento del pueblo. Aquella noche &#8211; y otras que vinieron despu\u00e9s- nos sentimos capaces de todo, de llegar a reproducir la asamblea de la \u201cZona Cero\u201d en el resto de barrios de Burgos para as\u00ed tomar el poder sobre todas las decisiones que afectaran al espacio, a los servicios p\u00fablicos, a la erradicaci\u00f3n de las desigualdades; una consigna acudi\u00f3 a nuestras mentes, aunque no s\u00e9 si primero la pronunciaste t\u00fa: \u00a1Todo el poder para las asambleas vecinales! Estaba ah\u00ed. Lo vimos y nos levantamos de los asientos; vimos el futuro realiz\u00e1ndose ante nuestros ojos, eso que hab\u00eda estado desarroll\u00e1ndose como una semilla a\u00fan sin germinar, eso que se estaba realizando era el poder del pueblo, y nosotros s\u00f3lo deb\u00edamos pensar la manera de extender la revuelta hasta que creciera y madurara en la revoluci\u00f3n. Lograr\u00edamos parar el bulevar y despu\u00e9s ir\u00edamos m\u00e1s lejos, porque s\u00f3lo nos plant\u00e1bamos llevar a su realizaci\u00f3n algo que ya estaba produci\u00e9ndose, la irrupci\u00f3n del pueblo. Porque en ese momento no ten\u00edamos miedo; nuestra relaci\u00f3n con la ciudad \u2013 que en mi caso hab\u00eda comenzado en una corta edad, cuando la empresa Arranz Acinas caus\u00f3 la muerte de un familiar por pretender ahorrarse algo de dinero en la seguridad de una obra-, esa relaci\u00f3n con la ciudad pod\u00eda recomenzar de nuevo.<\/p>\n<p>Fue entonces cuando percibimos de una forma diferente el tiempo, de una forma revolucionaria, dado que el presente ya no aparec\u00eda como un flujo inconexo de im\u00e1genes, mensajes, c\u00e1lculos, compras o inversiones futuras, sino que nuestra existencia se hab\u00eda vinculado a la lucha de todo un barrio \u2013 y potencialmente de toda la ciudad-, de manera que nuestro presente lo percib\u00edamos entrelazado a las luchas pasadas, que hab\u00edamos conocido gracias a nuestro amigo, as\u00ed como a las batallas futuras que ya anticip\u00e1bamos. Esa es una manera revolucionaria de percibir el presente, como inserto en el tiempo colectivo.<\/p>\n<p style=\"text-align: center;\"><img loading=\"lazy\" class=\"aligncenter wp-image-22525 \" src=\"http:\/\/diariodevurgos.com\/dvwps\/wp-content\/uploads\/2019\/12\/Gamonal-enero-2014-1024x600.jpg\" alt=\"\" width=\"517\" height=\"303\" srcset=\"https:\/\/diariodevurgos.com\/dvwps\/wp-content\/uploads\/2019\/12\/Gamonal-enero-2014-1024x600.jpg 1024w, https:\/\/diariodevurgos.com\/dvwps\/wp-content\/uploads\/2019\/12\/Gamonal-enero-2014-300x176.jpg 300w, https:\/\/diariodevurgos.com\/dvwps\/wp-content\/uploads\/2019\/12\/Gamonal-enero-2014-768x450.jpg 768w, https:\/\/diariodevurgos.com\/dvwps\/wp-content\/uploads\/2019\/12\/Gamonal-enero-2014-370x217.jpg 370w, https:\/\/diariodevurgos.com\/dvwps\/wp-content\/uploads\/2019\/12\/Gamonal-enero-2014.jpg 1366w\" sizes=\"(max-width: 517px) 100vw, 517px\" \/><\/p>\n<p style=\"text-align: center;\">Conflicto de Gamonal \/<a href=\"https:\/\/www.elconfidencialdigital.com\/articulo\/seguridad\/disturbios-Burgos-desprevenida-Policia-Nacional\/20140113184748071519.html\"> El confidencial digital<\/a><\/p>\n<p>Aquella misma noche acordamos que apenas tendr\u00edamos tiempo de regresar a casa y dormir unas pocas horas, pues deb\u00edamos levantarnos para acudir a los piquetes de las seis de la madrugada. No pude pegar ojo porque segu\u00eda sintiendo el soplo c\u00e1lido en el pecho, que me revolv\u00eda todo el cuerpo. Y es que el punto en el que se produce la identidad entre el tiempo individual y colectivo es algo inolvidable que muchos vivimos, pero, tambi\u00e9n, es algo que debemos volver a repetir ahora que la historia nos vuelve a plantear el reto de parar el bulevar, y de hacerlo para ir m\u00e1s all\u00e1.<\/p>\n<p>\u00a0<\/p>\n<p>Lo que vivimos quienes estuvimos en la lucha de 2014, querido vecino, estar\u00e1s de acuerdo conmigo, fue algo que marc\u00f3 un antes y despu\u00e9s en nuestra memoria no s\u00f3lo personal sino colectiva. Recordar\u00e1s a las ancianas que, habiendo dicho ya basta de ver la televisi\u00f3n, hab\u00edan ido a la \u201cZona Cero\u201d a traernos sopas y hacer chocolates sentadas en los bancos; tu memoria no se olvidar\u00e1 tampoco de los vecinos que hab\u00edan salido a las terrazas para avisarnos de que la direcci\u00f3n que hab\u00edan tomado los agentes, ayud\u00e1ndonos de la manera que pod\u00edan; a los camareros de bares que hab\u00edan dejado de servir ca\u00f1as para hacer sitio para los vecinos que necesit\u00e1bamos guarecernos; a los estudiantes de instituto, que hab\u00edan interrumpido su presente para hacer huelga y apoyar las protestas. Precisamente ese momento en que el tiempo individual y el colectivo se entrelazan constituye la temporalidad revolucionaria, que podemos volver a experimentar si no permitimos que los oligarcas y sus representantes se salgan con la suya e impongan el proyecto especulativo del bulevar. Si amas a tus vecinos y quieres que tu presente individual se entrelace con el presente colectivo del barrio de Gamonal, y sentir que tus ritmos no los marcan el espect\u00e1culo ni las compras, sino la lucha del pueblo; entonces nos veremos en las calles. \u00a1Todo el poder para el pueblo! \u00a1No al bulevar y s\u00ed al urbanismo colectivo!<\/p>\n<p>\u00a0<\/p>\n<p><strong>V\u00edctor Atobas<\/strong><\/p>\n<p>* V\u00edctor Atobas es escritor. Entre otros libros, es autor de Autoridad y culpa (Piedra Papel Libros, 2017), y El deseo y la ciudad. La revuelta de Gamonal (Zoozobra, 2018).<\/p>\n\n\n<p><\/p>\n","protected":false},"excerpt":{"rendered":"<p>Si amas a tus vecinos y quieres que tu presente individual se entrelace con el presente colectivo del barrio de Gamonal, y sentir que tus ritmos no los marcan el espect\u00e1culo ni las compras, sino la lucha del pueblo; entonces nos veremos en las calles. \u00a1Todo el poder para el pueblo! \u00a1No al bulevar y&#8230;  <a href=\"https:\/\/diariodevurgos.com\/dvwps\/gamonal-el-tiempo-del-pueblo.php\" class=\"more-link\" title=\"Read Gamonal: el tiempo del pueblo\">Read more &raquo;<\/a><\/p>\n","protected":false},"author":2,"featured_media":22523,"comment_status":"open","ping_status":"closed","sticky":false,"template":"","format":"standard","meta":[],"categories":[74,2,27,6,79,7],"tags":[],"_links":{"self":[{"href":"https:\/\/diariodevurgos.com\/dvwps\/wp-json\/wp\/v2\/posts\/22522"}],"collection":[{"href":"https:\/\/diariodevurgos.com\/dvwps\/wp-json\/wp\/v2\/posts"}],"about":[{"href":"https:\/\/diariodevurgos.com\/dvwps\/wp-json\/wp\/v2\/types\/post"}],"author":[{"embeddable":true,"href":"https:\/\/diariodevurgos.com\/dvwps\/wp-json\/wp\/v2\/users\/2"}],"replies":[{"embeddable":true,"href":"https:\/\/diariodevurgos.com\/dvwps\/wp-json\/wp\/v2\/comments?post=22522"}],"version-history":[{"count":3,"href":"https:\/\/diariodevurgos.com\/dvwps\/wp-json\/wp\/v2\/posts\/22522\/revisions"}],"predecessor-version":[{"id":22528,"href":"https:\/\/diariodevurgos.com\/dvwps\/wp-json\/wp\/v2\/posts\/22522\/revisions\/22528"}],"wp:featuredmedia":[{"embeddable":true,"href":"https:\/\/diariodevurgos.com\/dvwps\/wp-json\/wp\/v2\/media\/22523"}],"wp:attachment":[{"href":"https:\/\/diariodevurgos.com\/dvwps\/wp-json\/wp\/v2\/media?parent=22522"}],"wp:term":[{"taxonomy":"category","embeddable":true,"href":"https:\/\/diariodevurgos.com\/dvwps\/wp-json\/wp\/v2\/categories?post=22522"},{"taxonomy":"post_tag","embeddable":true,"href":"https:\/\/diariodevurgos.com\/dvwps\/wp-json\/wp\/v2\/tags?post=22522"}],"curies":[{"name":"wp","href":"https:\/\/api.w.org\/{rel}","templated":true}]}}