{"id":22584,"date":"2019-12-26T22:35:52","date_gmt":"2019-12-26T21:35:52","guid":{"rendered":"http:\/\/diariodevurgos.com\/dvwps\/?p=22584"},"modified":"2019-12-26T22:35:54","modified_gmt":"2019-12-26T21:35:54","slug":"gamonal-la-chispa-que-enciende-la-revolucion-o-la-fuerza-de-la-imagen-entrevista-con-tomas-alonso","status":"publish","type":"post","link":"https:\/\/diariodevurgos.com\/dvwps\/gamonal-la-chispa-que-enciende-la-revolucion-o-la-fuerza-de-la-imagen-entrevista-con-tomas-alonso.php","title":{"rendered":"Gamonal. La chispa que enciende la revoluci\u00f3n o la fuerza de la imagen: entrevista con Tom\u00e1s Alonso"},"content":{"rendered":"<p class=\"lead\"><a href=\"https:\/\/libros.com\/crowdfunding\/gamonal\/&amp;refUid=99553\/\"><em>Gamonal. La chispa que enciende la revoluci\u00f3n<\/em><\/a> es un libro de fotograf\u00edas que relata los acontecimientos vividos durante enero de 2014 en Gamonal.<\/p>\n<p><strong>Radio Onda Expansiva<\/strong> ha tenido oportunidad de <a href=\"https:\/\/ondaexpansiva.net\/gamonal-la-chispa-que-enciende-la-revolucion\/\">entrevistar a Tom\u00e1s Alonso<\/a>, uno de los fot\u00f3grafos que han hecho posible esta obra, que muestra en im\u00e1genes fragmentos de la historia de rebeli\u00f3n del barrio de Gamonal.<\/p>\n<p><!--more--><\/p>\n<img loading=\"lazy\" class=\"aligncenter wp-image-22585 \" src=\"http:\/\/diariodevurgos.com\/dvwps\/wp-content\/uploads\/2019\/12\/Gamonal-la-chispa-que-enciende-la-revoluci\u00f3n-1.jpg\" alt=\"\" width=\"546\" height=\"358\" srcset=\"https:\/\/diariodevurgos.com\/dvwps\/wp-content\/uploads\/2019\/12\/Gamonal-la-chispa-que-enciende-la-revoluci\u00f3n-1.jpg 900w, https:\/\/diariodevurgos.com\/dvwps\/wp-content\/uploads\/2019\/12\/Gamonal-la-chispa-que-enciende-la-revoluci\u00f3n-1-300x197.jpg 300w, https:\/\/diariodevurgos.com\/dvwps\/wp-content\/uploads\/2019\/12\/Gamonal-la-chispa-que-enciende-la-revoluci\u00f3n-1-768x503.jpg 768w, https:\/\/diariodevurgos.com\/dvwps\/wp-content\/uploads\/2019\/12\/Gamonal-la-chispa-que-enciende-la-revoluci\u00f3n-1-370x243.jpg 370w\" sizes=\"(max-width: 546px) 100vw, 546px\" \/>\n\n\n<p><\/p>\n","protected":false},"excerpt":{"rendered":"<p>Gamonal. La chispa que enciende la revoluci\u00f3n es un libro de fotograf\u00edas que relata los acontecimientos vividos durante enero de 2014 en Gamonal. Radio Onda Expansiva ha tenido oportunidad de entrevistar a Tom\u00e1s Alonso, uno de los fot\u00f3grafos que han hecho posible esta obra, que muestra en im\u00e1genes fragmentos de la historia de rebeli\u00f3n del&#8230;  <a href=\"https:\/\/diariodevurgos.com\/dvwps\/gamonal-la-chispa-que-enciende-la-revolucion-o-la-fuerza-de-la-imagen-entrevista-con-tomas-alonso.php\" class=\"more-link\" title=\"Read Gamonal. La chispa que enciende la revoluci\u00f3n o la fuerza de la imagen: entrevista con Tom\u00e1s Alonso\">Read more &raquo;<\/a><\/p>\n","protected":false},"author":2,"featured_media":22585,"comment_status":"open","ping_status":"closed","sticky":false,"template":"","format":"standard","meta":[],"categories":[74,2,33,27,8,23],"tags":[],"_links":{"self":[{"href":"https:\/\/diariodevurgos.com\/dvwps\/wp-json\/wp\/v2\/posts\/22584"}],"collection":[{"href":"https:\/\/diariodevurgos.com\/dvwps\/wp-json\/wp\/v2\/posts"}],"about":[{"href":"https:\/\/diariodevurgos.com\/dvwps\/wp-json\/wp\/v2\/types\/post"}],"author":[{"embeddable":true,"href":"https:\/\/diariodevurgos.com\/dvwps\/wp-json\/wp\/v2\/users\/2"}],"replies":[{"embeddable":true,"href":"https:\/\/diariodevurgos.com\/dvwps\/wp-json\/wp\/v2\/comments?post=22584"}],"version-history":[{"count":1,"href":"https:\/\/diariodevurgos.com\/dvwps\/wp-json\/wp\/v2\/posts\/22584\/revisions"}],"predecessor-version":[{"id":22586,"href":"https:\/\/diariodevurgos.com\/dvwps\/wp-json\/wp\/v2\/posts\/22584\/revisions\/22586"}],"wp:featuredmedia":[{"embeddable":true,"href":"https:\/\/diariodevurgos.com\/dvwps\/wp-json\/wp\/v2\/media\/22585"}],"wp:attachment":[{"href":"https:\/\/diariodevurgos.com\/dvwps\/wp-json\/wp\/v2\/media?parent=22584"}],"wp:term":[{"taxonomy":"category","embeddable":true,"href":"https:\/\/diariodevurgos.com\/dvwps\/wp-json\/wp\/v2\/categories?post=22584"},{"taxonomy":"post_tag","embeddable":true,"href":"https:\/\/diariodevurgos.com\/dvwps\/wp-json\/wp\/v2\/tags?post=22584"}],"curies":[{"name":"wp","href":"https:\/\/api.w.org\/{rel}","templated":true}]}}