{"id":22650,"date":"2020-01-20T16:08:44","date_gmt":"2020-01-20T15:08:44","guid":{"rendered":"http:\/\/diariodevurgos.com\/dvwps\/?p=22650"},"modified":"2020-01-20T16:08:45","modified_gmt":"2020-01-20T15:08:45","slug":"mis-vecinos-se-han-comprado-un-suv","status":"publish","type":"post","link":"https:\/\/diariodevurgos.com\/dvwps\/mis-vecinos-se-han-comprado-un-suv.php","title":{"rendered":"Mis vecinos se han comprado un SUV"},"content":{"rendered":"\n<p class=\"lead\">Ayer me encontr\u00e9 con mis vecinos y me han comentado que se han cambiado de coche. Estaban muy emocionados esperando que les llamen del concesionario para entregarles su nuevo SUV.<\/p>\n\n\n\n<!--more-->\n\n\n\n<p>Personalmente no entiendo la moda de los SUVs y una vez que me desped\u00ed de ellos trat\u00e9 de reflexionar sobre el motivo que hab\u00eda hecho que mis vecinos se hubieran decidido por ese tipo de coche.<\/p>\n\n\n\n<p>Lo primero que pens\u00e9 fue en el tama\u00f1o, se dice que son coches amplios, pero en el caso de mis vecinos el coche ser\u00e1 usado s\u00f3lo por dos personas por lo que no creo que ese haya sido un motivo de peso. Adem\u00e1s se podr\u00edan haber comprado una furgoneta si este fuese el caso.<br>Despu\u00e9s ca\u00ed en la cuenta ellos suelen ir todos los s\u00e1bados al campo por lo que tal vez un coche de esas caracter\u00edsticas les venga bien. A no, donde suelen ir todos los s\u00e1bados es al Alcampo, tampoco creo entonces que ese haya sido el motivo de la elecci\u00f3n.<\/p>\n\n\n\n<div class=\"wp-block-image\"><figure class=\"aligncenter\"><img loading=\"lazy\" width=\"332\" height=\"152\" src=\"http:\/\/diariodevurgos.com\/dvwps\/wp-content\/uploads\/2020\/01\/suv.jpeg\" alt=\"\" class=\"wp-image-22651\" srcset=\"https:\/\/diariodevurgos.com\/dvwps\/wp-content\/uploads\/2020\/01\/suv.jpeg 332w, https:\/\/diariodevurgos.com\/dvwps\/wp-content\/uploads\/2020\/01\/suv-300x137.jpeg 300w\" sizes=\"(max-width: 332px) 100vw, 332px\" \/><\/figure><\/div>\n\n\n\n<p>La seguridad, sin duda, ser\u00eda una muy buena raz\u00f3n para decantarse por un tipo de coche frente a otro pero, despu\u00e9s de informarme un poco, tampoco es el motivo ya que seg\u00fan estudios se sabe que debido a sus proporciones si un SUV atropella a un peat\u00f3n las lesiones ser\u00e1n en la parte superior del mismo lo que las hace m\u00e1s letales. Adem\u00e1s se ha comprobado que los accidentes donde se ven involucrados coches SUV tienen un porcentaje m\u00e1s alto de fallecimientos que en los turismos normales. Pero hay m\u00e1s, los SUV vuelcan con mayor facilidad, al tener el punto de gravedad m\u00e1s alto.<\/p>\n\n\n\n<p>Me quedaba sin explicaciones, empezaban a no encontrar razones para que se hubieran decantado por ese tipo de veh\u00edculo. Pero olvidaba dos importantes y relacionadas entre ellas: el consumo y el medio  ambiente y ambas quedaban descartadas tambi\u00e9n. Por norma general, un SUV consume m\u00e1s combustible que un utilitario debido a que son m\u00e1s pesados, ser menos aerodin\u00e1micos y crear m\u00e1s rozamiento con el suelo debido a sus anchas y grandes ruedas. Esto conlleva que sean menos respetuosos con el medio ambiente ya que emiten m\u00e1s CO2. De hecho la IEA (Agencia Internacional de Energ\u00eda) en un estudio muestra que a medida que los SUV han crecido en ventas, las emisiones procedentes de los veh\u00edculos han aumentado m\u00e1s de cuatro veces en ocho a\u00f1os. El informe llega a la llamativa conclusi\u00f3n que si los conductores de todos los SUV se reuniesen en una naci\u00f3n, estar\u00edan en el s\u00e9ptimo lugar del mundo en emisiones de CO2.<br><\/p>\n\n\n\n<p>Me qued\u00e9 sin un pretexto l\u00f3gico para entender por qu\u00e9 ese tipo de coche y no otro. Cada vez m\u00e1s me pregunto qu\u00e9 est\u00e1 provocando el aumento de ventas de estos autom\u00f3viles. \u00bfModa? \u00bfes este el \u00fanico motivo?.<br><\/p>\n\n\n\n<p>Por cierto, hoy mis vecinos pudieron recoger su coche\u2026y parece que al menos s\u00ed hay una ventaja, su coche nuevo es tan grande que no cabe en su plaza de garaje. Ventaja para m\u00ed, claro, que ahora tengo m\u00e1s sitio para aparcar.<\/p>\n","protected":false},"excerpt":{"rendered":"<p>Ayer me encontr\u00e9 con mis vecinos y me han comentado que se han cambiado de coche. Estaban muy emocionados esperando que les llamen del concesionario para entregarles su nuevo SUV.<\/p>\n","protected":false},"author":67,"featured_media":22651,"comment_status":"open","ping_status":"closed","sticky":false,"template":"","format":"standard","meta":[],"categories":[77],"tags":[],"_links":{"self":[{"href":"https:\/\/diariodevurgos.com\/dvwps\/wp-json\/wp\/v2\/posts\/22650"}],"collection":[{"href":"https:\/\/diariodevurgos.com\/dvwps\/wp-json\/wp\/v2\/posts"}],"about":[{"href":"https:\/\/diariodevurgos.com\/dvwps\/wp-json\/wp\/v2\/types\/post"}],"author":[{"embeddable":true,"href":"https:\/\/diariodevurgos.com\/dvwps\/wp-json\/wp\/v2\/users\/67"}],"replies":[{"embeddable":true,"href":"https:\/\/diariodevurgos.com\/dvwps\/wp-json\/wp\/v2\/comments?post=22650"}],"version-history":[{"count":4,"href":"https:\/\/diariodevurgos.com\/dvwps\/wp-json\/wp\/v2\/posts\/22650\/revisions"}],"predecessor-version":[{"id":22655,"href":"https:\/\/diariodevurgos.com\/dvwps\/wp-json\/wp\/v2\/posts\/22650\/revisions\/22655"}],"wp:featuredmedia":[{"embeddable":true,"href":"https:\/\/diariodevurgos.com\/dvwps\/wp-json\/wp\/v2\/media\/22651"}],"wp:attachment":[{"href":"https:\/\/diariodevurgos.com\/dvwps\/wp-json\/wp\/v2\/media?parent=22650"}],"wp:term":[{"taxonomy":"category","embeddable":true,"href":"https:\/\/diariodevurgos.com\/dvwps\/wp-json\/wp\/v2\/categories?post=22650"},{"taxonomy":"post_tag","embeddable":true,"href":"https:\/\/diariodevurgos.com\/dvwps\/wp-json\/wp\/v2\/tags?post=22650"}],"curies":[{"name":"wp","href":"https:\/\/api.w.org\/{rel}","templated":true}]}}