{"id":22673,"date":"2020-01-26T22:24:44","date_gmt":"2020-01-26T21:24:44","guid":{"rendered":"http:\/\/diariodevurgos.com\/dvwps\/?p=22673"},"modified":"2020-01-26T22:35:16","modified_gmt":"2020-01-26T21:35:16","slug":"6-anos-de-cultura-para-todas","status":"publish","type":"post","link":"https:\/\/diariodevurgos.com\/dvwps\/6-anos-de-cultura-para-todas.php","title":{"rendered":"6 a\u00f1os de cultura para todas"},"content":{"rendered":"\n<p class=\"lead\">Ayer era un d\u00eda de celebraci\u00f3n. En el CSR (Centro Social Recuperado) de Gamonal se hab\u00eda preparado un evento para celebrar los 6 a\u00f1os de autogesti\u00f3n y lucha como se merec\u00eda\u2026<\/p>\n\n\n\n<p>Y la velada, desde el humilde punto de vista del que escribe, fue sensacional.<\/p>\n\n\n\n<!--more-->\n\n\n\n<p> M\u00e1s de dos horas de espect\u00e1culo con acrobacias, teatro, humor, malabares, poes\u00eda, m\u00fasica\u2026 Que no ten\u00edan un inter\u00e9s econ\u00f3mico de por medio, nadie cobraba, nadie pagaba y los precios de la barra eran, como siempre lo han sido, libres. <\/p>\n\n\n\n<p><\/p>\n\n\n\n<figure class=\"wp-block-image\"><img loading=\"lazy\" width=\"1024\" height=\"569\" src=\"https:\/\/diariodevurgos.com\/dvwps\/wp-content\/uploads\/2020\/01\/csr-1024x569.jpg\" alt=\"\" class=\"wp-image-22674\" srcset=\"https:\/\/diariodevurgos.com\/dvwps\/wp-content\/uploads\/2020\/01\/csr-1024x569.jpg 1024w, https:\/\/diariodevurgos.com\/dvwps\/wp-content\/uploads\/2020\/01\/csr-300x167.jpg 300w, https:\/\/diariodevurgos.com\/dvwps\/wp-content\/uploads\/2020\/01\/csr-768x427.jpg 768w, https:\/\/diariodevurgos.com\/dvwps\/wp-content\/uploads\/2020\/01\/csr-370x206.jpg 370w, https:\/\/diariodevurgos.com\/dvwps\/wp-content\/uploads\/2020\/01\/csr.jpg 1280w\" sizes=\"(max-width: 1024px) 100vw, 1024px\" \/><\/figure>\n\n\n\n<p>Ayer el local situado en Pablo Casals estaba lleno y cada d\u00eda que sigue funcionando Burgos y en concreto Gamonal se impregnan de una de las &#8220;<em>obras sociales<\/em>&#8221; m\u00e1s importantes de las que cuenta el barrio. Y digo &#8220;<em>obras social<\/em>&#8221; haciendo una referencia clara a los que monopolizan las &#8220;<em>obras sociales<\/em>&#8221; en nuestra capital y que en varias ocasiones han acorralado y saboteado el CSR de Gamonal, ya sea desde la prensa o desde la sombra.<\/p>\n\n\n\n<p>Si miramos atr\u00e1s por el CSR de Gamonal han pasado innumerables grupos de m\u00fasica, conocidos y no tan conocidos, de aqu\u00ed o de all\u00ed\u2026 Yo al menos recuerdo con cari\u00f1o aquel lunes que <a href=\"https:\/\/csrgamonal.ga\/2016\/04\/10\/concierto-la-gran-orquesta-republicana\/\">&#8220;La Gran Orquesta Republicana&#8221; toc\u00f3<\/a>, o la larga cola para <a href=\"https:\/\/www.youtube.com\/watch?v=rMw1Akhdvfc\">ver a &#8220;La M.O.D.A&#8221;<\/a>, seguramente pocos recuerden el <a href=\"https:\/\/csrgamonal.ga\/2015\/12\/13\/concierto-de-la-m-o-d-a-en-trio-acustico\/\">primer concierto de &#8221; La M.O.D.A&#8221; en el CSR<\/a>, por aquel entonces no eran tan conocidos y el CSR de Gamonal no lleg\u00f3 a llenarse. Sin quitarles importancia a muchos otros grupos de Burgos no tan conocidos, como los jovenc\u00edsimos <a href=\"https:\/\/www.youtube.com\/watch?v=JXDxKoUuY0M\">Mi perro el pol\u00edtico<\/a>, las turbolakras y <a href=\"https:\/\/www.youtube.com\/watch?v=q1pLVk39zwg\">tantos otros<\/a>\u2026 que para mi han sido un descubrimiento dentro del panorama musical burgal\u00e9s. A un ritmo de al menos un concierto mensual y con un m\u00ednimo de dos grupos por concierto por el CSR han pasado, quitando los parones de verano aproximadamente la friolera de al menos <strong>100<\/strong> grupos de m\u00fasica y probablemente esta cuenta se quede corta.<\/p>\n\n\n\n<p>Pero aunque la m\u00fasica sea una de las actividades que m\u00e1s ha llenado el CSR y por la que tambi\u00e9n es m\u00e1s conocido no es la \u00fanica que ha dado vida al local, <a href=\"https:\/\/www.youtube.com\/watch?v=ikcrMQRWYfY\">teatro<\/a>, <a href=\"https:\/\/diariodevurgos.com\/dvwps\/ocupacion-poetica.php\">poes\u00eda<\/a>, cine, exposiciones, charlas, campa\u00f1as de diversos movimientos sociales\u2026 Han hecho que haya sido muy raro ver el CSR de Gamonal cerrado m\u00e1s de una semana.<\/p>\n\n\n\n<p>Durante 6 a\u00f1os se ha demostrado que otra forma de promocionar cultura y el pensamiento cr\u00edtico es posible. Sin dinero, subvenciones o amparo de las instituciones. Con esto es f\u00e1cil adivinar que la econom\u00eda del CSR es fr\u00e1gil y precaria, pero pese a todo funciona. Y funciona gracias a todas las que han dejado tiempo y depositado ilusiones en \u00e9l. El escaso dinero que el CSR obtiene despu\u00e9s de pagar desplazamientos, avituallamiento y mantenimiento del espacio se destina \u00fanica y exclusivamente a represi\u00f3n.<\/p>\n\n\n\n<p>El verdadero logro del CSR no es ser una de las ocupaciones m\u00e1s longevas que ha tenido Burgos. No es tampoco, a mi parecer, que haya puesto en jaque a los poderes econ\u00f3micos de la ciudad. Si no que proyectos autogestionados, pese a las trabas y la mala prensa, pueden ser viables. El d\u00eda que se atrevan a tirar ese maldito local, tirar\u00e1n tan solo un amasijo de ladrillos, muchos llevamos el CSR en nuestros corazones.<\/p>\n","protected":false},"excerpt":{"rendered":"<p>Ayer era un d\u00eda de celebraci\u00f3n. En el CSR (Centro Social Recuperado) de Gamonal se hab\u00eda preparado un evento para celebrar los 6 a\u00f1os de autogesti\u00f3n y lucha como se merec\u00eda\u2026 Y la velada, desde el humilde punto de vista del que escribe, fue sensacional.<\/p>\n","protected":false},"author":1,"featured_media":22674,"comment_status":"open","ping_status":"closed","sticky":false,"template":"","format":"standard","meta":[],"categories":[2,78,103,27,18],"tags":[],"_links":{"self":[{"href":"https:\/\/diariodevurgos.com\/dvwps\/wp-json\/wp\/v2\/posts\/22673"}],"collection":[{"href":"https:\/\/diariodevurgos.com\/dvwps\/wp-json\/wp\/v2\/posts"}],"about":[{"href":"https:\/\/diariodevurgos.com\/dvwps\/wp-json\/wp\/v2\/types\/post"}],"author":[{"embeddable":true,"href":"https:\/\/diariodevurgos.com\/dvwps\/wp-json\/wp\/v2\/users\/1"}],"replies":[{"embeddable":true,"href":"https:\/\/diariodevurgos.com\/dvwps\/wp-json\/wp\/v2\/comments?post=22673"}],"version-history":[{"count":5,"href":"https:\/\/diariodevurgos.com\/dvwps\/wp-json\/wp\/v2\/posts\/22673\/revisions"}],"predecessor-version":[{"id":22679,"href":"https:\/\/diariodevurgos.com\/dvwps\/wp-json\/wp\/v2\/posts\/22673\/revisions\/22679"}],"wp:featuredmedia":[{"embeddable":true,"href":"https:\/\/diariodevurgos.com\/dvwps\/wp-json\/wp\/v2\/media\/22674"}],"wp:attachment":[{"href":"https:\/\/diariodevurgos.com\/dvwps\/wp-json\/wp\/v2\/media?parent=22673"}],"wp:term":[{"taxonomy":"category","embeddable":true,"href":"https:\/\/diariodevurgos.com\/dvwps\/wp-json\/wp\/v2\/categories?post=22673"},{"taxonomy":"post_tag","embeddable":true,"href":"https:\/\/diariodevurgos.com\/dvwps\/wp-json\/wp\/v2\/tags?post=22673"}],"curies":[{"name":"wp","href":"https:\/\/api.w.org\/{rel}","templated":true}]}}