{"id":22686,"date":"2020-01-30T13:08:17","date_gmt":"2020-01-30T12:08:17","guid":{"rendered":"http:\/\/diariodevurgos.com\/dvwps\/?p=22686"},"modified":"2020-01-30T13:08:21","modified_gmt":"2020-01-30T12:08:21","slug":"concentracion-en-la-plaza-del-cid-en-apoyo-a-la-huelga-por-las-pensiones-dignas","status":"publish","type":"post","link":"https:\/\/diariodevurgos.com\/dvwps\/concentracion-en-la-plaza-del-cid-en-apoyo-a-la-huelga-por-las-pensiones-dignas.php","title":{"rendered":"Concentraci\u00f3n en la plaza del Cid en apoyo a la Huelga por las pensiones dignas"},"content":{"rendered":"<p class=\"lead\">La CNT de Burgos ha convocado una concentraci\u00f3n para hoy mismo 30 de enero en apoyo a la huelga general en Pa\u00eds Vasco y Navarra por unas pensiones dignas. La iniciativa dar\u00e1 comienzo a partir de las 19:30 hora sy el punto elegido para hacer visible las muestra de apoyo ser\u00eda a plaza del Cid.<!--more--><\/p>\n<p>CONCENTRACI\u00d3N JUEVES 30, A LAS 19:30H. EN EL CID.<\/p>\n<p>Desde CNT Burgos nos solidarizamos con la huelga general convocada en Pa\u00eds Vasco y Navarra en defensa del sistema de pensiones p\u00fablicas desde la necesidad de que esta lucha se desborde a todas las regiones.<\/p>\n<p>La CNT apoya desde el inicio de las movilizaciones de las personas pensionistas sus justas reivindicaciones. La demostraci\u00f3n de fuerza, capacidad de cambiar las injusticias a trav\u00e9s de la unidad y la lucha, que las pensionistas de este pa\u00eds est\u00e1n demostrando, es un aliciente y un ejemplo para todas las personas trabajadoras.<\/p>\n<p>Por lo que el Comit\u00e9 Confederal de la CNT apoya las justas reivindicaciones de la HUELGA GENERAL del 30E en el Pa\u00eds Vasco y Navarra. La CNT EXIGE:<\/p>\n<p>??La recuperaci\u00f3n el poder adquisitivo perdido de pensiones y salarios y su revalorizaci\u00f3n autom\u00e1tica en funci\u00f3n como m\u00ednimo del incremento del coste de la vida y una pensi\u00f3n m\u00ednima de 1.080 \u20ac.<\/p>\n<p>??Jubilaci\u00f3n a los 65 a\u00f1os, y jubilaci\u00f3n anticipada a los 61 a\u00f1os, con 30 a\u00f1os de cotizaci\u00f3n y reducci\u00f3n de los coeficientes reductores.<\/p>\n<p>??Eliminar el factor de sostenibilidad de las pensiones.<br \/>\nTomar en consideraci\u00f3n los \u00faltimos 15 a\u00f1os para calcular la pensi\u00f3n.<\/p>\n<p>??No penalizar el c\u00f3mputo de cotizaciones en los contratos a tiempo parcial (c\u00f3mputo, d\u00eda trabajado igual a d\u00eda cotizado)<\/p>\n<p>??Derogar las reformas laborales de 2010 y 2012 y un Salario M\u00ednimo Interprofesional de 1.200 euros.<br \/>\nGarantizar el sistema de pensiones.<\/p>\n<p>Por la derogaci\u00f3n de todas las reformas laborales y de las pensiones!<\/p>\n<p>Por la igualdad real, econ\u00f3mica y social!<\/p>\n<p>Por el reparto del trabajo y de la riqueza!<\/p>\n<p><strong>Con este motivo convocamos el d\u00eda 30 de enero a una concentraci\u00f3n en la Pl. del Cid a las 19:30h.<\/strong><\/p>\n<p>POR UNAS PENSIONES DIGNAS<\/p>\n<p style=\"text-align: center;\"><img loading=\"lazy\" class=\"aligncenter wp-image-22687 \" src=\"http:\/\/diariodevurgos.com\/dvwps\/wp-content\/uploads\/2020\/01\/Concentraci\u00f3n-CNT-30E-BURGOS-.jpg\" alt=\"\" width=\"471\" height=\"662\" srcset=\"https:\/\/diariodevurgos.com\/dvwps\/wp-content\/uploads\/2020\/01\/Concentraci\u00f3n-CNT-30E-BURGOS-.jpg 683w, https:\/\/diariodevurgos.com\/dvwps\/wp-content\/uploads\/2020\/01\/Concentraci\u00f3n-CNT-30E-BURGOS--213x300.jpg 213w, https:\/\/diariodevurgos.com\/dvwps\/wp-content\/uploads\/2020\/01\/Concentraci\u00f3n-CNT-30E-BURGOS--370x520.jpg 370w\" sizes=\"(max-width: 471px) 100vw, 471px\" \/><\/p>\n","protected":false},"excerpt":{"rendered":"<p>La CNT de Burgos ha convocado una concentraci\u00f3n para hoy mismo 30 de enero en apoyo a la huelga general en Pa\u00eds Vasco y Navarra por unas pensiones dignas. La iniciativa dar\u00e1 comienzo a partir de las 19:30 hora sy el punto elegido para hacer visible las muestra de apoyo ser\u00eda a plaza del Cid.<\/p>\n","protected":false},"author":2,"featured_media":22687,"comment_status":"open","ping_status":"closed","sticky":false,"template":"","format":"standard","meta":[],"categories":[2,14,49],"tags":[],"_links":{"self":[{"href":"https:\/\/diariodevurgos.com\/dvwps\/wp-json\/wp\/v2\/posts\/22686"}],"collection":[{"href":"https:\/\/diariodevurgos.com\/dvwps\/wp-json\/wp\/v2\/posts"}],"about":[{"href":"https:\/\/diariodevurgos.com\/dvwps\/wp-json\/wp\/v2\/types\/post"}],"author":[{"embeddable":true,"href":"https:\/\/diariodevurgos.com\/dvwps\/wp-json\/wp\/v2\/users\/2"}],"replies":[{"embeddable":true,"href":"https:\/\/diariodevurgos.com\/dvwps\/wp-json\/wp\/v2\/comments?post=22686"}],"version-history":[{"count":1,"href":"https:\/\/diariodevurgos.com\/dvwps\/wp-json\/wp\/v2\/posts\/22686\/revisions"}],"predecessor-version":[{"id":22688,"href":"https:\/\/diariodevurgos.com\/dvwps\/wp-json\/wp\/v2\/posts\/22686\/revisions\/22688"}],"wp:featuredmedia":[{"embeddable":true,"href":"https:\/\/diariodevurgos.com\/dvwps\/wp-json\/wp\/v2\/media\/22687"}],"wp:attachment":[{"href":"https:\/\/diariodevurgos.com\/dvwps\/wp-json\/wp\/v2\/media?parent=22686"}],"wp:term":[{"taxonomy":"category","embeddable":true,"href":"https:\/\/diariodevurgos.com\/dvwps\/wp-json\/wp\/v2\/categories?post=22686"},{"taxonomy":"post_tag","embeddable":true,"href":"https:\/\/diariodevurgos.com\/dvwps\/wp-json\/wp\/v2\/tags?post=22686"}],"curies":[{"name":"wp","href":"https:\/\/api.w.org\/{rel}","templated":true}]}}