{"id":22870,"date":"2020-03-04T07:57:44","date_gmt":"2020-03-04T06:57:44","guid":{"rendered":"http:\/\/diariodevurgos.com\/dvwps\/?p=22870"},"modified":"2020-03-04T07:59:32","modified_gmt":"2020-03-04T06:59:32","slug":"arranca-el-ii-ciclo-de-comic-e-historia","status":"publish","type":"post","link":"https:\/\/diariodevurgos.com\/dvwps\/arranca-el-ii-ciclo-de-comic-e-historia.php","title":{"rendered":"Arranca el II Ciclo de C\u00f3mic e Historia"},"content":{"rendered":"<p class=\"lead\">Por segundo a\u00f1o consecutivo la <strong>Biblioteca La Maldita<\/strong> acoger\u00e1 el desarrollo del <a href=\"https:\/\/diariodevurgos.com\/dvwps\/ii-ciclo-comic-e-historia.php\">Ciclo de C\u00f3mic e Histori(A)<\/a> a trav\u00e9s de un programa en el que se dar\u00e1n cita diversos autores de novela gr\u00e1fica donde la historia social mostrada a trav\u00e9s de las vi\u00f1etas ser\u00e1 la protagonista. La primera cita ser\u00e1 el <strong>viernes 6<\/strong> de <strong>marzo<\/strong> con la <a href=\"https:\/\/ondaexpansiva.net\/kartoffel-manada-de-lobos\/\">pareja de hermanos Ram\u00f3n y Jos\u00e9 Trigo<\/a><!--more--><\/p>\n<p>El I<a href=\"https:\/\/diariodevurgos.com\/dvwps\/ii-ciclo-comic-e-historia.php\">I Ciclo de C\u00f3mic e Histori(A)<\/a> arranca este mismo <strong>viernes 6 de marzo<\/strong> a las <strong>20:00 horas<\/strong> con la presencia de <strong>Ram\u00f3n Trigo<\/strong> (ilustrador) y <strong>Jos\u00e9 Trigo<\/strong> (guionista), pareja de hermanos que conforman el t\u00e1ndem que ha dado a luz t\u00edtulos como <em><a href=\"http:\/\/rmelhombrenuevo.blogspot.com\/\">Ricardo Mella, el hombre nuevo<\/a><\/em> y <a href=\"https:\/\/www.verkami.com\/projects\/25775-kartoffel\"><em>Kartoffel. Manada de lobos<\/em><\/a>. El primero de los c\u00f3mics creado por estos hermanos gallegos nos adentra en el periplo vital de <a href=\"http:\/\/alasbarricadas.org\/noticias\/node\/41034\">Ricardo Mella<\/a>, uno de los m\u00e1s brillantes pensadores y te\u00f3ricos del anarquismo ib\u00e9rico. Por su parte, <a href=\"https:\/\/kartoffeluboot.blogspot.com\/\"><em>Kartoffel<\/em><\/a> nos traslada al Vigo de 1943 mostr\u00e1ndonos una Espa\u00f1a sumida en la postguerra y una Europa devastada por la II Guerra Mundial en medio de un escenario donde se dan cita esp\u00edas de ambos bandos, contrabando de wolframio, submarinos alemanes y jerifaltes nazis.<\/p>\n<p><strong>Radio Onda Expansiva<\/strong> acaba de publicar<a href=\"https:\/\/ondaexpansiva.net\/kartoffel-manada-de-lobos\/\"> una entrevista conjunta con Ram\u00f3n y Jos\u00e9 Trigo<\/a> donde se explican las claves de esta novela gr\u00e1fica que pone al descubierto un inc\u00f3modo pasado de colaboraci\u00f3n entre la Galicia de la \u00e9poca franquista y la Alemania Nazi.<\/p>\n\n\t\t<style type=\"text\/css\">\n\t\t\t#gallery-1 {\n\t\t\t\tmargin: auto;\n\t\t\t}\n\t\t\t#gallery-1 .gallery-item {\n\t\t\t\tfloat: left;\n\t\t\t\tmargin-top: 10px;\n\t\t\t\ttext-align: center;\n\t\t\t\twidth: 50%;\n\t\t\t}\n\t\t\t#gallery-1 img {\n\t\t\t\tborder: 2px solid #cfcfcf;\n\t\t\t}\n\t\t\t#gallery-1 .gallery-caption {\n\t\t\t\tmargin-left: 0;\n\t\t\t}\n\t\t\t\/* see gallery_shortcode() in wp-includes\/media.php *\/\n\t\t<\/style>\n\t\t<div id='gallery-1' class='gallery galleryid-22870 gallery-columns-2 gallery-size-large'><dl class='gallery-item'>\n\t\t\t<dt class='gallery-icon portrait'>\n\t\t\t\t<a class=\"thumbnail\" href='https:\/\/diariodevurgos.com\/dvwps\/wp-content\/uploads\/2020\/03\/Ricardo-Mella-Hermanos-Trigo.jpg'><img width=\"574\" height=\"787\" src=\"https:\/\/diariodevurgos.com\/dvwps\/wp-content\/uploads\/2020\/03\/Ricardo-Mella-Hermanos-Trigo.jpg\" class=\"attachment-large size-large\" alt=\"\" loading=\"lazy\" srcset=\"https:\/\/diariodevurgos.com\/dvwps\/wp-content\/uploads\/2020\/03\/Ricardo-Mella-Hermanos-Trigo.jpg 574w, https:\/\/diariodevurgos.com\/dvwps\/wp-content\/uploads\/2020\/03\/Ricardo-Mella-Hermanos-Trigo-219x300.jpg 219w, https:\/\/diariodevurgos.com\/dvwps\/wp-content\/uploads\/2020\/03\/Ricardo-Mella-Hermanos-Trigo-370x507.jpg 370w\" sizes=\"(max-width: 574px) 100vw, 574px\" \/><\/a>\n\t\t\t<\/dt><\/dl><dl class='gallery-item'>\n\t\t\t<dt class='gallery-icon landscape'>\n\t\t\t\t<a class=\"thumbnail\" href='https:\/\/diariodevurgos.com\/dvwps\/wp-content\/uploads\/2020\/03\/Kartoffel.jpg'><img width=\"580\" height=\"326\" src=\"https:\/\/diariodevurgos.com\/dvwps\/wp-content\/uploads\/2020\/03\/Kartoffel.jpg\" class=\"attachment-large size-large\" alt=\"\" loading=\"lazy\" srcset=\"https:\/\/diariodevurgos.com\/dvwps\/wp-content\/uploads\/2020\/03\/Kartoffel.jpg 640w, https:\/\/diariodevurgos.com\/dvwps\/wp-content\/uploads\/2020\/03\/Kartoffel-300x169.jpg 300w, https:\/\/diariodevurgos.com\/dvwps\/wp-content\/uploads\/2020\/03\/Kartoffel-370x208.jpg 370w\" sizes=\"(max-width: 580px) 100vw, 580px\" \/><\/a>\n\t\t\t<\/dt><\/dl><br style=\"clear: both\" \/>\n\t\t<\/div>\n\n<p>As\u00ed mismo, la presentaci\u00f3n de ambas obras en la Biblioteca La Maldita contar\u00e1 con la <strong>realizaci\u00f3n en directo de un cuadro referente a las mismas<\/strong> por parte de Ram\u00f3n Trigo.<\/p>\n<p>Un ciclo tem\u00e1tico cuyo principal objetivo es <em>subvertir conciencias a trav\u00e9s de las vi\u00f1etas<\/em> y que supone una cita obligada para los amantes de la historia y la novela gr\u00e1fica.<\/p>\n<p style=\"text-align: center;\"><img loading=\"lazy\" class=\"aligncenter wp-image-22872 \" src=\"http:\/\/diariodevurgos.com\/dvwps\/wp-content\/uploads\/2020\/03\/II-Ciclo-C\u00f3mic-B1-web-724x1024.jpg\" alt=\"\" width=\"416\" height=\"588\" srcset=\"https:\/\/diariodevurgos.com\/dvwps\/wp-content\/uploads\/2020\/03\/II-Ciclo-C\u00f3mic-B1-web-724x1024.jpg 724w, https:\/\/diariodevurgos.com\/dvwps\/wp-content\/uploads\/2020\/03\/II-Ciclo-C\u00f3mic-B1-web-212x300.jpg 212w, https:\/\/diariodevurgos.com\/dvwps\/wp-content\/uploads\/2020\/03\/II-Ciclo-C\u00f3mic-B1-web-768x1086.jpg 768w, https:\/\/diariodevurgos.com\/dvwps\/wp-content\/uploads\/2020\/03\/II-Ciclo-C\u00f3mic-B1-web-370x523.jpg 370w, https:\/\/diariodevurgos.com\/dvwps\/wp-content\/uploads\/2020\/03\/II-Ciclo-C\u00f3mic-B1-web.jpg 814w\" sizes=\"(max-width: 416px) 100vw, 416px\" \/><\/p>\n","protected":false},"excerpt":{"rendered":"<p>Por segundo a\u00f1o consecutivo la Biblioteca La Maldita acoger\u00e1 el desarrollo del Ciclo de C\u00f3mic e Histori(A) a trav\u00e9s de un programa en el que se dar\u00e1n cita diversos autores de novela gr\u00e1fica donde la historia social mostrada a trav\u00e9s de las vi\u00f1etas ser\u00e1 la protagonista. La primera cita ser\u00e1 el viernes 6 de marzo&#8230;  <a href=\"https:\/\/diariodevurgos.com\/dvwps\/arranca-el-ii-ciclo-de-comic-e-historia.php\" class=\"more-link\" title=\"Read Arranca el II Ciclo de C\u00f3mic e Historia\">Read more &raquo;<\/a><\/p>\n","protected":false},"author":2,"featured_media":22832,"comment_status":"open","ping_status":"closed","sticky":false,"template":"","format":"standard","meta":[],"categories":[112,2,73,27,6,47,8],"tags":[],"_links":{"self":[{"href":"https:\/\/diariodevurgos.com\/dvwps\/wp-json\/wp\/v2\/posts\/22870"}],"collection":[{"href":"https:\/\/diariodevurgos.com\/dvwps\/wp-json\/wp\/v2\/posts"}],"about":[{"href":"https:\/\/diariodevurgos.com\/dvwps\/wp-json\/wp\/v2\/types\/post"}],"author":[{"embeddable":true,"href":"https:\/\/diariodevurgos.com\/dvwps\/wp-json\/wp\/v2\/users\/2"}],"replies":[{"embeddable":true,"href":"https:\/\/diariodevurgos.com\/dvwps\/wp-json\/wp\/v2\/comments?post=22870"}],"version-history":[{"count":8,"href":"https:\/\/diariodevurgos.com\/dvwps\/wp-json\/wp\/v2\/posts\/22870\/revisions"}],"predecessor-version":[{"id":22882,"href":"https:\/\/diariodevurgos.com\/dvwps\/wp-json\/wp\/v2\/posts\/22870\/revisions\/22882"}],"wp:featuredmedia":[{"embeddable":true,"href":"https:\/\/diariodevurgos.com\/dvwps\/wp-json\/wp\/v2\/media\/22832"}],"wp:attachment":[{"href":"https:\/\/diariodevurgos.com\/dvwps\/wp-json\/wp\/v2\/media?parent=22870"}],"wp:term":[{"taxonomy":"category","embeddable":true,"href":"https:\/\/diariodevurgos.com\/dvwps\/wp-json\/wp\/v2\/categories?post=22870"},{"taxonomy":"post_tag","embeddable":true,"href":"https:\/\/diariodevurgos.com\/dvwps\/wp-json\/wp\/v2\/tags?post=22870"}],"curies":[{"name":"wp","href":"https:\/\/api.w.org\/{rel}","templated":true}]}}