{"id":22897,"date":"2020-03-06T09:15:16","date_gmt":"2020-03-06T08:15:16","guid":{"rendered":"http:\/\/diariodevurgos.com\/dvwps\/?p=22897"},"modified":"2020-03-06T10:20:56","modified_gmt":"2020-03-06T09:20:56","slug":"presentacion-de-la-novela-grafica-ricardo-mella-el-hombre-nuevo-en-la-biblioteca-la-maldita","status":"publish","type":"post","link":"https:\/\/diariodevurgos.com\/dvwps\/presentacion-de-la-novela-grafica-ricardo-mella-el-hombre-nuevo-en-la-biblioteca-la-maldita.php","title":{"rendered":"Presentaci\u00f3n de la novela gr\u00e1fica \u201cRicardo Mella, el hombre nuevo\u201d en la Biblioteca La Maldita"},"content":{"rendered":"<p class=\"lead\">Este <strong>viernes 6 de marzo<\/strong>&nbsp; dar\u00e1 inicio el <a href=\"https:\/\/diariodevurgos.com\/dvwps\/ii-ciclo-comic-e-historia.php\">II Ciclo de C\u00f3mic e Histori(A)<\/a> que se organiza desde la <strong>Biblioteca La Maldita<\/strong> con la presentaci\u00f3n de <a href=\"https:\/\/www.verkami.com\/projects\/18774-ricardo-mella-el-hombre-nuevo\"><em>Ricardo Mella, el hombre nuevo,<\/em><\/a> una novela gr\u00e1fica que aborda la experiencia vital de uno de los te\u00f3ricos y pensadores m\u00e1s destacados del anarquismo ib\u00e9rico.<\/p>\n<p>La iniciativa, que dar\u00e1 comienzo a partir de las <strong>20:00 horas,<\/strong> contar\u00e1 con la presencia de los autores del c\u00f3mic: <strong>Jos\u00e9 Trigo<\/strong> y <strong>Ram\u00f3n Trigo,<\/strong> guionista e ilustrador respectivamente de la obra, que conforman una pareja de hermanos que se ha convertido en un aut\u00e9ntico t\u00e1ndem creativo. De su trabajo conjunto surgen t\u00edtulos tales como<a href=\"https:\/\/www.traficantes.net\/libros\/la-cueva-del-infierno\"><em> La cueva del infierno<\/em><\/a> o<a href=\"https:\/\/ondaexpansiva.net\/kartoffel-manada-de-lobos\/\"><em> Kartoffel. Manda de Lobos<\/em><\/a>, un c\u00f3mic que tambi\u00e9n ser\u00e1 protagonista de la velada de esta tarde en la Biblioteca La Maldita.<\/p>\n<p style=\"text-align: center;\"><img loading=\"lazy\" class=\"aligncenter wp-image-22898 \" src=\"http:\/\/diariodevurgos.com\/dvwps\/wp-content\/uploads\/2020\/03\/Ricardo-Mella-Hermanos-Trigo-1.jpg\" alt=\"\" width=\"442\" height=\"606\" srcset=\"https:\/\/diariodevurgos.com\/dvwps\/wp-content\/uploads\/2020\/03\/Ricardo-Mella-Hermanos-Trigo-1.jpg 574w, https:\/\/diariodevurgos.com\/dvwps\/wp-content\/uploads\/2020\/03\/Ricardo-Mella-Hermanos-Trigo-1-219x300.jpg 219w, https:\/\/diariodevurgos.com\/dvwps\/wp-content\/uploads\/2020\/03\/Ricardo-Mella-Hermanos-Trigo-1-370x507.jpg 370w\" sizes=\"(max-width: 442px) 100vw, 442px\" \/><\/p>\n<p>Por \u00faltimo, <strong>Ram\u00f3n Trigo llevar\u00e1 a cabo la realizaci\u00f3n de un cuadro en directo<\/strong> relacionado con los personajes de los c\u00f3mics que esta tarde se presentan en la biblioteca libertaria de Gamonal situada en <strong>C\/ Las Escuelas, 8A.<\/strong><\/p>\n","protected":false},"excerpt":{"rendered":"<p>Este viernes 6 de marzo&nbsp; dar\u00e1 inicio el II Ciclo de C\u00f3mic e Histori(A) que se organiza desde la Biblioteca La Maldita con la presentaci\u00f3n de Ricardo Mella, el hombre nuevo, una novela gr\u00e1fica que aborda la experiencia vital de uno de los te\u00f3ricos y pensadores m\u00e1s destacados del anarquismo ib\u00e9rico. La iniciativa, que dar\u00e1&#8230;  <a href=\"https:\/\/diariodevurgos.com\/dvwps\/presentacion-de-la-novela-grafica-ricardo-mella-el-hombre-nuevo-en-la-biblioteca-la-maldita.php\" class=\"more-link\" title=\"Read Presentaci\u00f3n de la novela gr\u00e1fica \u201cRicardo Mella, el hombre nuevo\u201d en la Biblioteca La Maldita\">Read more &raquo;<\/a><\/p>\n","protected":false},"author":2,"featured_media":22898,"comment_status":"open","ping_status":"closed","sticky":false,"template":"","format":"standard","meta":[],"categories":[112,2,73,14,27,6,47],"tags":[],"_links":{"self":[{"href":"https:\/\/diariodevurgos.com\/dvwps\/wp-json\/wp\/v2\/posts\/22897"}],"collection":[{"href":"https:\/\/diariodevurgos.com\/dvwps\/wp-json\/wp\/v2\/posts"}],"about":[{"href":"https:\/\/diariodevurgos.com\/dvwps\/wp-json\/wp\/v2\/types\/post"}],"author":[{"embeddable":true,"href":"https:\/\/diariodevurgos.com\/dvwps\/wp-json\/wp\/v2\/users\/2"}],"replies":[{"embeddable":true,"href":"https:\/\/diariodevurgos.com\/dvwps\/wp-json\/wp\/v2\/comments?post=22897"}],"version-history":[{"count":2,"href":"https:\/\/diariodevurgos.com\/dvwps\/wp-json\/wp\/v2\/posts\/22897\/revisions"}],"predecessor-version":[{"id":22900,"href":"https:\/\/diariodevurgos.com\/dvwps\/wp-json\/wp\/v2\/posts\/22897\/revisions\/22900"}],"wp:featuredmedia":[{"embeddable":true,"href":"https:\/\/diariodevurgos.com\/dvwps\/wp-json\/wp\/v2\/media\/22898"}],"wp:attachment":[{"href":"https:\/\/diariodevurgos.com\/dvwps\/wp-json\/wp\/v2\/media?parent=22897"}],"wp:term":[{"taxonomy":"category","embeddable":true,"href":"https:\/\/diariodevurgos.com\/dvwps\/wp-json\/wp\/v2\/categories?post=22897"},{"taxonomy":"post_tag","embeddable":true,"href":"https:\/\/diariodevurgos.com\/dvwps\/wp-json\/wp\/v2\/tags?post=22897"}],"curies":[{"name":"wp","href":"https:\/\/api.w.org\/{rel}","templated":true}]}}