{"id":23105,"date":"2020-04-26T11:54:55","date_gmt":"2020-04-26T09:54:55","guid":{"rendered":"http:\/\/diariodevurgos.com\/dvwps\/?p=23105"},"modified":"2020-04-26T11:58:23","modified_gmt":"2020-04-26T09:58:23","slug":"el-grupo-especial-secreto-y-las-redes-de-espionaje-en-el-burgos-de-la-guerra-civil","status":"publish","type":"post","link":"https:\/\/diariodevurgos.com\/dvwps\/el-grupo-especial-secreto-y-las-redes-de-espionaje-en-el-burgos-de-la-guerra-civil.php","title":{"rendered":"El \u201cGrupo Especial Secreto\u201d y las redes de espionaje en el Burgos de la Guerra Civil"},"content":{"rendered":"<p class=\"lead\"><strong>Radio Onda Expansiva<\/strong> entrevista a <strong>Jos\u00e9 Mar\u00eda Chom\u00f3n<\/strong>, profesor de la Universidad de Burgos y coautor del libro <a href=\"https:\/\/ondaexpansiva.net\/la-gestapo-espanola-y-la-creacion-en-burgos-de-los-servicios-secretos-de-franco\/\"><em>El GES, a la sombra de la GESTAPO. La creaci\u00f3n en Burgos de los servicios secretos de Franco<\/em><\/a>, donde se analiza el intento de creaci\u00f3n en Burgos de una red de espionaje inspirada en la GESTAPO alemana.<!--more--><\/p>\n<p>Para comprender c\u00f3mo se fraguaron las redes de espionaje del bando franquista con la ayuda de la Alemania nazi y la Italia de Mussolini,\u00a0 <a href=\"https:\/\/ondaexpansiva.net\/la-gestapo-espanola-y-la-creacion-en-burgos-de-los-servicios-secretos-de-franco\/\">Radio Onda Expansiva<\/a> ha tenido la oportunidad de entrevistar a Jos\u00e9 Mar\u00eda Chom\u00f3n, coautor del libro <em>El GES, a la sombra de la GESTAPO. La creaci\u00f3n en Burgos de los servicios secretos de Franco.<\/em><\/p>\n<p style=\"text-align: center;\"><img loading=\"lazy\" class=\"alignnone wp-image-23106 \" src=\"http:\/\/diariodevurgos.com\/dvwps\/wp-content\/uploads\/2020\/04\/portada_libro_los_servicios_secretos_franquistas._-701x1024.jpg\" alt=\"\" width=\"292\" height=\"426\" srcset=\"https:\/\/diariodevurgos.com\/dvwps\/wp-content\/uploads\/2020\/04\/portada_libro_los_servicios_secretos_franquistas._-701x1024.jpg 701w, https:\/\/diariodevurgos.com\/dvwps\/wp-content\/uploads\/2020\/04\/portada_libro_los_servicios_secretos_franquistas._-205x300.jpg 205w, https:\/\/diariodevurgos.com\/dvwps\/wp-content\/uploads\/2020\/04\/portada_libro_los_servicios_secretos_franquistas._-768x1122.jpg 768w, https:\/\/diariodevurgos.com\/dvwps\/wp-content\/uploads\/2020\/04\/portada_libro_los_servicios_secretos_franquistas._-370x541.jpg 370w, https:\/\/diariodevurgos.com\/dvwps\/wp-content\/uploads\/2020\/04\/portada_libro_los_servicios_secretos_franquistas._.jpg 958w\" sizes=\"(max-width: 292px) 100vw, 292px\" \/><\/p>\n<p>De la mano de este periodista y profesor de la Universidad de Burgos la radio libre burgalesa analiza el informe, hasta ahora in\u00e9dito, donde altos mandos del SIPM proponen la creaci\u00f3n de este Grupo Especial Secreto. Conoceremos tambi\u00e9n los detalles de las actividades de los servicios secretos en Burgos y sus investigaciones para desmantelar un supuesto complot para asesinar a Franco en 1938.<\/p>\n","protected":false},"excerpt":{"rendered":"<p>Radio Onda Expansiva entrevista a Jos\u00e9 Mar\u00eda Chom\u00f3n, profesor de la Universidad de Burgos y coautor del libro El GES, a la sombra de la GESTAPO. La creaci\u00f3n en Burgos de los servicios secretos de Franco, donde se analiza el intento de creaci\u00f3n en Burgos de una red de espionaje inspirada en la GESTAPO alemana.<\/p>\n","protected":false},"author":2,"featured_media":23106,"comment_status":"open","ping_status":"closed","sticky":false,"template":"","format":"standard","meta":[],"categories":[2,33,6,8,23],"tags":[],"_links":{"self":[{"href":"https:\/\/diariodevurgos.com\/dvwps\/wp-json\/wp\/v2\/posts\/23105"}],"collection":[{"href":"https:\/\/diariodevurgos.com\/dvwps\/wp-json\/wp\/v2\/posts"}],"about":[{"href":"https:\/\/diariodevurgos.com\/dvwps\/wp-json\/wp\/v2\/types\/post"}],"author":[{"embeddable":true,"href":"https:\/\/diariodevurgos.com\/dvwps\/wp-json\/wp\/v2\/users\/2"}],"replies":[{"embeddable":true,"href":"https:\/\/diariodevurgos.com\/dvwps\/wp-json\/wp\/v2\/comments?post=23105"}],"version-history":[{"count":3,"href":"https:\/\/diariodevurgos.com\/dvwps\/wp-json\/wp\/v2\/posts\/23105\/revisions"}],"predecessor-version":[{"id":23110,"href":"https:\/\/diariodevurgos.com\/dvwps\/wp-json\/wp\/v2\/posts\/23105\/revisions\/23110"}],"wp:featuredmedia":[{"embeddable":true,"href":"https:\/\/diariodevurgos.com\/dvwps\/wp-json\/wp\/v2\/media\/23106"}],"wp:attachment":[{"href":"https:\/\/diariodevurgos.com\/dvwps\/wp-json\/wp\/v2\/media?parent=23105"}],"wp:term":[{"taxonomy":"category","embeddable":true,"href":"https:\/\/diariodevurgos.com\/dvwps\/wp-json\/wp\/v2\/categories?post=23105"},{"taxonomy":"post_tag","embeddable":true,"href":"https:\/\/diariodevurgos.com\/dvwps\/wp-json\/wp\/v2\/tags?post=23105"}],"curies":[{"name":"wp","href":"https:\/\/api.w.org\/{rel}","templated":true}]}}