{"id":23148,"date":"2020-05-17T09:24:43","date_gmt":"2020-05-17T07:24:43","guid":{"rendered":"http:\/\/diariodevurgos.com\/dvwps\/?p=23148"},"modified":"2020-06-19T02:25:05","modified_gmt":"2020-06-19T00:25:05","slug":"la-huerta-y-el-origen-de-las-cosas-entrevista-con-ruben-uceda","status":"publish","type":"post","link":"https:\/\/diariodevurgos.com\/dvwps\/la-huerta-y-el-origen-de-las-cosas-entrevista-con-ruben-uceda.php","title":{"rendered":"La huerta y el origen de las cosas. Entrevista con Rub\u00e9n Uceda"},"content":{"rendered":"<p class=\"lead\"><a href=\"https:\/\/www.youtube.com\/watch?v=v5FOz6xSDsk&amp;feature=youtu.be\"><em>La Huerta y el origen de las cosas<\/em><\/a> es una novela gr\u00e1fica que nos acerca a la historia de un colectivo agroecol\u00f3gico que trata de practicar un modelo de producci\u00f3n y consumo diferente al capitalista. <strong>Radio Onda Expansiva<\/strong> <a href=\"https:\/\/ondaexpansiva.net\/la-huerta-y-el-origen-de-las-cosas\/\">entrevista a Rub\u00e9n Uceda<\/a>, autor de un c\u00f3mic que nos permite acercarnos al mundo del campo con una mirada diferente<\/p>\n<p>Con <a href=\"https:\/\/www.akal.com\/libro\/la-huerta_51062\/\"><em>La Huerta y el origen&nbsp; de las cosas<\/em> (Akal, 2018)<\/a> aprovechamos para sumergirnos en el origen del proceso de transformaci\u00f3n integral que supuso la aparici\u00f3n de la agricultura y el camino sin retorno que desde aquel entonces ha tomado la humanidad. La Huerta es, en definitiva, un tebeo que nos abre la posibilidad de contemplar el campo como un espacio en lucha por un ma\u00f1ana diferente.<\/p>\n<p style=\"text-align: center;\"><img loading=\"lazy\" class=\"alignnone wp-image-23149\" src=\"https:\/\/diariodevurgos.com\/dvwps\/wp-content\/uploads\/2020\/05\/La-huerta.jpg\" alt=\"\" width=\"249\" height=\"355\"><\/p>\n","protected":false},"excerpt":{"rendered":"<p>La Huerta y el origen de las cosas es una novela gr\u00e1fica que nos acerca a la historia de un colectivo agroecol\u00f3gico que trata de practicar un modelo de producci\u00f3n y consumo diferente al capitalista. Radio Onda Expansiva entrevista a Rub\u00e9n Uceda, autor de un c\u00f3mic que nos permite acercarnos al mundo del campo con&#8230;  <a href=\"https:\/\/diariodevurgos.com\/dvwps\/la-huerta-y-el-origen-de-las-cosas-entrevista-con-ruben-uceda.php\" class=\"more-link\" title=\"Read La huerta y el origen de las cosas. Entrevista con Rub\u00e9n Uceda\">Read more &raquo;<\/a><\/p>\n","protected":false},"author":2,"featured_media":23149,"comment_status":"open","ping_status":"closed","sticky":false,"template":"","format":"standard","meta":[],"categories":[61,73,33,6,23],"tags":[],"_links":{"self":[{"href":"https:\/\/diariodevurgos.com\/dvwps\/wp-json\/wp\/v2\/posts\/23148"}],"collection":[{"href":"https:\/\/diariodevurgos.com\/dvwps\/wp-json\/wp\/v2\/posts"}],"about":[{"href":"https:\/\/diariodevurgos.com\/dvwps\/wp-json\/wp\/v2\/types\/post"}],"author":[{"embeddable":true,"href":"https:\/\/diariodevurgos.com\/dvwps\/wp-json\/wp\/v2\/users\/2"}],"replies":[{"embeddable":true,"href":"https:\/\/diariodevurgos.com\/dvwps\/wp-json\/wp\/v2\/comments?post=23148"}],"version-history":[{"count":2,"href":"https:\/\/diariodevurgos.com\/dvwps\/wp-json\/wp\/v2\/posts\/23148\/revisions"}],"predecessor-version":[{"id":23261,"href":"https:\/\/diariodevurgos.com\/dvwps\/wp-json\/wp\/v2\/posts\/23148\/revisions\/23261"}],"wp:featuredmedia":[{"embeddable":true,"href":"https:\/\/diariodevurgos.com\/dvwps\/wp-json\/wp\/v2\/media\/23149"}],"wp:attachment":[{"href":"https:\/\/diariodevurgos.com\/dvwps\/wp-json\/wp\/v2\/media?parent=23148"}],"wp:term":[{"taxonomy":"category","embeddable":true,"href":"https:\/\/diariodevurgos.com\/dvwps\/wp-json\/wp\/v2\/categories?post=23148"},{"taxonomy":"post_tag","embeddable":true,"href":"https:\/\/diariodevurgos.com\/dvwps\/wp-json\/wp\/v2\/tags?post=23148"}],"curies":[{"name":"wp","href":"https:\/\/api.w.org\/{rel}","templated":true}]}}