{"id":23181,"date":"2020-06-01T11:29:47","date_gmt":"2020-06-01T09:29:47","guid":{"rendered":"http:\/\/diariodevurgos.com\/dvwps\/?p=23181"},"modified":"2022-05-03T12:34:28","modified_gmt":"2022-05-03T10:34:28","slug":"la-despensa-comun-reparto-de-alimentos-por-parte-de-la-red-de-solidaridad-de-burgos","status":"publish","type":"post","link":"https:\/\/diariodevurgos.com\/dvwps\/la-despensa-comun-reparto-de-alimentos-por-parte-de-la-red-de-solidaridad-de-burgos.php","title":{"rendered":"La Despensa Com\u00fan: reparto de alimentos por parte de la Red de Solidaridad de Burgos"},"content":{"rendered":"<p style=\"text-align: left;\" class=\"lead\">La <strong>Despensa Com\u00fan<\/strong> es una iniciativa que surge desde la <a href=\"https:\/\/redsolidaridadburgos.nesiweb.com\/\">Red de Solidaridad de Burgos<\/a> ante la imposibilidad de muchas familias de acceder a alimentaci\u00f3n y recursos b\u00e1sicos. De esta manera se crea un lugar en el que puedes aportar y adquirir elementos esenciales sin necesidad de dinero apostando por la solidaridad de clase y el apoyo mutuo.<\/p>\n<p>A continuaci\u00f3n publicamos toda la informaci\u00f3n disponible acerca de la <strong>Despensa Com\u00fan<\/strong> y los lugares donde poder aportar los alimentos, as\u00ed como donde poder recogerlos: <strong>&nbsp;Centro Social Recuperado de Gamonal <\/strong>situado en <strong>C\/ Pablo Casals 3<\/strong><strong>.<\/strong><\/p>\n<p><\/p>\n<p style=\"text-align: center;\"><img loading=\"lazy\" class=\"size-medium aligncenter\" src=\"https:\/\/redsolidaridadburgos.nesiweb.com\/wp-content\/uploads\/2020\/05\/EXuyQ1UX0Agd4Ql.png\" width=\"636\" height=\"900\"><\/p>\n\n\n<div class=\"wp-block-image\"><figure class=\"aligncenter\"><img src=\"https:\/\/redsolidaridadburgos.nesiweb.com\/wp-content\/uploads\/2020\/05\/EXu8vmmXkAAaZiO.jpeg\" alt=\"\"\/><\/figure><\/div>\n\n\n\n<figure class=\"wp-block-image\"><img loading=\"lazy\" width=\"803\" height=\"1024\" src=\"https:\/\/diariodevurgos.com\/dvwps\/wp-content\/uploads\/2020\/06\/Lugares-de-recogida-Despensa-Com\u00fan-803x1024.jpg\" alt=\"\" class=\"wp-image-23193\" srcset=\"https:\/\/diariodevurgos.com\/dvwps\/wp-content\/uploads\/2020\/06\/Lugares-de-recogida-Despensa-Com\u00fan-803x1024.jpg 803w, https:\/\/diariodevurgos.com\/dvwps\/wp-content\/uploads\/2020\/06\/Lugares-de-recogida-Despensa-Com\u00fan-235x300.jpg 235w, https:\/\/diariodevurgos.com\/dvwps\/wp-content\/uploads\/2020\/06\/Lugares-de-recogida-Despensa-Com\u00fan-768x980.jpg 768w, https:\/\/diariodevurgos.com\/dvwps\/wp-content\/uploads\/2020\/06\/Lugares-de-recogida-Despensa-Com\u00fan-370x472.jpg 370w, https:\/\/diariodevurgos.com\/dvwps\/wp-content\/uploads\/2020\/06\/Lugares-de-recogida-Despensa-Com\u00fan.jpg 1254w\" sizes=\"(max-width: 803px) 100vw, 803px\" \/><\/figure>\n\n\n\n<div class=\"wp-block-image\"><figure class=\"aligncenter\"><img src=\"https:\/\/redsolidaridadburgos.nesiweb.com\/wp-content\/uploads\/2020\/05\/EYTsEtXWAAQIixC.jpeg\" alt=\"\"\/><\/figure><\/div>\n\n\n\n<p><\/p>\n","protected":false},"excerpt":{"rendered":"<p>La Despensa Com\u00fan es una iniciativa que surge desde la Red de Solidaridad de Burgos ante la imposibilidad de muchas familias de acceder a alimentaci\u00f3n y recursos b\u00e1sicos. De esta manera se crea un lugar en el que puedes aportar y adquirir elementos esenciales sin necesidad de dinero apostando por la solidaridad de clase y&#8230;  <a href=\"https:\/\/diariodevurgos.com\/dvwps\/la-despensa-comun-reparto-de-alimentos-por-parte-de-la-red-de-solidaridad-de-burgos.php\" class=\"more-link\" title=\"Read La Despensa Com\u00fan: reparto de alimentos por parte de la Red de Solidaridad de Burgos\">Read more &raquo;<\/a><\/p>\n","protected":false},"author":2,"featured_media":23182,"comment_status":"open","ping_status":"closed","sticky":false,"template":"","format":"standard","meta":[],"categories":[2,78,14,27,119],"tags":[],"_links":{"self":[{"href":"https:\/\/diariodevurgos.com\/dvwps\/wp-json\/wp\/v2\/posts\/23181"}],"collection":[{"href":"https:\/\/diariodevurgos.com\/dvwps\/wp-json\/wp\/v2\/posts"}],"about":[{"href":"https:\/\/diariodevurgos.com\/dvwps\/wp-json\/wp\/v2\/types\/post"}],"author":[{"embeddable":true,"href":"https:\/\/diariodevurgos.com\/dvwps\/wp-json\/wp\/v2\/users\/2"}],"replies":[{"embeddable":true,"href":"https:\/\/diariodevurgos.com\/dvwps\/wp-json\/wp\/v2\/comments?post=23181"}],"version-history":[{"count":4,"href":"https:\/\/diariodevurgos.com\/dvwps\/wp-json\/wp\/v2\/posts\/23181\/revisions"}],"predecessor-version":[{"id":23194,"href":"https:\/\/diariodevurgos.com\/dvwps\/wp-json\/wp\/v2\/posts\/23181\/revisions\/23194"}],"wp:featuredmedia":[{"embeddable":true,"href":"https:\/\/diariodevurgos.com\/dvwps\/wp-json\/wp\/v2\/media\/23182"}],"wp:attachment":[{"href":"https:\/\/diariodevurgos.com\/dvwps\/wp-json\/wp\/v2\/media?parent=23181"}],"wp:term":[{"taxonomy":"category","embeddable":true,"href":"https:\/\/diariodevurgos.com\/dvwps\/wp-json\/wp\/v2\/categories?post=23181"},{"taxonomy":"post_tag","embeddable":true,"href":"https:\/\/diariodevurgos.com\/dvwps\/wp-json\/wp\/v2\/tags?post=23181"}],"curies":[{"name":"wp","href":"https:\/\/api.w.org\/{rel}","templated":true}]}}