{"id":23321,"date":"2020-07-20T02:14:53","date_gmt":"2020-07-20T00:14:53","guid":{"rendered":"http:\/\/diariodevurgos.com\/dvwps\/?p=23321"},"modified":"2020-07-20T02:17:00","modified_gmt":"2020-07-20T00:17:00","slug":"hace-84-anos","status":"publish","type":"post","link":"https:\/\/diariodevurgos.com\/dvwps\/hace-84-anos.php","title":{"rendered":"Hace 84 a\u00f1os&#8230;"},"content":{"rendered":"\n<p class=\"lead\">En esos momentos (Julio de 1936) Burgos estaba bajo una huelga en el sector de la construcci\u00f3n convocada por CNT y UGT a finales de junio.<\/p>\n\n\n\n<p>Los rumores sobre una posible sublevaci\u00f3n armada circulan por la ciudad el d\u00ed\u00ada 17 de Julio, el gobernador civil aseguro a los periodistas que el orden p\u00fablico estaba garantizado.<\/p>\n\n\n\n<!--more-->\n\n\n\n<p>Segun continua explicando el libro de <a href=\"https:\/\/diariodevurgos.com\/dvwps\/el-anarquismo-en-burgos.php\">\u201cEl Anarquismo en Burgos<\/a>&#8220;, el s\u00e1bado 18 de Julio se hablaba de que se hab\u00ed\u00adan sublevado los militares en A\u0081frica y en Cartagena.<\/p>\n\n\n\n<p>A las 23:00 h. cierran los locales la autoridad y las milicias anarquistas, socialistas y comunistas vigilan los cuarteles. Hacia la una de la madrugada unas trescientas personas se dirigen al cuartel de la guardia civil de la calle morco para apoderarse de las armas sin \u00e9xito; as\u00ed\u00ad como al parque de artiller\u00ed\u00ada. Hacia las dos y media salen las tropas, entrando los mandos al gobierno civil y declarando el estado de guerra. Pese a no tener armas el pueblo se producen peque\u00f1os gestos rebeldes, como los gritos contra los militares que patrullaban las calles y los insultos del viejo anarquista Nicanor Perez al oficial que lee el bando, siendo detenido en el momento, encarcelado y fusilado el 3 de octubre.<br>De esta manera se desmantelan la sedes obreras y comienzan las detenciones, encarcelamientos, sacas y juicios.<\/p>\n\n\n\n<p>Seg\u00fan Antonio Ruiz Villaplana en su libro \u201cDoy Fe\u201d, secretario judicial en esos momentos en Burgos, la primera v\u00edctima cayo a las tres de la tarde.<br>-Estaba yo terminando de comer en el hotel, cuando el alguacil se presento a buscarme con car\u00e1cter urgente.<br>Han matado un obrero- me dijo nerviosamente.<\/p>\n\n\n\n<p>\u2026un obrero, un pobre ayudante de alba\u00f1il, que salia de su casa, se cruzo con una camioneta donde iban \u201clegionarios de albi\u00f1ana dando voces\u201d.<br> -\u00a1Tu socialista c\u2026! -le gritaron desde el cami\u00f3n- \u00a1Grita viva Espa\u00f1a! \u00a1viva el ej\u00e9rcito!<br> -\u00a1Viva la rep\u00fablica! -Contesto el obrero-. Sonaron unos tiros y el cad\u00e1ver del desgraciado quedo en medio de la calle, frente a la Casa de Correos.<\/p>\n\n\n\n<p>Al d\u00eda siguiente el gobernador militar\u2026 hizo saber al juez la conveniencia de que aquellos hechos no \u201calcanzaran gran publicidad\u201d en beneficio del movimiento glorioso.<br>A partir de aquel d\u00eda, ya ni la guardia civil, ni la polic\u00eda realizaron gesti\u00f3n alguna en esta clase de hechos.<br>El nuevo Estado y la nueva Justicia hab\u00eda empezado a actuar.<\/p>\n\n\n\n<figure class=\"wp-block-image\"><img loading=\"lazy\" width=\"800\" height=\"445\" src=\"http:\/\/diariodevurgos.com\/dvwps\/wp-content\/uploads\/2018\/07\/milicianos-800x445.jpg\" alt=\"\" class=\"wp-image-20312\" srcset=\"https:\/\/diariodevurgos.com\/dvwps\/wp-content\/uploads\/2018\/07\/milicianos-800x445.jpg 800w, https:\/\/diariodevurgos.com\/dvwps\/wp-content\/uploads\/2018\/07\/milicianos-800x445-300x167.jpg 300w, https:\/\/diariodevurgos.com\/dvwps\/wp-content\/uploads\/2018\/07\/milicianos-800x445-768x427.jpg 768w, https:\/\/diariodevurgos.com\/dvwps\/wp-content\/uploads\/2018\/07\/milicianos-800x445-370x206.jpg 370w\" sizes=\"(max-width: 800px) 100vw, 800px\" \/><\/figure>\n\n\n\n<blockquote class=\"wp-block-quote is-style-default\"><p><strong>84 a\u00f1os despu\u00e9s seguimos luchando y autoorganizandonos por la revoluci\u00f3n social y la anarqu\u00ed\u00ada.<\/strong><\/p><\/blockquote>\n","protected":false},"excerpt":{"rendered":"<p>En esos momentos (Julio de 1936) Burgos estaba bajo una huelga en el sector de la construcci\u00f3n convocada por CNT y UGT a finales de junio. Los rumores sobre una posible sublevaci\u00f3n armada circulan por la ciudad el d\u00ed\u00ada 17 de Julio, el gobernador civil aseguro a los periodistas que el orden p\u00fablico estaba garantizado.<\/p>\n","protected":false},"author":23,"featured_media":6072,"comment_status":"closed","ping_status":"closed","sticky":false,"template":"","format":"standard","meta":[],"categories":[112,2,17],"tags":[],"_links":{"self":[{"href":"https:\/\/diariodevurgos.com\/dvwps\/wp-json\/wp\/v2\/posts\/23321"}],"collection":[{"href":"https:\/\/diariodevurgos.com\/dvwps\/wp-json\/wp\/v2\/posts"}],"about":[{"href":"https:\/\/diariodevurgos.com\/dvwps\/wp-json\/wp\/v2\/types\/post"}],"author":[{"embeddable":true,"href":"https:\/\/diariodevurgos.com\/dvwps\/wp-json\/wp\/v2\/users\/23"}],"replies":[{"embeddable":true,"href":"https:\/\/diariodevurgos.com\/dvwps\/wp-json\/wp\/v2\/comments?post=23321"}],"version-history":[{"count":1,"href":"https:\/\/diariodevurgos.com\/dvwps\/wp-json\/wp\/v2\/posts\/23321\/revisions"}],"predecessor-version":[{"id":23322,"href":"https:\/\/diariodevurgos.com\/dvwps\/wp-json\/wp\/v2\/posts\/23321\/revisions\/23322"}],"wp:featuredmedia":[{"embeddable":true,"href":"https:\/\/diariodevurgos.com\/dvwps\/wp-json\/wp\/v2\/media\/6072"}],"wp:attachment":[{"href":"https:\/\/diariodevurgos.com\/dvwps\/wp-json\/wp\/v2\/media?parent=23321"}],"wp:term":[{"taxonomy":"category","embeddable":true,"href":"https:\/\/diariodevurgos.com\/dvwps\/wp-json\/wp\/v2\/categories?post=23321"},{"taxonomy":"post_tag","embeddable":true,"href":"https:\/\/diariodevurgos.com\/dvwps\/wp-json\/wp\/v2\/tags?post=23321"}],"curies":[{"name":"wp","href":"https:\/\/api.w.org\/{rel}","templated":true}]}}