{"id":23375,"date":"2020-09-11T00:59:48","date_gmt":"2020-09-10T22:59:48","guid":{"rendered":"http:\/\/diariodevurgos.com\/dvwps\/?p=23375"},"modified":"2020-09-11T00:59:50","modified_gmt":"2020-09-10T22:59:50","slug":"asambleas-los-lunes-a-las-2000-h-en-tu-centro-de-salud","status":"publish","type":"post","link":"https:\/\/diariodevurgos.com\/dvwps\/asambleas-los-lunes-a-las-2000-h-en-tu-centro-de-salud.php","title":{"rendered":"Asambleas los lunes a las 20:00 h. en tu Centro de Salud"},"content":{"rendered":"\n<p class=\"lead\">La <a href=\"https:\/\/www.casestatal.org\/es\/2020\/09\/la-crisis-del-covid-como-oportunidad-de-negocio\/\">coordinadora contra la privatizaci\u00f3n de la Sanidad convoca<\/a> nuevas movilizaciones descentralizadas para fortalecer la autoorganizaci\u00f3n en cada barrio o pueblo en defensa de la sanidad gobierne quien gobierne.<\/p>\n\n\n\n<p>A continuaci\u00f3n el texto de la convocatoria:<\/p>\n\n\n\n<p>&lt;En este escenario, es urgente aglutinar a todos los que creen en la necesidad de un sistema sanitario al margen del lucro y al servicio de la salud colectiva. En todo el estado, <strong>gobierne quien gobierne: derogaci\u00f3n de las leyes privatizadoras, ni un euro de nuestros impuestos para empresas privadas; reforzamiento del sistema sanitario y de la salud p\u00fablica<\/strong>.<\/p>\n\n\n\n<p>Al mismo tiempo, si el sistema no garantiza la asistencia sanitaria en tiempos adecuados, no es descartable pensar en posibilidades <strong>alternativas de atenci\u00f3n sanitaria gestionadas desde la base<\/strong>. La experiencia griega es muy cercana y demostr\u00f3 que era posible.<\/p>\n\n\n\n<p>La Coordinadora Antiprivatizaci\u00f3n de la Sanidad (CAS) llama a la <strong>movilizaci\u00f3n<\/strong> para <strong>defender<\/strong> los <strong>centros sanitarios p\u00fablicos<\/strong>, ahora m\u00e1s necesarios que nunca. Todos los lunes, a partir del lunes 14 de septiembre,<strong> asambleas ante los Centros de Salud <\/strong>de cada barrio o pueblo.<\/p>\n\n\n\n<p>\u00a1Preparemos la gran  movilizaci\u00f3n estatal, el <strong>s\u00e1bado 17 de octubre<\/strong> en todos los puntos del Estado en los que sea posible!><\/p>\n\n\n\n<figure class=\"wp-block-image\"><img loading=\"lazy\" width=\"1000\" height=\"822\" src=\"http:\/\/diariodevurgos.com\/dvwps\/wp-content\/uploads\/2020\/09\/cas.jpeg\" alt=\"\" class=\"wp-image-23376\" srcset=\"https:\/\/diariodevurgos.com\/dvwps\/wp-content\/uploads\/2020\/09\/cas.jpeg 1000w, https:\/\/diariodevurgos.com\/dvwps\/wp-content\/uploads\/2020\/09\/cas-300x247.jpeg 300w, https:\/\/diariodevurgos.com\/dvwps\/wp-content\/uploads\/2020\/09\/cas-768x631.jpeg 768w, https:\/\/diariodevurgos.com\/dvwps\/wp-content\/uploads\/2020\/09\/cas-370x304.jpeg 370w\" sizes=\"(max-width: 1000px) 100vw, 1000px\" \/><\/figure>\n\n\n\n<p><strong>Texto completo:<\/strong><\/p>\n\n\n\n<h2>La crisis del covid como oportunidad de negocio<\/h2>\n\n\n\n<p>Como el sistema ha aprovechado el covid para avanzar en el deterioro del sistema sanitario y su privatizaci\u00f3n.<\/p>\n\n\n\n<p>Nuevas movilizaciones en todo el Estado. A partir del lunes 14, cada lunes a las 20h, asambleas delante de los Centros de Salud, en el camino hacia la movilizaci\u00f3n general descentralizada el s\u00e1bado 17 de octubre.<\/p>\n\n\n\n<p>Acallados los aplausos y las hip\u00f3critas alabanzas a la sanidad p\u00fablica por parte de los diferentes gobiernos, contin\u00faa cayendo dinero p\u00fablico a chorros en los bolsillos de las empresas privadas.<\/p>\n\n\n\n<p>Despu\u00e9s de haber desmantelado los servicios de Salud P\u00fablica, aquellos que deb\u00edan haber dirigido el funcionamiento del conjunto del sistema sanitario durante la pandemia, Catalu\u00f1a y Madrid han coronado el esperpento de sus desprop\u00f3sitos. Ambas contrataron con empresas privadas el \u201crastreo\u201d de casos de Covid 19. La Generalitat adjudic\u00f3 17,7 millones de euros a una filial de Ferrovial 1 y la Consejer\u00eda madrile\u00f1a contrat\u00f3 con un grupo de empresas encabezado por Telef\u00f3nica e Indra. Esta \u00faltima, presidida por Fernando Abril Martorell 2, nombre de nefasto recuerdo para la sanidad. En ambos casos la adjudicaci\u00f3n se hizo directamente, sin concurso alguno. La d\u00e9cima parte del personal necesario realiz\u00f3 los servicios de rastreo. Sin formaci\u00f3n sanitaria alguna y sin relaci\u00f3n con los servicios sanitarios p\u00fablicos.<\/p>\n\n\n\n<p>Por su parte, el Servicio Andaluz de Salud ha decidido destinar m\u00e1s de 100 millones de \u20ac a acuerdos con la sanidad privada para pruebas diagn\u00f3sticas e intervenciones quir\u00fargicas 3. Con esos 100 millones podr\u00edan haberse contratado cerca de 1.000 m\u00e9dic@s (salario bruto de 50.000 euros) y 1.700 enfermer@s (salario bruto de 30.000 euros) durante un a\u00f1o. Al mismo tiempo, destinar\u00e1 otros 75 millones \u20ac para \u201cpeonadas\u201d 4.<\/p>\n\n\n\n<p>Ahora, tras el par\u00e9ntesis veraniego, nos encontramos con un incremento de los contagios y con el sistema sanitario bajo m\u00ednimos. Incapaz de dar respuesta al resto de problemas de salud de la poblaci\u00f3n (con seguridad se ha producido un aumento de la mortalidad indirecta), corriendo el peligro de volver a colapsar si los ingresos se disparan. En todos los territorios el desastre organizativo es total, independientemente de quien gobierne. Sin rastreadores suficientes. Con laboratorios desbordados. Plantillas al l\u00edmite. Centros de atenci\u00f3n primaria, de urgencias y plantas enteras de hospitales p\u00fablicos, cerrados. Trabajadores agotados cuando no maltratados con contratos basura, llegando incluso a plantearse la renuncia a sus contratos.<\/p>\n\n\n\n<p>Las grandes ciudades con sus nodos de diseminaci\u00f3n, un sistema sanitario en estas condiciones y la incapacidad homicida de la administraci\u00f3n, son un caldo de cultivo perfecto. Y no es descartable una nueva masacre en las residencias de mayores. Porque tras 6 meses de pandemia, siguen sin control serio, sin los medios necesarios para dar respuesta a la misma situaci\u00f3n. Y los pol\u00edticos solo se han planteado el confinamiento total, inhumano, para sus residentes.<\/p>\n\n\n\n<p>Todo ello es producto de d\u00e9cadas de privatizaciones, desmantelamiento y recortes. Privatizaciones legales gracias a la ley 15\/97 y al art\u00edculo 90 de la Ley General de Sanidad. Recortes producto del art\u00edculo 135 de la Constituci\u00f3n. Leyes que todos los partidos del arco parlamentario apoyan en la pr\u00e1ctica.<\/p>\n\n\n\n<p>Pero la pandemia ha demostrado, aparte de lo anterior, lo que llevamos a\u00f1os denunciando: que el sistema sanitario es para los gobernantes una oportunidad de negocio, en cualquier circunstancia, aqu\u00ed y en otros puntos de Europa 5.<\/p>\n\n\n\n<p>El caso de los rastreadores es paradigm\u00e1tico. En ninguna Comunidad Aut\u00f3noma est\u00e1 funcionando correctamente el sistema de rastreo. En la mayor\u00eda, son rastreadores \u201cinvisibles\u201d, que nadie conoce, sin ninguna relaci\u00f3n con la atenci\u00f3n primaria. Aplicando cifras internacionales, tendr\u00edamos que tener un rastreador por cada 4.000-5.000 habitantes. Eso supondr\u00eda unos 10.500 rastreadores a nivel estatal, apenas 30 millones de \u20ac\/mes, 360 millones al a\u00f1o dentro de un presupuesto sanitario de 70.000 millones de \u20ac.<\/p>\n\n\n\n<p>Es un tema de prioridades sociales. Un solo avi\u00f3n de combate \u201cEurofighter\u201d (de los que Espa\u00f1a tiene unos 70), tiene un coste de 90 millones de \u20ac (m\u00e1s 15 millones de \u20ac\/a\u00f1o de mantenimiento). Es decir, por el coste de 4 aviones de combate (360 millones de \u20ac), garantizar\u00edamos rastreadores para todo el estado durante un a\u00f1o 6.<\/p>\n\n\n\n<p>No podemos achacar desconocimiento, ineficiencia o chapucer\u00eda a lo que est\u00e1 ocurriendo. Es su hist\u00f3rica forma de actuar. As\u00ed frente a lo que dicta el sentido com\u00fan, rastreadores y prevenci\u00f3n (lo que reducir\u00eda el gasto sanitario a corto plazo al reducir las necesidades de asistencia de atenci\u00f3n especializada) se ha elegido de nuevo lo m\u00e1s medi\u00e1tico y lo que ofrece posibilidades de negocio. As\u00ed los pol\u00edticos se han lanzado a construir hospitales innecesarios si se hubieran dado los pasos l\u00f3gicos desde la atenci\u00f3n primaria 7 y costosos tratamientos, algunos de dudosa eficacia. Cualquier cosa menos prevenir lo que no sabemos curar.<\/p>\n\n\n\n<p>El Sistema Nacional de Salud saldr\u00e1 mucho m\u00e1s debilitado y enfermo de esta crisis. Su deterioro alcanzar\u00e1 niveles desconocidos, ideal para que los seguros privados sigan incrementando sus cifras de negocio. Y frente a esto, no son cre\u00edbles los cantos de sirena de la Comisi\u00f3n de Reconstrucci\u00f3n de PP, Podemos y PSOE, porque sus medicinas no van a las causas de su enfermedad, solo eternizan la agon\u00eda del sistema sanitario.<\/p>\n\n\n\n<p>En este escenario, es urgente aglutinar a todos los que creen en la necesidad de un sistema sanitario al margen del lucro y al servicio de la salud colectiva. En todo el estado, gobierne quien gobierne: derogaci\u00f3n de las leyes privatizadoras, ni un euro de nuestros impuestos para empresas privadas; reforzamiento del sistema sanitario y de la salud p\u00fablica.<\/p>\n\n\n\n<p>Al mismo tiempo, si el sistema no garantiza la asistencia sanitaria en tiempos adecuados, no es descartable pensar en posibilidades alternativas de atenci\u00f3n sanitaria gestionadas desde la base. La experiencia griega es muy cercana y demostr\u00f3 que era posible 8.<\/p>\n\n\n\n<p>La Coordinadora Antiprivatizaci\u00f3n de la Sanidad (CAS) llama a la movilizaci\u00f3n para defender los centros sanitarios p\u00fablicos, ahora m\u00e1s necesarios que nunca. Todos los lunes, a partir del lunes 14 de septiembre, asambleas ante los Centros de Salud de cada barrio o pueblo.<\/p>\n\n\n\n<p>\u00a1Preparemos la gran  movilizaci\u00f3n estatal, el s\u00e1bado 17 de octubre en todos los puntos del Estado en los que sea posible!<\/p>\n\n\n\n<p>Por un sistema sanitario con gesti\u00f3n realmente democr\u00e1tica, para todxs, independientemente de la situaci\u00f3n administrativa, que excluya al \u00e1nimo de lucro y que act\u00fae sobre las causas sociales de la enfermedad.<\/p>\n","protected":false},"excerpt":{"rendered":"<p>La coordinadora contra la privatizaci\u00f3n de la Sanidad convoca nuevas movilizaciones descentralizadas para fortalecer la autoorganizaci\u00f3n en cada barrio o pueblo en defensa de la sanidad gobierne quien gobierne. A continuaci\u00f3n el texto de la convocatoria: &lt;En este escenario, es urgente aglutinar a todos los que creen en la necesidad de un sistema sanitario al&#8230;  <a href=\"https:\/\/diariodevurgos.com\/dvwps\/asambleas-los-lunes-a-las-2000-h-en-tu-centro-de-salud.php\" class=\"more-link\" title=\"Read Asambleas los lunes a las 20:00 h. en tu Centro de Salud\">Read more &raquo;<\/a><\/p>\n","protected":false},"author":23,"featured_media":23376,"comment_status":"closed","ping_status":"closed","sticky":false,"template":"","format":"standard","meta":[],"categories":[2,117,14,63],"tags":[],"_links":{"self":[{"href":"https:\/\/diariodevurgos.com\/dvwps\/wp-json\/wp\/v2\/posts\/23375"}],"collection":[{"href":"https:\/\/diariodevurgos.com\/dvwps\/wp-json\/wp\/v2\/posts"}],"about":[{"href":"https:\/\/diariodevurgos.com\/dvwps\/wp-json\/wp\/v2\/types\/post"}],"author":[{"embeddable":true,"href":"https:\/\/diariodevurgos.com\/dvwps\/wp-json\/wp\/v2\/users\/23"}],"replies":[{"embeddable":true,"href":"https:\/\/diariodevurgos.com\/dvwps\/wp-json\/wp\/v2\/comments?post=23375"}],"version-history":[{"count":1,"href":"https:\/\/diariodevurgos.com\/dvwps\/wp-json\/wp\/v2\/posts\/23375\/revisions"}],"predecessor-version":[{"id":23377,"href":"https:\/\/diariodevurgos.com\/dvwps\/wp-json\/wp\/v2\/posts\/23375\/revisions\/23377"}],"wp:featuredmedia":[{"embeddable":true,"href":"https:\/\/diariodevurgos.com\/dvwps\/wp-json\/wp\/v2\/media\/23376"}],"wp:attachment":[{"href":"https:\/\/diariodevurgos.com\/dvwps\/wp-json\/wp\/v2\/media?parent=23375"}],"wp:term":[{"taxonomy":"category","embeddable":true,"href":"https:\/\/diariodevurgos.com\/dvwps\/wp-json\/wp\/v2\/categories?post=23375"},{"taxonomy":"post_tag","embeddable":true,"href":"https:\/\/diariodevurgos.com\/dvwps\/wp-json\/wp\/v2\/tags?post=23375"}],"curies":[{"name":"wp","href":"https:\/\/api.w.org\/{rel}","templated":true}]}}