{"id":23424,"date":"2020-09-27T10:38:29","date_gmt":"2020-09-27T08:38:29","guid":{"rendered":"http:\/\/diariodevurgos.com\/dvwps\/?p=23424"},"modified":"2020-09-27T10:38:32","modified_gmt":"2020-09-27T08:38:32","slug":"ii-ocupacion-poetica-antonio-orihuela-en-el-csr-gamonal","status":"publish","type":"post","link":"https:\/\/diariodevurgos.com\/dvwps\/ii-ocupacion-poetica-antonio-orihuela-en-el-csr-gamonal.php","title":{"rendered":"II Ocupaci\u00f3n po\u00e9tica: Antonio Orihuela en el CSR Gamonal"},"content":{"rendered":"<p class=\"lead\">Tras el largo par\u00f3n en la programaci\u00f3n debido al estallido de la pandemia, las actividades culturales regresan al <a href=\"https:\/\/twitter.com\/CsrGamonal\/status\/1309427010759004161\">Centro Social Recuperado de Gamonal<\/a> a trav\u00e9s de una nueva <strong>ocupaci\u00f3n po\u00e9tica<\/strong> que contar\u00e1 con la presencia del multifac\u00e9tico poeta, ensayista y articulista <a href=\"https:\/\/es.wikipedia.org\/wiki\/Antonio_Orihuela\">Antonio Orihuela<\/a>.<\/p>\n<p>La velada, que tendr\u00e1 lugar el pr\u00f3ximo <strong>s\u00e1bado 3 de octubre<\/strong> a partir de las <strong>19:00 horas<\/strong>, se enmarca dentro del conjunto de actividades de poes\u00eda participativa que vuelven de nuevo a estar presentes en la din\u00e1mica del <strong>CSR Gamonal<\/strong>. Por otra parte, debido a la actual situaci\u00f3n sanitaria, desde el centro social se comunica que <strong>el aforo ser\u00e1 limitado<\/strong> y que ser\u00e1 necesario en todo momento el <strong>uso de mascarilla<\/strong> en el interior del espacio.<\/p>\n<p style=\"text-align: center;\"><img loading=\"lazy\" class=\"alignnone wp-image-23425 \" src=\"http:\/\/diariodevurgos.com\/dvwps\/wp-content\/uploads\/2020\/09\/Antonio-Orihuela-724x1024.jpg\" alt=\"\" width=\"456\" height=\"645\" srcset=\"https:\/\/diariodevurgos.com\/dvwps\/wp-content\/uploads\/2020\/09\/Antonio-Orihuela-724x1024.jpg 724w, https:\/\/diariodevurgos.com\/dvwps\/wp-content\/uploads\/2020\/09\/Antonio-Orihuela-212x300.jpg 212w, https:\/\/diariodevurgos.com\/dvwps\/wp-content\/uploads\/2020\/09\/Antonio-Orihuela-768x1086.jpg 768w, https:\/\/diariodevurgos.com\/dvwps\/wp-content\/uploads\/2020\/09\/Antonio-Orihuela-370x523.jpg 370w\" sizes=\"(max-width: 456px) 100vw, 456px\" \/><\/p>\n","protected":false},"excerpt":{"rendered":"<p>Tras el largo par\u00f3n en la programaci\u00f3n debido al estallido de la pandemia, las actividades culturales regresan al Centro Social Recuperado de Gamonal a trav\u00e9s de una nueva ocupaci\u00f3n po\u00e9tica que contar\u00e1 con la presencia del multifac\u00e9tico poeta, ensayista y articulista Antonio Orihuela. La velada, que tendr\u00e1 lugar el pr\u00f3ximo s\u00e1bado 3 de octubre a&#8230;  <a href=\"https:\/\/diariodevurgos.com\/dvwps\/ii-ocupacion-poetica-antonio-orihuela-en-el-csr-gamonal.php\" class=\"more-link\" title=\"Read II Ocupaci\u00f3n po\u00e9tica: Antonio Orihuela en el CSR Gamonal\">Read more &raquo;<\/a><\/p>\n","protected":false},"author":2,"featured_media":23425,"comment_status":"open","ping_status":"closed","sticky":false,"template":"","format":"standard","meta":[],"categories":[2,78,14,27,30],"tags":[],"_links":{"self":[{"href":"https:\/\/diariodevurgos.com\/dvwps\/wp-json\/wp\/v2\/posts\/23424"}],"collection":[{"href":"https:\/\/diariodevurgos.com\/dvwps\/wp-json\/wp\/v2\/posts"}],"about":[{"href":"https:\/\/diariodevurgos.com\/dvwps\/wp-json\/wp\/v2\/types\/post"}],"author":[{"embeddable":true,"href":"https:\/\/diariodevurgos.com\/dvwps\/wp-json\/wp\/v2\/users\/2"}],"replies":[{"embeddable":true,"href":"https:\/\/diariodevurgos.com\/dvwps\/wp-json\/wp\/v2\/comments?post=23424"}],"version-history":[{"count":2,"href":"https:\/\/diariodevurgos.com\/dvwps\/wp-json\/wp\/v2\/posts\/23424\/revisions"}],"predecessor-version":[{"id":23427,"href":"https:\/\/diariodevurgos.com\/dvwps\/wp-json\/wp\/v2\/posts\/23424\/revisions\/23427"}],"wp:featuredmedia":[{"embeddable":true,"href":"https:\/\/diariodevurgos.com\/dvwps\/wp-json\/wp\/v2\/media\/23425"}],"wp:attachment":[{"href":"https:\/\/diariodevurgos.com\/dvwps\/wp-json\/wp\/v2\/media?parent=23424"}],"wp:term":[{"taxonomy":"category","embeddable":true,"href":"https:\/\/diariodevurgos.com\/dvwps\/wp-json\/wp\/v2\/categories?post=23424"},{"taxonomy":"post_tag","embeddable":true,"href":"https:\/\/diariodevurgos.com\/dvwps\/wp-json\/wp\/v2\/tags?post=23424"}],"curies":[{"name":"wp","href":"https:\/\/api.w.org\/{rel}","templated":true}]}}