{"id":23499,"date":"2020-11-02T09:00:43","date_gmt":"2020-11-02T08:00:43","guid":{"rendered":"http:\/\/diariodevurgos.com\/dvwps\/?p=23499"},"modified":"2020-11-02T12:15:16","modified_gmt":"2020-11-02T11:15:16","slug":"en-noviembre-sigue-la-huelga-en-las-prisiones","status":"publish","type":"post","link":"https:\/\/diariodevurgos.com\/dvwps\/en-noviembre-sigue-la-huelga-en-las-prisiones.php","title":{"rendered":"En noviembre, sigue la huelga en las prisiones"},"content":{"rendered":"\n<p class=\"lead\">Comienza noviembre y con \u00e9l el tercer mes de la huelga de hambre rotativa que est\u00e1n llevando acabo presos en lucha de todo el Estado.<\/p>\n\n\n\n<p>Esta huelga ya fue realizada el a\u00f1o pasado solicitando las mismas 14 reivindicaciones.<\/p>\n\n\n\n<!--more-->\n\n\n\n<p>Este mes de noviembre es el turno de: Hermenegildo Alexis M\u00e9ndez Ascensi\u00f3n, desde la c\u00e1rcel de Daroca (Zaragoza); Alfonso Mart\u00ed Aracil, desde la c\u00e1rcel de Villena (Alicante) y Xavier Corporales Barruecos, desde la c\u00e1rcel del Puerto de Santa Mar\u00eda (C\u00e1diz).<\/p>\n\n\n\n<figure class=\"wp-block-image\"><img loading=\"lazy\" width=\"724\" height=\"1024\" src=\"http:\/\/diariodevurgos.com\/dvwps\/wp-content\/uploads\/2020\/11\/Novembre-724x1024.jpg\" alt=\"\" class=\"wp-image-23500\" srcset=\"https:\/\/diariodevurgos.com\/dvwps\/wp-content\/uploads\/2020\/11\/Novembre-724x1024.jpg 724w, https:\/\/diariodevurgos.com\/dvwps\/wp-content\/uploads\/2020\/11\/Novembre-212x300.jpg 212w, https:\/\/diariodevurgos.com\/dvwps\/wp-content\/uploads\/2020\/11\/Novembre-768x1086.jpg 768w, https:\/\/diariodevurgos.com\/dvwps\/wp-content\/uploads\/2020\/11\/Novembre-370x523.jpg 370w, https:\/\/diariodevurgos.com\/dvwps\/wp-content\/uploads\/2020\/11\/Novembre.jpg 1810w\" sizes=\"(max-width: 724px) 100vw, 724px\" \/><\/figure>\n","protected":false},"excerpt":{"rendered":"<p>Comienza noviembre y con \u00e9l el tercer mes de la huelga de hambre rotativa que est\u00e1n llevando acabo presos en lucha de todo el Estado. Esta huelga ya fue realizada el a\u00f1o pasado solicitando las mismas 14 reivindicaciones.<\/p>\n","protected":false},"author":67,"featured_media":23500,"comment_status":"open","ping_status":"closed","sticky":false,"template":"","format":"standard","meta":[],"categories":[22],"tags":[],"_links":{"self":[{"href":"https:\/\/diariodevurgos.com\/dvwps\/wp-json\/wp\/v2\/posts\/23499"}],"collection":[{"href":"https:\/\/diariodevurgos.com\/dvwps\/wp-json\/wp\/v2\/posts"}],"about":[{"href":"https:\/\/diariodevurgos.com\/dvwps\/wp-json\/wp\/v2\/types\/post"}],"author":[{"embeddable":true,"href":"https:\/\/diariodevurgos.com\/dvwps\/wp-json\/wp\/v2\/users\/67"}],"replies":[{"embeddable":true,"href":"https:\/\/diariodevurgos.com\/dvwps\/wp-json\/wp\/v2\/comments?post=23499"}],"version-history":[{"count":2,"href":"https:\/\/diariodevurgos.com\/dvwps\/wp-json\/wp\/v2\/posts\/23499\/revisions"}],"predecessor-version":[{"id":23502,"href":"https:\/\/diariodevurgos.com\/dvwps\/wp-json\/wp\/v2\/posts\/23499\/revisions\/23502"}],"wp:featuredmedia":[{"embeddable":true,"href":"https:\/\/diariodevurgos.com\/dvwps\/wp-json\/wp\/v2\/media\/23500"}],"wp:attachment":[{"href":"https:\/\/diariodevurgos.com\/dvwps\/wp-json\/wp\/v2\/media?parent=23499"}],"wp:term":[{"taxonomy":"category","embeddable":true,"href":"https:\/\/diariodevurgos.com\/dvwps\/wp-json\/wp\/v2\/categories?post=23499"},{"taxonomy":"post_tag","embeddable":true,"href":"https:\/\/diariodevurgos.com\/dvwps\/wp-json\/wp\/v2\/tags?post=23499"}],"curies":[{"name":"wp","href":"https:\/\/api.w.org\/{rel}","templated":true}]}}