{"id":23528,"date":"2020-11-20T12:41:43","date_gmt":"2020-11-20T11:41:43","guid":{"rendered":"http:\/\/diariodevurgos.com\/dvwps\/?p=23528"},"modified":"2020-11-20T12:41:45","modified_gmt":"2020-11-20T11:41:45","slug":"concentracion-en-burgos-por-un-sahara-libre","status":"publish","type":"post","link":"https:\/\/diariodevurgos.com\/dvwps\/concentracion-en-burgos-por-un-sahara-libre.php","title":{"rendered":"Concentraci\u00f3n en Burgos por un S\u00e1hara libre"},"content":{"rendered":"<p class=\"lead\">La <strong>Asociaci\u00f3n Burgalesa de Amigos del Pueblo Saharaui<\/strong> y el colectivo <strong>Iniciativa Solidaria Internacionalista<\/strong> convocan una concentraci\u00f3n a favor de un S\u00e1hara occidental libre y contra la represi\u00f3n a los presos pol\u00edticos saharauis. La iniciativa tendr\u00e1 lugar el<strong> s\u00e1bado 21 de noviembre a las 19:00 horas<\/strong> en la <strong>plaza del Cid de Burgos.<\/strong><\/p>\n<p style=\"text-align: center;\"><img loading=\"lazy\" class=\"alignnone wp-image-23529 \" src=\"http:\/\/diariodevurgos.com\/dvwps\/wp-content\/uploads\/2020\/11\/Concentraci\u00f3n-Sahara-libre-736x1024.jpg\" alt=\"\" width=\"436\" height=\"607\" srcset=\"https:\/\/diariodevurgos.com\/dvwps\/wp-content\/uploads\/2020\/11\/Concentraci\u00f3n-Sahara-libre-736x1024.jpg 736w, https:\/\/diariodevurgos.com\/dvwps\/wp-content\/uploads\/2020\/11\/Concentraci\u00f3n-Sahara-libre-216x300.jpg 216w, https:\/\/diariodevurgos.com\/dvwps\/wp-content\/uploads\/2020\/11\/Concentraci\u00f3n-Sahara-libre-768x1068.jpg 768w, https:\/\/diariodevurgos.com\/dvwps\/wp-content\/uploads\/2020\/11\/Concentraci\u00f3n-Sahara-libre-370x514.jpg 370w, https:\/\/diariodevurgos.com\/dvwps\/wp-content\/uploads\/2020\/11\/Concentraci\u00f3n-Sahara-libre.jpg 863w\" sizes=\"(max-width: 436px) 100vw, 436px\" \/><\/p>\n","protected":false},"excerpt":{"rendered":"<p>La Asociaci\u00f3n Burgalesa de Amigos del Pueblo Saharaui y el colectivo Iniciativa Solidaria Internacionalista convocan una concentraci\u00f3n a favor de un S\u00e1hara occidental libre y contra la represi\u00f3n a los presos pol\u00edticos saharauis. La iniciativa tendr\u00e1 lugar el s\u00e1bado 21 de noviembre a las 19:00 horas en la plaza del Cid de Burgos.<\/p>\n","protected":false},"author":2,"featured_media":23529,"comment_status":"open","ping_status":"closed","sticky":false,"template":"","format":"standard","meta":[],"categories":[2,14,24],"tags":[],"_links":{"self":[{"href":"https:\/\/diariodevurgos.com\/dvwps\/wp-json\/wp\/v2\/posts\/23528"}],"collection":[{"href":"https:\/\/diariodevurgos.com\/dvwps\/wp-json\/wp\/v2\/posts"}],"about":[{"href":"https:\/\/diariodevurgos.com\/dvwps\/wp-json\/wp\/v2\/types\/post"}],"author":[{"embeddable":true,"href":"https:\/\/diariodevurgos.com\/dvwps\/wp-json\/wp\/v2\/users\/2"}],"replies":[{"embeddable":true,"href":"https:\/\/diariodevurgos.com\/dvwps\/wp-json\/wp\/v2\/comments?post=23528"}],"version-history":[{"count":1,"href":"https:\/\/diariodevurgos.com\/dvwps\/wp-json\/wp\/v2\/posts\/23528\/revisions"}],"predecessor-version":[{"id":23530,"href":"https:\/\/diariodevurgos.com\/dvwps\/wp-json\/wp\/v2\/posts\/23528\/revisions\/23530"}],"wp:featuredmedia":[{"embeddable":true,"href":"https:\/\/diariodevurgos.com\/dvwps\/wp-json\/wp\/v2\/media\/23529"}],"wp:attachment":[{"href":"https:\/\/diariodevurgos.com\/dvwps\/wp-json\/wp\/v2\/media?parent=23528"}],"wp:term":[{"taxonomy":"category","embeddable":true,"href":"https:\/\/diariodevurgos.com\/dvwps\/wp-json\/wp\/v2\/categories?post=23528"},{"taxonomy":"post_tag","embeddable":true,"href":"https:\/\/diariodevurgos.com\/dvwps\/wp-json\/wp\/v2\/tags?post=23528"}],"curies":[{"name":"wp","href":"https:\/\/api.w.org\/{rel}","templated":true}]}}