{"id":23531,"date":"2020-11-22T19:33:29","date_gmt":"2020-11-22T18:33:29","guid":{"rendered":"http:\/\/diariodevurgos.com\/dvwps\/?p=23531"},"modified":"2020-12-01T16:34:46","modified_gmt":"2020-12-01T15:34:46","slug":"la-bandera-de-tu-mascarilla","status":"publish","type":"post","link":"https:\/\/diariodevurgos.com\/dvwps\/la-bandera-de-tu-mascarilla.php","title":{"rendered":"La bandera de tu mascarilla"},"content":{"rendered":"\n<p class=\"lead\"><\/p>\n\n\n\n<p>Poco se puede leer y poca gente conoce el rese\u00f1able e interesante movimiento suizo \u201c<em>Operaci\u00f3n Libero<\/em>\u201d, ahora mismo es uno de los pocos movimientos pol\u00edticos que sin ser partido ha frenado en seco a la ultraderecha desde un punto de vista activista. <\/p>\n\n\n\n<!--more-->\n\n\n\n<p>Este movimiento naci\u00f3 en 2014 cuando la ultraderecha suiza se alzaba como una de las principales fuerzas pol\u00edticas representativas suizas llegando al parlamento. Pero es en 2016 cuando el movimiento coge relevancia, consiguen tumbar en el \u00faltimo segundo un refer\u00e9ndum propuesto por la ultraderecha suiza que se daba por ganado. El pol\u00e9mico refer\u00e9ndum ped\u00eda expulsar a los inmigrantes por cualquier delito cometido. \u201c<em><a href=\"https:\/\/es.wikipedia.org\/wiki\/Operaci%C3%B3n_L%C3%ADbero\">Operaci\u00f3n Libero<\/a><\/em>\u201d ha aportado mucho a c\u00f3mo combatir el populismo que fabrica la ultraderecha. Obviamente no todo son flores para este movimiento, \u201c<em>Operaci\u00f3n Libero<\/em>\u201d es un movimiento liberal y europe\u00edsta, algo huele mal cuando alguno de sus l\u00edderes aparece entre la \u201cprestigiosa\u201d lista de las 30 personas m\u00e1s influyentes de Forbes. Pero no deber\u00edamos olvidar que los liberales tambi\u00e9n son antifascistas y que algunas corrientes liberales tienen un curr\u00edculum salvaje luchando contra el fascismo, desde el 39 hasta nuestros d\u00edas. De su receta hay consejos muy a tener en cuenta. Por ejemplo, uno de ellos es usar lenguaje simple y sin tratar a la gente por idiota. Para este movimiento la gente anda preocupada en otras cosas y un mensaje simple cala m\u00e1s que uno complicado. Pero de entre todas las cosas que podemos sacar en claro de este movimiento, que hay muchas, hay una especialmente escabrosa: Apropiarse de los s\u00edmbolos nacionales.<\/p>\n\n\n\n<p>\u201c<em>Operaci\u00f3n Libero<\/em>\u201d recuper\u00f3 la bandera suiza y los s\u00edmbolos nacionales us\u00e1ndolos en sus campa\u00f1as. Algunos polit\u00f3logos han llegado a asegurar que fue uno de los principales aciertos que en 2016 hicieron virar el rumbo de un pa\u00eds a punto de descarrilar en la xenofobia:<\/p>\n\n\n\n<figure class=\"wp-block-embed-youtube wp-block-embed is-type-video is-provider-youtube wp-embed-aspect-16-9 wp-has-aspect-ratio\"><div class=\"wp-block-embed__wrapper\">\n<iframe loading=\"lazy\" title=\"NEIN zur &quot;Durchsetzungsinitiative&quot;: Sie schwingt die Abrissbirne gegen die Schweiz\" width=\"580\" height=\"326\" src=\"https:\/\/www.youtube.com\/embed\/KngyFXnpxc0?feature=oembed\" frameborder=\"0\" allow=\"accelerometer; autoplay; clipboard-write; encrypted-media; gyroscope; picture-in-picture\" allowfullscreen><\/iframe>\n<\/div><figcaption>Uno de los v\u00eddeos de &#8220;Operaci\u00f3n Libero&#8221;<\/figcaption><\/figure>\n\n\n\n<p>Mientras en Suiza la ultraderecha llegaba al parlamento, en Espa\u00f1a nacia una escisi\u00f3n que pillaba en fuera de juego a Rajoy. Abascal y el burgal\u00e9s Ortega Lara perpetraban la primera fractura del partido en dos d\u00e9cadas y fundaban el referente de la ultraderecha espa\u00f1ola. Seis a\u00f1os despu\u00e9s muchos pol\u00edticos y movimientos de izquierdas con una ultraderecha desatada parece que han empezando a aplicar gran parte de la receta que los suizos han dejado escrita y han comenzado a usar los s\u00edmbolos nacionales espa\u00f1oles. En la mascarilla, en los iconos de las redes sociales, en la propaganda o incluso impl\u00edcita en los nombres de partidos podemos ver referencias patrias. La bandera de Espa\u00f1a empieza a ser un com\u00fan denominador de muchas fuerzas pol\u00edticas, incluso en partidos y destacados militantes de izquierda. Es una f\u00f3rmula que ha funcionado muy bien en Suiza, \u00bffuncionar\u00e1 as\u00ed de bien aqu\u00ed tambi\u00e9n?, est\u00e1 por ver.<\/p>\n\n\n\n<p>La bandera de Espa\u00f1a tiene un deplorable origen, para mi como para muchos otros es nauseabunda. Pero pese a que las comparaciones sean odiosas y la bandera de Espa\u00f1a de asco tanto por su origen como por lo que representa, la de Euskal Herria, por ejemplo, no se queda atr\u00e1s y sin embargo no ha sufrido la misma repulsa. La bandera de Euskal Herria la crearon los hermanos Arana. Al menos Sabino Arana era claramente un xen\u00f3fobo y la bandera est\u00e1 cargada de simbolog\u00eda cat\u00f3lica y de derechas. Lejos de entrar en est\u00fapidas competiciones la mayor\u00eda de las banderas tienen un origen lamentable, en el estado espa\u00f1ol la izquierda ha bendecido banderas usadas por reyes a las que ha a\u00f1adido la estrella roja o las ha deste\u00f1ido para inmacularlas. Como si eso fuese suficiente para olvidar la sangre, el sudor y la tiran\u00eda que trajeron a nuestros antepasados esos inmundos trapos.<\/p>\n\n\n\n<p>Es triste ver como el sentimiento nacionalista se expande como una lacra y cala en nuestra sociedad, sea cual sea la bandera, sean cual sean sus fronteras o sea cual sea el eufemismo con el que se auto-denomine (reino, naci\u00f3n, imperio, pueblo\u2026). Por otro lado no sorprende que si la bandera de Espa\u00f1a est\u00e1 de moda, los pol\u00edticos con ansia de representar sigan la moda, como tampoco sorprende que si la xenofobia se populariza en muchas corrientes de izquierda despierten voces que adapten el discurso xen\u00f3fobo para atraer al votante. Luchar contra el fascismo usando sus fetiches no parece un camino honesto, pero tampoco parece honesto inventar y sacar a escena otros fetiches que, pese a tener diferentes colores, vienen a ser lo mismo. Adem\u00e1s los debates tras la bandera y el sentimiento patrio llegan a ser tan tristes que han terminado en competiciones populares de \u201ca ver qui\u00e9n la tiene m\u00e1s grande\u201d o \u201ca ver qui\u00e9n saca m\u00e1s banderas al balc\u00f3n\u201d. <\/p>\n\n\n\n<p>Puede que a los suizos les funcionase esa estrategia de la bandera. Pero esta claro que aqu\u00ed, al menos, la guerra con las banderas ha idiotizado a la sociedad. Ha centrado el debate pol\u00edtico en el nefasto \u201c<em>sentimiento de pertenencia<\/em>\u201d cambiando la lucha de clases por la lucha entre iguales. Obreros espa\u00f1oles contra obreros catalans, obreros catalans contra obreros valencianes, obreros c\u00e1ntabros contra obreros euskaldunes\u2026 Y lo peor es que el fascismo parece estar en su salsa.<\/p>\n\n\n\n<figure class=\"wp-block-image\"><img loading=\"lazy\" width=\"800\" height=\"450\" src=\"http:\/\/diariodevurgos.com\/dvwps\/wp-content\/uploads\/2020\/11\/mascarillas.jpg\" alt=\"\" class=\"wp-image-23532\" srcset=\"https:\/\/diariodevurgos.com\/dvwps\/wp-content\/uploads\/2020\/11\/mascarillas.jpg 800w, https:\/\/diariodevurgos.com\/dvwps\/wp-content\/uploads\/2020\/11\/mascarillas-300x169.jpg 300w, https:\/\/diariodevurgos.com\/dvwps\/wp-content\/uploads\/2020\/11\/mascarillas-768x432.jpg 768w, https:\/\/diariodevurgos.com\/dvwps\/wp-content\/uploads\/2020\/11\/mascarillas-370x208.jpg 370w\" sizes=\"(max-width: 800px) 100vw, 800px\" \/><\/figure>\n","protected":false},"excerpt":{"rendered":"<p>Poco se puede leer y poca gente conoce el rese\u00f1able e interesante movimiento suizo \u201cOperaci\u00f3n Libero\u201d, ahora mismo es uno de los pocos movimientos pol\u00edticos que sin ser partido ha frenado en seco a la ultraderecha desde un punto de vista activista.<\/p>\n","protected":false},"author":1,"featured_media":23532,"comment_status":"open","ping_status":"closed","sticky":false,"template":"","format":"standard","meta":[],"categories":[31,103,98],"tags":[],"_links":{"self":[{"href":"https:\/\/diariodevurgos.com\/dvwps\/wp-json\/wp\/v2\/posts\/23531"}],"collection":[{"href":"https:\/\/diariodevurgos.com\/dvwps\/wp-json\/wp\/v2\/posts"}],"about":[{"href":"https:\/\/diariodevurgos.com\/dvwps\/wp-json\/wp\/v2\/types\/post"}],"author":[{"embeddable":true,"href":"https:\/\/diariodevurgos.com\/dvwps\/wp-json\/wp\/v2\/users\/1"}],"replies":[{"embeddable":true,"href":"https:\/\/diariodevurgos.com\/dvwps\/wp-json\/wp\/v2\/comments?post=23531"}],"version-history":[{"count":6,"href":"https:\/\/diariodevurgos.com\/dvwps\/wp-json\/wp\/v2\/posts\/23531\/revisions"}],"predecessor-version":[{"id":23550,"href":"https:\/\/diariodevurgos.com\/dvwps\/wp-json\/wp\/v2\/posts\/23531\/revisions\/23550"}],"wp:featuredmedia":[{"embeddable":true,"href":"https:\/\/diariodevurgos.com\/dvwps\/wp-json\/wp\/v2\/media\/23532"}],"wp:attachment":[{"href":"https:\/\/diariodevurgos.com\/dvwps\/wp-json\/wp\/v2\/media?parent=23531"}],"wp:term":[{"taxonomy":"category","embeddable":true,"href":"https:\/\/diariodevurgos.com\/dvwps\/wp-json\/wp\/v2\/categories?post=23531"},{"taxonomy":"post_tag","embeddable":true,"href":"https:\/\/diariodevurgos.com\/dvwps\/wp-json\/wp\/v2\/tags?post=23531"}],"curies":[{"name":"wp","href":"https:\/\/api.w.org\/{rel}","templated":true}]}}