{"id":23551,"date":"2020-12-07T23:16:47","date_gmt":"2020-12-07T22:16:47","guid":{"rendered":"http:\/\/diariodevurgos.com\/dvwps\/?p=23551"},"modified":"2020-12-07T23:38:28","modified_gmt":"2020-12-07T22:38:28","slug":"continua-las-movilizaciones-en-defensa-de-la-sanidad","status":"publish","type":"post","link":"https:\/\/diariodevurgos.com\/dvwps\/continua-las-movilizaciones-en-defensa-de-la-sanidad.php","title":{"rendered":"Continua las movilizaciones en defensa de la Sanidad"},"content":{"rendered":"\n<p class=\"lead\">Desde la Coordinadora Antiprivatizaci\u00f3n de la Sanidad de Burgos hacen un llamamiento &lt;a todas las personas, organizaciones y colectivos interesados en la defensa de la sanidad.&gt;<\/p>\n\n\n\n<p>&lt;Retomamos las movilizaciones que se est\u00e1n llevando a cabo en todo el Estado> &lt;En Burgos se ven\u00edan haciendo concentraciones en los Centros de Salud desde el verano, y se celebr\u00f3 una manifestaci\u00f3n el 17 de octubre, la primera tras el confinamiento.><\/p>\n\n\n\n<!--more-->\n\n\n\n<p>Segun explican en una nota recibida en este diario: &lt;En este momento es necesario dar un impulso nuevamente a las concentraciones en Centros Sanitarios, volver a los barrios, la lucha vecinal, dando continuidad a lo que se ven\u00eda haciendo. Ahora bien, teniendo en cuenta la situaci\u00f3n actual proponemos concentraciones mensuales, cada <br> mes en un Centro de Salud de la ciudad, adelantando la hora a las 6 de la tarde. <br>         Sirva esta convocatoria para animaros a participar en la Coordinadora Antiprivatizaci\u00f3n de la Sanidad (CAS)  de Burgos. <br> La primera de estas concentraciones ser\u00e1 el <strong>mi\u00e9rcoles 9 de diciembre a las 18.00 horas en el Centro  de Salud de las Torres<\/strong>, en la calle Vicente Aleixandre.<\/p>\n\n\n\n<p><strong>NUNCA M\u00c1S NEGOCIO CON LA SANIDAD<\/strong><\/p>\n\n\n\n<p>Profesionales del sistema sanitario y usuarias, con el apoyo de colectivos no subvencionados,  decidimos constituir la Coordinadora Anti Privatizaci\u00f3n de la Sanidad Estatal con el objetivo de aunar  esfuerzos y organizarnos para luchar contra todo tipo de privatizaci\u00f3n del Sistema Nacional de Salud (Ley  15\/97, art\u00edculo 90 de la Ley General de Sanidad, etc. ), y en defensa de un sistema sanitario de calidad, que  atienda a todos\/as sin exclusiones, dotado de mecanismos de gesti\u00f3n democr\u00e1tica por parte de trabajadores y poblaci\u00f3n, y en el que la actuaci\u00f3n sobre los determinantes socioecon\u00f3micos y medioambientales de la  enfermedad sean prioritarios. <br>         Los problemas son similares en todo el estado: infrafinanciaci\u00f3n en personal e investigaci\u00f3n y derroche en ladrillo, deterioro, privatizaci\u00f3n, insuficiencia de plantillas, etc., que se han agravado con la crisis del Covid. <br>         Nos encontramos de nuevo con el sistema al borde del colapso en muchos territorios, lo que  conllevar\u00e1 muertes evitables, que como siempre ocurre afectar\u00e1n m\u00e1s a la clase trabajadora y a los sectores  excluidos. <br>         Es hora de luchar contra las causas de la destrucci\u00f3n programada del Sistema Nacional de Salud: las leyes privatizadoras que permiten que los recursos econ\u00f3micos vayan a parar a los bolsillos de las empresas privadas de siempre. <\/p>\n\n\n\n<p><strong>NUNCA M\u00c1S MUERTES EVITABLES, NUNCA M\u00c1S PRIVATIZACIONES <\/strong><\/p>\n\n\n\n<p>Por todo ello exigimos: <\/p>\n\n\n\n<ul><li>La derogaci\u00f3n de la Ley 15\/97 y del art\u00edculo 90 de la Ley General de Sanidad, que abrieron la puerta a la gesti\u00f3n privada de la sanidad y de los servicios socio sanitarios. <\/li><li>La potenciaci\u00f3n y mejora de la Atenci\u00f3n Primaria, en claro declive ante la falta de atenci\u00f3n personalizada y el abusivo recorte de recursos econ\u00f3micos y de profesionales. <\/li><li>Un sistema sanitario centrado en los determinantes sociales de la salud y la enfermedad. <\/li><li>La descentralizaci\u00f3n de las Urgencias de Atenci\u00f3n Primaria, que vuelvan los centros de salud de San Agust\u00edn y Gamonal como Puntos de Atenci\u00f3n Continuada, con mejora de sus instalaciones y equipamiento e incremento de personal sanitario. <\/li><li>Que se retomen las obras de construcci\u00f3n del centro de salud del Silo, paralizadas desde hace un a\u00f1o. <\/li><li>Una sanidad rural digna y de calidad, retomando la actividad en los consultorios locales. <\/li><li>Cuidados con dignidad para nuestros mayores. Exigimos unas condiciones laborales y asistenciales dignas y de calidad en las residencias, las cuales tienen que dejar de ser un negocio en manos de multinacionales y fondos buitre. <\/li><li>Recuperaci\u00f3n del HUBU como hospital p\u00fablico. <\/li><li>Ampliaci\u00f3n de las plantillas de todo el personal sanitario (medicina, enfermer\u00eda, celador@s, auxiliares, limpieza) y mejora de sus condiciones laborales y salariales. Eliminaci\u00f3n de servicios externalizados (limpieza, restauraci\u00f3n) que deber\u00e1n volver a ser p\u00fablicos. <\/li><li>Inversi\u00f3n para la integraci\u00f3n total de la investigaci\u00f3n, producci\u00f3n y distribuci\u00f3n farmac\u00e9utica en el sistema p\u00fablico de salud que gasta m\u00e1s de 10000 millones de euros cada a\u00f1o en medicamentos. <\/li><\/ul>\n\n\n\n<p>\u00a1\u00a1\u00a1 La Sanidad P\u00fablica no se vende, se defiende !!!&gt;<\/p>\n","protected":false},"excerpt":{"rendered":"<p>Desde la Coordinadora Antiprivatizaci\u00f3n de la Sanidad de Burgos hacen un llamamiento &lt;a todas las personas, organizaciones y colectivos interesados en la defensa de la sanidad.&gt; &lt;Retomamos las movilizaciones que se est\u00e1n llevando a cabo en todo el Estado> &lt;En Burgos se ven\u00edan haciendo concentraciones en los Centros de Salud desde el verano, y se&#8230;  <a href=\"https:\/\/diariodevurgos.com\/dvwps\/continua-las-movilizaciones-en-defensa-de-la-sanidad.php\" class=\"more-link\" title=\"Read Continua las movilizaciones en defensa de la Sanidad\">Read more &raquo;<\/a><\/p>\n","protected":false},"author":23,"featured_media":23263,"comment_status":"closed","ping_status":"closed","sticky":false,"template":"","format":"standard","meta":[],"categories":[2,63],"tags":[],"_links":{"self":[{"href":"https:\/\/diariodevurgos.com\/dvwps\/wp-json\/wp\/v2\/posts\/23551"}],"collection":[{"href":"https:\/\/diariodevurgos.com\/dvwps\/wp-json\/wp\/v2\/posts"}],"about":[{"href":"https:\/\/diariodevurgos.com\/dvwps\/wp-json\/wp\/v2\/types\/post"}],"author":[{"embeddable":true,"href":"https:\/\/diariodevurgos.com\/dvwps\/wp-json\/wp\/v2\/users\/23"}],"replies":[{"embeddable":true,"href":"https:\/\/diariodevurgos.com\/dvwps\/wp-json\/wp\/v2\/comments?post=23551"}],"version-history":[{"count":3,"href":"https:\/\/diariodevurgos.com\/dvwps\/wp-json\/wp\/v2\/posts\/23551\/revisions"}],"predecessor-version":[{"id":23557,"href":"https:\/\/diariodevurgos.com\/dvwps\/wp-json\/wp\/v2\/posts\/23551\/revisions\/23557"}],"wp:featuredmedia":[{"embeddable":true,"href":"https:\/\/diariodevurgos.com\/dvwps\/wp-json\/wp\/v2\/media\/23263"}],"wp:attachment":[{"href":"https:\/\/diariodevurgos.com\/dvwps\/wp-json\/wp\/v2\/media?parent=23551"}],"wp:term":[{"taxonomy":"category","embeddable":true,"href":"https:\/\/diariodevurgos.com\/dvwps\/wp-json\/wp\/v2\/categories?post=23551"},{"taxonomy":"post_tag","embeddable":true,"href":"https:\/\/diariodevurgos.com\/dvwps\/wp-json\/wp\/v2\/tags?post=23551"}],"curies":[{"name":"wp","href":"https:\/\/api.w.org\/{rel}","templated":true}]}}