{"id":23570,"date":"2020-12-18T02:00:35","date_gmt":"2020-12-18T01:00:35","guid":{"rendered":"http:\/\/diariodevurgos.com\/dvwps\/?p=23570"},"modified":"2020-12-18T19:08:22","modified_gmt":"2020-12-18T18:08:22","slug":"uno-entre-otros-joan-peiro-i-belis","status":"publish","type":"post","link":"https:\/\/diariodevurgos.com\/dvwps\/uno-entre-otros-joan-peiro-i-belis.php","title":{"rendered":"Uno entre otros: Joan Peir\u00f3 i Belis"},"content":{"rendered":"<p class=\"lead\">Un reportaje sobre la investigaci\u00f3n documental realizada por el memorialista<strong> Benjam\u00edn Lajo<\/strong> en torno al Consejo de Guerra Sumar\u00edsimo que tras el fin de la Guerra Civil sufri\u00f3 el anarquista <strong>Joan Peiro i Bellis .<\/strong><!--more--><\/p>\n<p><strong>Mayo 2001<\/strong>. Al abrir el buz\u00f3n encontr\u00e9 un sobre grande que estaba esperando desde hac\u00eda unas semanas. Era la autorizaci\u00f3n del presidente del tribunal togado militar, enviado desde Madrid, para que en el plazo de dos semanas pudiera investigar un fondo documental que estaba en su dep\u00f3sito, con el fin de encontrar informaci\u00f3n sobre La Quinta Columna que operaba bajo el mando del SIFNE, servicio de informaci\u00f3n del frente nordeste, cuyo gabinete se hallaba en territorio franc\u00e9s, en Biarritz y que dirigi\u00f3 el abogado catal\u00e1n, Jos\u00e9 Bertr\u00e1n y Musitu, exministro de justicia en los gobiernos de Maura y pol\u00edtico de la Lliga Regionalista. La Quinta Columna a comienzos de la guerra fue una organizaci\u00f3n al servicio de los militares en rebeld\u00eda franquistas de espionaje, sabotaje, retirada de moneda en curso para desestabilizar la econom\u00eda de la rep\u00fablica. A estas acciones las llamaban labores de derrotismo y tambi\u00e9n, de una manera sutil, la desmoralizaci\u00f3n de la poblaci\u00f3n en las colas del pan o en los refugios dejando caer el des\u00e1nimo y la desilusi\u00f3n con comentarios negativos sobre la marcha de los acontecimientos; tirando la piedra y escondiendo la mano, sembrando el miedo y el desconcierto, minando a\u00fan m\u00e1s la moral de la poblaci\u00f3n.<\/p>\n<p>Era una ma\u00f1ana lluviosa y gris cuando entr\u00e9 en el dep\u00f3sito del juzgado militar N 13, dentro del complejo del Paseo de la Alameda de Valencia. Me qued\u00e9 at\u00f3nito por la envergadura de aquel fondo documental. Unas hileras de estantes conten\u00edan cerca de 70000 expedientes de los juicios sumar\u00edsimos de urgencia con los que el r\u00e9gimen pretendi\u00f3 blanquear ante los pa\u00edses internacionales estar aplicando una justicia con un m\u00ednimo de derechos para con los vencidos, pero, lo cierto es que los primeros a\u00f1os se sucedieron los fusilamientos en todo el territorio peninsular e insular. Fue un genocidio sistem\u00e1tico. Una purga implacable. La primera sorpresa me la llev\u00e9 al averiguar que el fondo documental no estaba catalogado, es decir, viv\u00eda en un limbo mortal. Muchas carpetas estaban da\u00f1adas por la riada de Valencia en 1957 y era, con mis medios, imposible despegar algunas hojas sin evitar romperlas. Por supuesto no lo intent\u00e9. No pude comprender c\u00f3mo en 2001 a\u00fan pod\u00edan darse estas situaciones de desidia y abandono.<\/p>\n<p>Un material, que como pude comprobar, iba m\u00e1s all\u00e1 de los documentos oficiales al contener tambi\u00e9n cada expediente documentaci\u00f3n personal de los incoados. Cuando se proced\u00eda a la detenci\u00f3n de la persona, era rutinario por parte de la polic\u00eda o del ej\u00e9rcito registrar sus domicilios en busca de pruebas tan irrelevantes como poseer el carnet del sindicato, estar afiliado a \u00e9l o a alg\u00fan partido pol\u00edtico. Se confisc\u00f3 todo aquello que pudiera servir para acusar al detenido por cualquier detalle aunque no tuviera nada que ver con una militancia activa. El hecho de encontrar en los registros, un peri\u00f3dico rojo, un documento de propaganda u objetos que pudiesen comprometerles, bastaba para ser considerado &#8220;desafecto&#8221; al r\u00e9gimen y ser detenido; con frecuencia en las carpetas adjunta a la documentaci\u00f3n oficial del burdo proceso judicial, hay fotograf\u00edas, dinero republicano, revistas, cartas personales.<\/p>\n<p>Podemos hacernos una idea de lo arbitrarias e injustas que eran estas acciones represivas y cu\u00e1les fueron sus verdaderas intenciones. Por este motivo, me encontraba en ocasiones con cartas que nunca llegaron a su destino, carn\u00e9s sindicales y de partidos pol\u00edticos, peri\u00f3dicos diversos de la \u00e9poca\u2026 Una cantidad de pertenencias, que lo primero que me vino al pensamiento fue que las familias de los represaliados deb\u00edan de recuperar pues, a buen seguro, no s\u00f3lo se les devolver\u00eda as\u00ed las pertenencias del familiar, sus \u00faltimos recuerdos; lo m\u00e1s importante, informar sobre cu\u00e1l fue su verdadero destino, por doloroso que fuera.<\/p>\n<p style=\"text-align: center;\"><img loading=\"lazy\" class=\"alignnone wp-image-23571 size-full\" src=\"http:\/\/diariodevurgos.com\/dvwps\/wp-content\/uploads\/2020\/12\/Quinta-columna-Valencia.jpg\" alt=\"\" width=\"695\" height=\"928\" srcset=\"https:\/\/diariodevurgos.com\/dvwps\/wp-content\/uploads\/2020\/12\/Quinta-columna-Valencia.jpg 695w, https:\/\/diariodevurgos.com\/dvwps\/wp-content\/uploads\/2020\/12\/Quinta-columna-Valencia-225x300.jpg 225w, https:\/\/diariodevurgos.com\/dvwps\/wp-content\/uploads\/2020\/12\/Quinta-columna-Valencia-370x494.jpg 370w\" sizes=\"(max-width: 695px) 100vw, 695px\" \/><\/p>\n<p>A los pocos d\u00edas ya me sent\u00eda familiarizado con el fondo. Encontr\u00e9 lo que a all\u00ed me hab\u00eda llevado. Hall\u00e9 el salvoconducto de un quintacolumnista que public\u00f3 el peri\u00f3dico Levante EMV, del que fui colaborador, para cruzar los frentes de guerra, posiblemente, con una valiosa informaci\u00f3n que el SIFNE esperar\u00eda en Biarritz. Incluso los nombres de algunas centurias, como se llamaban a las c\u00e9lulas que operaban en las retaguardias republicanas. Durante esa primera semana el peri\u00f3dico Levante EMV estuvo informando de los acontecimientos que llegaron por s\u00ed solos. Fui a comunicar al director del archivo de San Miguel de los Reyes, Jos\u00e9 Luis Villaca\u00f1as, que en 2001 ostent\u00f3 ese cargo entonces sobre la situaci\u00f3n. Se mostr\u00f3 sorprendido de lo que oy\u00f3 del fondo documental. No ten\u00eda ni constancia siquiera de que existiera, ni de su estado calamitoso, ni de su abandono; estuvo como aparcado en el olvido reciente por una excusa de competencias entre ministerios y administraciones. Que no estuviera catalogado ya tumba esa endeble excusa. Simplemente, no exist\u00eda entonces, pero, fue que s\u00ed, que exist\u00edan y de repente, de no existir, fue comentado por muchos que dicen estar muy cercanos a los m\u00e1s listos y no lo est\u00e1n, porque el verdaderamente listo es comedido, reservado y no suele tener la necesidad de airearse; y si lo hace, posiblemente lo haga susurrando. La cosa, es que no ten\u00edan ni la m\u00e1s remota idea, pero, que bien se explicaban quienes lo hicieron. El caso, es que el mero hecho de ser objeto de comentario en los medios hizo el resto para poner remedio al desatino. Ya, ning\u00fan responsable del Estado puede alegar ignorancia sin que se le mire mal. Muchas familias se interesaron y para algunas fue una respuesta que tard\u00f3 mucho en llegar, pero que al fin lleg\u00f3. Al menos en esta ocasi\u00f3n.<\/p>\n<p style=\"text-align: center;\"><img loading=\"lazy\" class=\"alignnone wp-image-23572 size-full\" src=\"http:\/\/diariodevurgos.com\/dvwps\/wp-content\/uploads\/2020\/12\/1908478_10204861393028894_41222855201802676_n_10204861393028894.jpg\" alt=\"\" width=\"638\" height=\"480\" srcset=\"https:\/\/diariodevurgos.com\/dvwps\/wp-content\/uploads\/2020\/12\/1908478_10204861393028894_41222855201802676_n_10204861393028894.jpg 638w, https:\/\/diariodevurgos.com\/dvwps\/wp-content\/uploads\/2020\/12\/1908478_10204861393028894_41222855201802676_n_10204861393028894-300x226.jpg 300w, https:\/\/diariodevurgos.com\/dvwps\/wp-content\/uploads\/2020\/12\/1908478_10204861393028894_41222855201802676_n_10204861393028894-400x300.jpg 400w, https:\/\/diariodevurgos.com\/dvwps\/wp-content\/uploads\/2020\/12\/1908478_10204861393028894_41222855201802676_n_10204861393028894-370x278.jpg 370w\" sizes=\"(max-width: 638px) 100vw, 638px\" \/><\/p>\n<p>La \u00faltima vez que estuve en el dep\u00f3sito del juzgado militar fue en el a\u00f1o 2006 para consultar y fotografiar previamente autorizado el expediente incoado a Joan Peir\u00f3 i Belis, anarquista cenetista catal\u00e1n, desde el inicio de la confederaci\u00f3n nacional del trabajo, CNT. Fundador del diario obrero, Solidaridad Obrera. Una persona honesta, comprometida y convincente, y de no ser as\u00ed, no ser\u00eda posible hacer todo el recorrido que hizo y pudo haber seguido haciendo si hubiese seguido vivo porque s\u00f3lo lo aut\u00e9ntico perdura. Si tuviera que destacar algo, por lo dem\u00e1s evidente de su persona ser\u00eda, que lo que llev\u00f3 a cabo a lo largo de su vida, era porque lo deb\u00eda hacer; y dio sobradas muestras de ello. Fue, en m\u00ed opini\u00f3n, entendimiento. Ya sabemos que fue tentado por el poder para organizar el sindicato vertical y, eso, dice de Peir\u00f3 que fue un gran valor social, hasta para los malos. Para ellos, valor es precio, sab\u00edan de su integridad y que esta no estaba en venta; decidieron prescindir de su vida y de las vidas de otros que les recuerden sus muertes. Vidas que &#8220;descataloga&#8221; y recuerda la propia conciencia hasta que mueren. \u00a1Menuda cabrona es la cuestionadora!; del todo inoportuna e indestructible, a no ser que te destruyas con ella. El olvido no la puede ni ver.<\/p>\n<p style=\"text-align: center;\"><img loading=\"lazy\" class=\"alignnone wp-image-23573 \" src=\"http:\/\/diariodevurgos.com\/dvwps\/wp-content\/uploads\/2020\/12\/Expediente-_Peir\u00f3_045-692x1024.jpg\" alt=\"\" width=\"466\" height=\"689\" srcset=\"https:\/\/diariodevurgos.com\/dvwps\/wp-content\/uploads\/2020\/12\/Expediente-_Peir\u00f3_045-692x1024.jpg 692w, https:\/\/diariodevurgos.com\/dvwps\/wp-content\/uploads\/2020\/12\/Expediente-_Peir\u00f3_045-203x300.jpg 203w, https:\/\/diariodevurgos.com\/dvwps\/wp-content\/uploads\/2020\/12\/Expediente-_Peir\u00f3_045-768x1136.jpg 768w, https:\/\/diariodevurgos.com\/dvwps\/wp-content\/uploads\/2020\/12\/Expediente-_Peir\u00f3_045-370x548.jpg 370w\" sizes=\"(max-width: 466px) 100vw, 466px\" \/><\/p>\n<p style=\"text-align: center;\"><em>Imagen del expediente del Consejo de Guerra Sumar\u00edsimo a Joan Peir\u00f3 \/Benjam\u00edn Lajo<\/em><\/p>\n<p>Su permanente lucha obrera, de d\u00e9cadas en la organizaci\u00f3n del anarcosindicato, tal vez, de haber sucumbido hubiera prolongado su vida, pero, esa no ser\u00eda su vida. La dignidad es inviolable para algunos. Del burdo proceso judicial hemos de rescatar el sentimiento vivo y las sucesivas voces que contra todo pron\u00f3stico, en plena efervescencia rencorosa de los vencedores se pronunciaron, no dudaron en declarar hechos favorables de su actuaci\u00f3n. Es muy posible que no se encontrasen personas con buena voluntad, que eso no estaba seguramente en su manual, ni tampoco las s\u00faplicas de clemencia del gran n\u00famero de avales presentados para tratar de hacer por Peir\u00f3 lo que \u00e9l hizo por ellos anteriormente.<\/p>\n<p>Por desgracia, aquellas vindicaciones de personas que poco o nada ten\u00edan entre ellas en com\u00fan, tampoco sirvieron para evitar el pelot\u00f3n a Joan Peir\u00f3, pero esos gestos insospechados de la condici\u00f3n humana, a veces, hacen que un momento se convierta en un instante de eternidad. Consiguen ralentizar la progresiva huida de la humanidad hacia ninguna parte. Joan Peir\u00f3, durante toda su vida estuvo en la brecha social y asociativa. Fue tambi\u00e9n uno de los cuatro cenetistas que por las circunstancias del momento se pusieron al servicio del gobierno como respuesta de urgencia al comienzo de la guerra civil, en un bloque, el frente popular. Gobierno que presidi\u00f3 el socialista y ugetista, Largo Caballero. Peir\u00f3 se puso al frente del ministerio de industria desde Valencia, motivo por lo que el proceso lo vincula con la ciudad del Turia. Valencia, en cuestiones de quintacolumnismo no era Madrid o Barcelona donde los que se detectaban y eran detenidos se fusilaban de inmediato. Sin embargo, Valencia era para estos soldados de la sombra, como me inform\u00f3 por tel\u00e9fono el historiador Luis Romero y as\u00ed la denominaron, la dulce retaguardia. Y no es una frase hecha. Cuando se les deten\u00eda, entraban por una puerta y sal\u00edan por otra con total impunidad.<\/p>\n<p>Algunos funcionarios valencianos eran quintacolumnistas como pude comprobar al revisar las declaraciones juradas de readmisi\u00f3n en las que unos se quitan sin complejos la careta y otros, que en sus declaraciones dec\u00edan ser por pura supervivencia y que no aportaron ninguna informaci\u00f3n que fuese fidedigna, probatoria; algunos trabajaron all\u00ed, mantuvieron una relaci\u00f3n colaboradora con ellos y una veintena demostraron haber sido con testigos que pudieran responder sobre lo declarado; como dicen en su jerga prepotentes, gerifaltes de la quinta columna. Los hubo como colaboraci\u00f3n intendente y los ocultaron en sus casas si lo requer\u00eda la situaci\u00f3n en momentos de supervivencia.<\/p>\n<p>La diputaci\u00f3n de Valencia, en los tres a\u00f1os de conflicto fue un nido de esp\u00edas, de saboteadores, hasta el punto de destruir uno de estos grupos, deliberadamente material sanitario. M\u00e9dicos y enfermeros formaron parte activa en los sabotajes. Material, que escaseaba y se necesitaba para asistir a los combatientes heridos en frentes de guerra o los heridos por los continuos bombardeos que sufri\u00f3 Valencia; sonaba la sirena y todos corr\u00edan acostumbrados a los refugios, uno al menos en cada barrio.<\/p>\n<p>Otra pr\u00e1ctica de lo que se llev\u00f3 a cabo por parte de algunos m\u00e9dicos considerados republicanos, leales a su profesi\u00f3n y a sus pacientes, era cortar por lo sano y dejar lisiados, no aptos para el combate amputando sin que fuese necesario; o prolongar las altas el mayor tiempo posible y restar as\u00ed fusiles a los frentes; se jactaban de ello sin el menor rubor, ni que se le parezca; ah\u00ed est\u00e1n sus vocaciones, a buen recaudo en el archivo de la diputaci\u00f3n provincial de Valencia. Despu\u00e9s de conocer estas miserables conductas, no puedo sentir m\u00e1s que una profunda desolaci\u00f3n y pena. Creo que lo que realmente nos amordaza no es el miedo paralizante. Creo que nos aterroriza vivir sin miedo. Es el miedo quien m\u00e1s nos niega, quien espanta a las voluntades, nos roba los sue\u00f1os y las oportunidades. Quien empobrece nuestras vidas y hace m\u00e1s fuerte a quien no lo merece. El miedo es un error que debemos superar cuanto antes.<\/p>\n<p><strong>Avales<\/strong><br \/>\n<strong>memoria de coraz\u00f3n<\/strong><\/p>\n<p>Unas horas antes de entrar por \u00faltima vez al dep\u00f3sito del juzgado militar de La Alameda, me hab\u00eda citado con m\u00ed amigo valenciano y fot\u00f3grafo, Jos\u00e9 Mar\u00eda Azk\u00e1rraga para prestarme una c\u00e1mara apropiada con la que pudiera fotografiar cada hoja del expediente del juicio sumar\u00edsimo correspondiente a Joan Peir\u00f3 y estudiarlo con detenimiento y con ello dar respuesta a algunas interrogantes que se despertaron en m\u00ed cuando lo le\u00ed casi sin digerir durante las dos semanas de investigaci\u00f3n de 2001, en las que no estuve concentrado como quise por los acontecimientos que hubo en torno al fondo en cuesti\u00f3n.<\/p>\n<p><strong>Octubre de 2020<\/strong><br \/>\nEl pasado nos recuerda el presente que un d\u00eda fue; el presente mira al futuro como al presente que puede ser. La Historia son dos certezas y una duda, no nos enga\u00f1a. Ni siquiera cuando el olvido la sumerge en un vac\u00edo temporalmente. Ella fluct\u00faa avanzando siempre; bien sea cruzando desiertos o navegando por los oc\u00e9anos del desencanto. Ahora comprendo mejor al historiador Fernad Braudel cuando nos dice en Las ambiciones de la historia, que debemos acercarnos a Ella con una sonrisa en la boca. No s\u00f3lo es una suma de recuerdos que compilan los historiadores seg\u00fan sus propias man\u00edas. Es tambi\u00e9n la suma de las esperanzas que nos aguardan despu\u00e9s de los sinsabores y los desenga\u00f1os, no suelta nuestra mano, pero quiere que aprendamos de los pasos mal andados, que seamos cada d\u00eda un poco m\u00e1s sabios. Hace las veces de un espejo donde vemos lo que somos y aceptamos lo que vemos con la intenci\u00f3n de ser mejores, de superarnos de generaci\u00f3n a generaci\u00f3n, no hay mejor indicador que nos asista, por experiencia y convicci\u00f3n. Otra cosa que no sea esto, s\u00f3lo ser\u00e1n viejos o nuevos fracasos.<\/p>\n<p><strong>Benjam\u00edn Lajo Cosido<\/strong><br \/>\n<strong>memorialista<\/strong><\/p>\n","protected":false},"excerpt":{"rendered":"<p>Un reportaje sobre la investigaci\u00f3n documental realizada por el memorialista Benjam\u00edn Lajo en torno al Consejo de Guerra Sumar\u00edsimo que tras el fin de la Guerra Civil sufri\u00f3 el anarquista Joan Peiro i Bellis .<\/p>\n","protected":false},"author":2,"featured_media":23574,"comment_status":"open","ping_status":"closed","sticky":false,"template":"","format":"standard","meta":[],"categories":[112,6,71,7],"tags":[],"_links":{"self":[{"href":"https:\/\/diariodevurgos.com\/dvwps\/wp-json\/wp\/v2\/posts\/23570"}],"collection":[{"href":"https:\/\/diariodevurgos.com\/dvwps\/wp-json\/wp\/v2\/posts"}],"about":[{"href":"https:\/\/diariodevurgos.com\/dvwps\/wp-json\/wp\/v2\/types\/post"}],"author":[{"embeddable":true,"href":"https:\/\/diariodevurgos.com\/dvwps\/wp-json\/wp\/v2\/users\/2"}],"replies":[{"embeddable":true,"href":"https:\/\/diariodevurgos.com\/dvwps\/wp-json\/wp\/v2\/comments?post=23570"}],"version-history":[{"count":5,"href":"https:\/\/diariodevurgos.com\/dvwps\/wp-json\/wp\/v2\/posts\/23570\/revisions"}],"predecessor-version":[{"id":23579,"href":"https:\/\/diariodevurgos.com\/dvwps\/wp-json\/wp\/v2\/posts\/23570\/revisions\/23579"}],"wp:featuredmedia":[{"embeddable":true,"href":"https:\/\/diariodevurgos.com\/dvwps\/wp-json\/wp\/v2\/media\/23574"}],"wp:attachment":[{"href":"https:\/\/diariodevurgos.com\/dvwps\/wp-json\/wp\/v2\/media?parent=23570"}],"wp:term":[{"taxonomy":"category","embeddable":true,"href":"https:\/\/diariodevurgos.com\/dvwps\/wp-json\/wp\/v2\/categories?post=23570"},{"taxonomy":"post_tag","embeddable":true,"href":"https:\/\/diariodevurgos.com\/dvwps\/wp-json\/wp\/v2\/tags?post=23570"}],"curies":[{"name":"wp","href":"https:\/\/api.w.org\/{rel}","templated":true}]}}