{"id":23621,"date":"2021-01-31T12:20:08","date_gmt":"2021-01-31T11:20:08","guid":{"rendered":"http:\/\/diariodevurgos.com\/dvwps\/?p=23621"},"modified":"2021-01-31T12:21:59","modified_gmt":"2021-01-31T11:21:59","slug":"la-vacuna-contra-el-virus-mendez-pozo","status":"publish","type":"post","link":"https:\/\/diariodevurgos.com\/dvwps\/la-vacuna-contra-el-virus-mendez-pozo.php","title":{"rendered":"La vacuna contra el virus M\u00e9ndez Pozo"},"content":{"rendered":"<p class=\"lead\">CNT se ver\u00e1 las caras el lunes 1 de febrero en los juzgados con el Diario de Burgos, peri\u00f3dico perteneciente al Grupo Promecal, propiedad del empresario M\u00e9ndez Pozo.<!--more--><\/p>\n<p><!--more--><span style=\"font-size: inherit;\">El Jefe, como se le conoce en Castilla y Le\u00f3n, es famoso por sus influencias pol\u00edticas, por haber cumplido pena de c\u00e1rcel hace a\u00f1os por corrupci\u00f3n y por estar detr\u00e1s de obras como la del bulevar de Gamonal que desat\u00f3 la respuesta vecinal.<\/span><\/p>\n<p><span style=\"font-size: inherit;\">Ahora Diario de Burgos niega un derecho fundamental como es la libertad sindical. La empresa no reconoce la secci\u00f3n legalmente constituida por CNT y adem\u00e1s ha comenzado una campa\u00f1a de acoso al delegado de la misma, ya que ante las comunicaciones remitidas por el sindicato, la respuesta por parte de la empresa ha sido saltarse sistem\u00e1ticamente la ley y advertir al trabajador de posibles sanciones.<\/span><\/p>\n<p style=\"text-align: center;\"><img loading=\"lazy\" class=\"alignnone wp-image-23622 \" src=\"http:\/\/diariodevurgos.com\/dvwps\/wp-content\/uploads\/2021\/01\/Virus-M\u00e9ndez-1024x727.jpg\" alt=\"\" width=\"491\" height=\"349\" srcset=\"https:\/\/diariodevurgos.com\/dvwps\/wp-content\/uploads\/2021\/01\/Virus-M\u00e9ndez-1024x727.jpg 1024w, https:\/\/diariodevurgos.com\/dvwps\/wp-content\/uploads\/2021\/01\/Virus-M\u00e9ndez-300x213.jpg 300w, https:\/\/diariodevurgos.com\/dvwps\/wp-content\/uploads\/2021\/01\/Virus-M\u00e9ndez-768x545.jpg 768w, https:\/\/diariodevurgos.com\/dvwps\/wp-content\/uploads\/2021\/01\/Virus-M\u00e9ndez-370x263.jpg 370w, https:\/\/diariodevurgos.com\/dvwps\/wp-content\/uploads\/2021\/01\/Virus-M\u00e9ndez.jpg 1280w\" sizes=\"(max-width: 491px) 100vw, 491px\" \/><\/p>\n<p>La p\u00e9rdida de derechos laborales en Diario de Burgos y en el resto de medios del grupo Promecal hace tiempo que ha dejado de ser noticia, pero ahora pretenden dar un paso m\u00e1s negando tambi\u00e9n la libertad sindical, otro ejemplo de caciquismo ante el que CNT no va a ceder. Contra el virus M\u00e9ndez Pozo, tambi\u00e9n hay vacuna: la solidaridad obrera.<\/p>\n<p><strong>CNT Miranda de Ebro<\/strong><\/p>\n","protected":false},"excerpt":{"rendered":"<p>CNT se ver\u00e1 las caras el lunes 1 de febrero en los juzgados con el Diario de Burgos, peri\u00f3dico perteneciente al Grupo Promecal, propiedad del empresario M\u00e9ndez Pozo.<\/p>\n","protected":false},"author":2,"featured_media":23622,"comment_status":"open","ping_status":"closed","sticky":false,"template":"","format":"standard","meta":[],"categories":[2,120,76],"tags":[],"_links":{"self":[{"href":"https:\/\/diariodevurgos.com\/dvwps\/wp-json\/wp\/v2\/posts\/23621"}],"collection":[{"href":"https:\/\/diariodevurgos.com\/dvwps\/wp-json\/wp\/v2\/posts"}],"about":[{"href":"https:\/\/diariodevurgos.com\/dvwps\/wp-json\/wp\/v2\/types\/post"}],"author":[{"embeddable":true,"href":"https:\/\/diariodevurgos.com\/dvwps\/wp-json\/wp\/v2\/users\/2"}],"replies":[{"embeddable":true,"href":"https:\/\/diariodevurgos.com\/dvwps\/wp-json\/wp\/v2\/comments?post=23621"}],"version-history":[{"count":2,"href":"https:\/\/diariodevurgos.com\/dvwps\/wp-json\/wp\/v2\/posts\/23621\/revisions"}],"predecessor-version":[{"id":23624,"href":"https:\/\/diariodevurgos.com\/dvwps\/wp-json\/wp\/v2\/posts\/23621\/revisions\/23624"}],"wp:featuredmedia":[{"embeddable":true,"href":"https:\/\/diariodevurgos.com\/dvwps\/wp-json\/wp\/v2\/media\/23622"}],"wp:attachment":[{"href":"https:\/\/diariodevurgos.com\/dvwps\/wp-json\/wp\/v2\/media?parent=23621"}],"wp:term":[{"taxonomy":"category","embeddable":true,"href":"https:\/\/diariodevurgos.com\/dvwps\/wp-json\/wp\/v2\/categories?post=23621"},{"taxonomy":"post_tag","embeddable":true,"href":"https:\/\/diariodevurgos.com\/dvwps\/wp-json\/wp\/v2\/tags?post=23621"}],"curies":[{"name":"wp","href":"https:\/\/api.w.org\/{rel}","templated":true}]}}