{"id":23647,"date":"2021-03-22T14:57:15","date_gmt":"2021-03-22T13:57:15","guid":{"rendered":"http:\/\/diariodevurgos.com\/dvwps\/?p=23647"},"modified":"2021-03-22T16:10:39","modified_gmt":"2021-03-22T15:10:39","slug":"para-cuando-pagar-por-respirar","status":"publish","type":"post","link":"https:\/\/diariodevurgos.com\/dvwps\/para-cuando-pagar-por-respirar.php","title":{"rendered":"\u00bfPara cu\u00e1ndo pagar por respirar?"},"content":{"rendered":"\n<p class=\"lead\">Recientemente han empezado a llegar avisos  a distintos colectivos de la ciudad de tener que pagar por manifestarse, o mejor dicho, tendr\u00edan que pagar a las dotaciones policiales, bomberos, protecci\u00f3n civil que cubran tales eventos. Ante tal disparate, nos hacemos eco de  la reflexi\u00f3n que ha elaborado al respecto la Biblioteca Anarquista La Maldita <\/p>\n\n\n\n<!--more-->\n\n\n\n<p>El siguiente comunicado elaborado por la Biblioteca Anarquista La Maldita surge a ra\u00edz del aviso, por parte del Ayuntamiento a distintos colectivos de la ciudad- Plataforma Pensionistas, Coordinadora Antiprivatizaci\u00f3n de la Sanidad, etc.- de tener que pagar una tasa por la dotaciones policiales, protecci\u00f3n civil que se tengan que desplazar cada vez que se manifiesten en la v\u00eda p\u00fablica.<\/p>\n\n\n\n<p>Esta tasa se recoge en la Ordenanza Fiscal 203, pero en funci\u00f3n del \u00faltimo <a href=\"https:\/\/www.youtube.com\/watch?v=xagn_91DFUM&amp;t=10112s\">Pleno celebrado el pasado viernes 19 de marzo<\/a> &#8211; minuto 2:20:20 a 2:48:00-donde se trat\u00f3 el tema, apelan a otra Ordenanza, la 213 y se escudan en que ha sido un problema de interpretaci\u00f3n de la misma por parte de la polic\u00eda local. No parecen que est\u00e9n muy por la labor de querer investigar qui\u00e9n ha empezado a llamar a los colectivos locales dejando en el aire tambi\u00e9n la necesidad urgente de revisar las Ordenanzas para eliminar cualquier subjetividad que d\u00e9 lugar a error como ya hemos visto que puede suceder.<\/p>\n\n\n\n<p>Al margen de lo que se resuelva en el Ayuntamieno, ning\u00fan colectivo de la ciudad deber\u00eda asumir el pago por ejercer la libre prostesta en la calle ni acatar unas leyes que solo tratan de silenciar a los movimientos contestarios.<\/p>\n\n\n\n<p>&#8220;Burgos, a\u00f1o 2021. El futuro dist\u00f3pico ha venido para quedarse, o al menos eso parece. Porque si no ten\u00edamos suficiente con una pandemia a escala mundial y esta nueva normalidad instaurada de una forma tan abrupta como artificial, hay quien adem\u00e1s en medio de todo este desconcierto pretende aprovechar para acallar y silenciar las luchas existentes y las que est\u00e1n por venir.<br> Para esto el consistorio ha utilizado un recurso tan burdo y ruin como el dinero, apelando a la capacidad econ\u00f3mica para legitimar el supuesto derecho a la protesta; pues en diciembre del a\u00f1o pasado el Ayuntamiento de burgos ha publicado una ordenanza fiscal, aprobada hace varios a\u00f1os ya, que obliga a los colectivos convocantes de concentraciones, manifestaciones y dem\u00e1s actos realizados en la v\u00eda p\u00fablica a pagar por el despliegue de las fuerzas represoras del Estado.<br> Ni m\u00e1s ni menos que financiar a aquellxs que vienen a intimidar, a acotar, a limitar el espacio de lucha que siempre ha sido y que es la calle. Pero si el ayuntamiento pretende que paguemos un solo euro para poder protestar tomando las calles, ha calculado terriblemente mal la l\u00f3gica contestataria que llamea en la esencia de cada una de las convocatorias.<br> Nos negamos en rotundo a participar en este futuro en el que se paga a quien te vigila, a quien te reprime, y a quien te golpea.<br> Nos negamos porque la calle ha sido desde siempre el punto de encuentro donde han saltado las chispas que han encendido los cambios sustanciales de la historia. Esas luchas hechas por personas de a pie que se han unido sin pedir permiso a nada ni a nadie para darle un vuelco a su existencia.<br> Nos negamos porque no vamos a permitir la creaci\u00f3n de estratos sociales en torno a la lucha, dejando que sea el dinero lo que decida dar luz o no a una causa; dejando a lxs sin voz sin voz alguna por no poder costearse el uso de la calle.<br> Y nos negamos porque el ejercicio reiterado de la obediencia s\u00f3lo crea aut\u00f3matas incapaces de cuestionar las reglas existentes. Unas reglas que nos infantilizan, nos atan y nos callan de una manera tan civilizada que se mimetiza perfectamente con el ciudadanismo; que tan solo nos ense\u00f1an pleites\u00eda, a pedir permiso, lo cual es exactamente lo mismo que conceder la posesi\u00f3n de nuestros actos.<br> Por todo esto y por mucho m\u00e1s, nos declaramos insumisas e insumisos a la ordenanza municipal, a comunicar las convocatorias  y a costear de forma alguna los dispositivos represivos del estado.<br> Tomaremos, sin pedir permiso, todas y cada una de las herramientas que nos hagan falta para gritar bien alto que el sistema establecido nos convierte en marionetas silenciosas.&#8221; <em>BIBLIOTECA ANARQUISTA LA MALDITA<\/em><\/p>\n","protected":false},"excerpt":{"rendered":"<p>Recientemente han empezado a llegar avisos a distintos colectivos de la ciudad de tener que pagar por manifestarse, o mejor dicho, tendr\u00edan que pagar a las dotaciones policiales, bomberos, protecci\u00f3n civil que cubran tales eventos. Ante tal disparate, nos hacemos eco de la reflexi\u00f3n que ha elaborado al respecto la Biblioteca Anarquista La Maldita<\/p>\n","protected":false},"author":69,"featured_media":23648,"comment_status":"open","ping_status":"closed","sticky":false,"template":"","format":"standard","meta":[],"categories":[2,47,77],"tags":[],"_links":{"self":[{"href":"https:\/\/diariodevurgos.com\/dvwps\/wp-json\/wp\/v2\/posts\/23647"}],"collection":[{"href":"https:\/\/diariodevurgos.com\/dvwps\/wp-json\/wp\/v2\/posts"}],"about":[{"href":"https:\/\/diariodevurgos.com\/dvwps\/wp-json\/wp\/v2\/types\/post"}],"author":[{"embeddable":true,"href":"https:\/\/diariodevurgos.com\/dvwps\/wp-json\/wp\/v2\/users\/69"}],"replies":[{"embeddable":true,"href":"https:\/\/diariodevurgos.com\/dvwps\/wp-json\/wp\/v2\/comments?post=23647"}],"version-history":[{"count":6,"href":"https:\/\/diariodevurgos.com\/dvwps\/wp-json\/wp\/v2\/posts\/23647\/revisions"}],"predecessor-version":[{"id":23654,"href":"https:\/\/diariodevurgos.com\/dvwps\/wp-json\/wp\/v2\/posts\/23647\/revisions\/23654"}],"wp:featuredmedia":[{"embeddable":true,"href":"https:\/\/diariodevurgos.com\/dvwps\/wp-json\/wp\/v2\/media\/23648"}],"wp:attachment":[{"href":"https:\/\/diariodevurgos.com\/dvwps\/wp-json\/wp\/v2\/media?parent=23647"}],"wp:term":[{"taxonomy":"category","embeddable":true,"href":"https:\/\/diariodevurgos.com\/dvwps\/wp-json\/wp\/v2\/categories?post=23647"},{"taxonomy":"post_tag","embeddable":true,"href":"https:\/\/diariodevurgos.com\/dvwps\/wp-json\/wp\/v2\/tags?post=23647"}],"curies":[{"name":"wp","href":"https:\/\/api.w.org\/{rel}","templated":true}]}}