{"id":23713,"date":"2021-05-08T09:34:02","date_gmt":"2021-05-08T07:34:02","guid":{"rendered":"http:\/\/diariodevurgos.com\/dvwps\/?p=23713"},"modified":"2021-05-08T09:34:06","modified_gmt":"2021-05-08T07:34:06","slug":"presentacion-de-la-novela-grafica-gamonal-en-el-eco-de-un-mismo-recuerdo","status":"publish","type":"post","link":"https:\/\/diariodevurgos.com\/dvwps\/presentacion-de-la-novela-grafica-gamonal-en-el-eco-de-un-mismo-recuerdo.php","title":{"rendered":"Presentaci\u00f3n de la novela gr\u00e1fica \u201cGamonal. En el eco de un mismo recuerdo\u201d"},"content":{"rendered":"<p class=\"lead\">El pr\u00f3ximo <strong>viernes 14 de mayo<\/strong> los autores de la novela gr\u00e1fica <em>Gamonal. En el eco de un mismo recuerdo<\/em> presentar\u00e1n el c\u00f3mic en el <strong>Centro Social Recuperado de Gamonal<\/strong>. La presentaci\u00f3n, que dar\u00e1 comienzo a partir de las <strong>19:30 horas<\/strong>, contar\u00e1 con la participaci\u00f3n de algunas de las personas que han contribuido con su aportaci\u00f3n a que esta historieta de ecos y recuerdos del barrio de Gamonal haya sido posible.<\/p>\n<p><a href=\"https:\/\/gamonalnovelagrafica.net\/\"><em>Gamonal. En el eco de un mismo recuerdo<\/em><\/a> es un relato a trav\u00e9s de vi\u00f1etas que nos adentra en la historia de Gamonal y sus batallas. Para ello el c\u00f3mic, que est\u00e1 disponible ya en librer\u00edas, se sirve de varias tramas que a modo de mu\u00f1equitas <em>matrisukas<\/em> se superponen e hilvanan en torno al personaje de <strong>Laia Pastor<\/strong>. Laia es una figura de ficci\u00f3n encarnada por una joven estudiante de sociolog\u00eda de la Universidad de Barcelona que regresar\u00e1 a la ciudad donde su familia hunde sus ra\u00edces para investigar sobre el conflicto de Gamonal. Adem\u00e1s, tendr\u00e1 que enfrentarse tambi\u00e9n a un \u201cinconfesable\u201d secreto que los suyos se empe\u00f1an en ocultarle y que nos mantendr\u00e1 en vilo durante toda la novela gr\u00e1fica.<\/p>\n<p style=\"text-align: center;\"><img loading=\"lazy\" class=\"aligncenter wp-image-23714 \" src=\"http:\/\/diariodevurgos.com\/dvwps\/wp-content\/uploads\/2021\/05\/Cartel-presentaci\u00f3n-CSR-Gamonal-Web-peque-724x1024.jpg\" alt=\"\" width=\"448\" height=\"634\" srcset=\"https:\/\/diariodevurgos.com\/dvwps\/wp-content\/uploads\/2021\/05\/Cartel-presentaci\u00f3n-CSR-Gamonal-Web-peque-724x1024.jpg 724w, https:\/\/diariodevurgos.com\/dvwps\/wp-content\/uploads\/2021\/05\/Cartel-presentaci\u00f3n-CSR-Gamonal-Web-peque-212x300.jpg 212w, https:\/\/diariodevurgos.com\/dvwps\/wp-content\/uploads\/2021\/05\/Cartel-presentaci\u00f3n-CSR-Gamonal-Web-peque-768x1086.jpg 768w, https:\/\/diariodevurgos.com\/dvwps\/wp-content\/uploads\/2021\/05\/Cartel-presentaci\u00f3n-CSR-Gamonal-Web-peque-370x523.jpg 370w, https:\/\/diariodevurgos.com\/dvwps\/wp-content\/uploads\/2021\/05\/Cartel-presentaci\u00f3n-CSR-Gamonal-Web-peque.jpg 1316w\" sizes=\"(max-width: 448px) 100vw, 448px\" \/><\/p>\n<p>El espacio elegido para esta <em>premier<\/em> del c\u00f3mic no podr\u00eda haber sido m\u00e1s apropiado ya que el <a href=\"https:\/\/csrgamonal.ga\/\">CSR Gamonal<\/a> surgi\u00f3 en el contexto de aquellas protestas vecinales de enero de 2014, que forman parte de la principal trama argumental de la novela gr\u00e1fica, y desde entonces ofrece actividades sociales y culturales al barrio. La fecha tiene tambi\u00e9n su cierto significado simb\u00f3lico, ya que\u00a0 se trata de la <strong>v\u00edspera del X aniversario del inicio de las protestas protagonizadas por el movimiento 15M<\/strong>, cuyo esp\u00edritu reivindicativo influyo de forma decisiva en las protestas de los vecinos contra la construcci\u00f3n del bulevar de Gamonal.<\/p>\n<p><iframe loading=\"lazy\" title=\"&quot;Gamonal. En el eco de un mismo recuerdo&quot; -Tr\u00e1iler del c\u00f3mic\" width=\"580\" height=\"326\" src=\"https:\/\/www.youtube.com\/embed\/EDVtEJBMHUY?feature=oembed\" frameborder=\"0\" allow=\"accelerometer; autoplay; clipboard-write; encrypted-media; gyroscope; picture-in-picture\" allowfullscreen><\/iframe><\/p>\n<p>Una cita a la que no se puede faltar y que, debido a las condiciones sanitarias, comenzar\u00e1 puntual y contar\u00e1 con las necesarias medidas de distancia social.<\/p>\n","protected":false},"excerpt":{"rendered":"<p>El pr\u00f3ximo viernes 14 de mayo los autores de la novela gr\u00e1fica Gamonal. En el eco de un mismo recuerdo presentar\u00e1n el c\u00f3mic en el Centro Social Recuperado de Gamonal. La presentaci\u00f3n, que dar\u00e1 comienzo a partir de las 19:30 horas, contar\u00e1 con la participaci\u00f3n de algunas de las personas que han contribuido con su&#8230;  <a href=\"https:\/\/diariodevurgos.com\/dvwps\/presentacion-de-la-novela-grafica-gamonal-en-el-eco-de-un-mismo-recuerdo.php\" class=\"more-link\" title=\"Read Presentaci\u00f3n de la novela gr\u00e1fica \u201cGamonal. En el eco de un mismo recuerdo\u201d\">Read more &raquo;<\/a><\/p>\n","protected":false},"author":2,"featured_media":23714,"comment_status":"open","ping_status":"closed","sticky":false,"template":"","format":"standard","meta":[],"categories":[74,2,73,78,14,1,6,8],"tags":[],"_links":{"self":[{"href":"https:\/\/diariodevurgos.com\/dvwps\/wp-json\/wp\/v2\/posts\/23713"}],"collection":[{"href":"https:\/\/diariodevurgos.com\/dvwps\/wp-json\/wp\/v2\/posts"}],"about":[{"href":"https:\/\/diariodevurgos.com\/dvwps\/wp-json\/wp\/v2\/types\/post"}],"author":[{"embeddable":true,"href":"https:\/\/diariodevurgos.com\/dvwps\/wp-json\/wp\/v2\/users\/2"}],"replies":[{"embeddable":true,"href":"https:\/\/diariodevurgos.com\/dvwps\/wp-json\/wp\/v2\/comments?post=23713"}],"version-history":[{"count":2,"href":"https:\/\/diariodevurgos.com\/dvwps\/wp-json\/wp\/v2\/posts\/23713\/revisions"}],"predecessor-version":[{"id":23716,"href":"https:\/\/diariodevurgos.com\/dvwps\/wp-json\/wp\/v2\/posts\/23713\/revisions\/23716"}],"wp:featuredmedia":[{"embeddable":true,"href":"https:\/\/diariodevurgos.com\/dvwps\/wp-json\/wp\/v2\/media\/23714"}],"wp:attachment":[{"href":"https:\/\/diariodevurgos.com\/dvwps\/wp-json\/wp\/v2\/media?parent=23713"}],"wp:term":[{"taxonomy":"category","embeddable":true,"href":"https:\/\/diariodevurgos.com\/dvwps\/wp-json\/wp\/v2\/categories?post=23713"},{"taxonomy":"post_tag","embeddable":true,"href":"https:\/\/diariodevurgos.com\/dvwps\/wp-json\/wp\/v2\/tags?post=23713"}],"curies":[{"name":"wp","href":"https:\/\/api.w.org\/{rel}","templated":true}]}}