{"id":23721,"date":"2021-05-21T13:18:20","date_gmt":"2021-05-21T11:18:20","guid":{"rendered":"http:\/\/diariodevurgos.com\/dvwps\/?p=23721"},"modified":"2021-05-21T13:18:20","modified_gmt":"2021-05-21T11:18:20","slug":"salvemos-los-bares","status":"publish","type":"post","link":"https:\/\/diariodevurgos.com\/dvwps\/salvemos-los-bares.php","title":{"rendered":"\u00a1Salvemos los bares!"},"content":{"rendered":"\n<p class=\"lead\">El 5 de Marzo, tras la resaca electoral, un conocido monologuista a sueldo del partido independentista m\u00e1s votado en Catalu\u00f1a contaba en una de sus actuaciones p\u00fablicas, el siguiente chiste:<\/p>\n\n\n\n<blockquote class=\"wp-block-quote\"><p> &#8220;<em>se gana abriendo bares y cerrando hospitales<\/em>&#8221; <\/p><\/blockquote>\n\n\n\n<!--more-->\n\n\n\n<figure class=\"wp-block-image\"><img loading=\"lazy\" width=\"982\" height=\"468\" src=\"http:\/\/diariodevurgos.com\/dvwps\/wp-content\/uploads\/2021\/05\/patronal.jpg\" alt=\"\" class=\"wp-image-23724\" srcset=\"https:\/\/diariodevurgos.com\/dvwps\/wp-content\/uploads\/2021\/05\/patronal.jpg 982w, https:\/\/diariodevurgos.com\/dvwps\/wp-content\/uploads\/2021\/05\/patronal-300x143.jpg 300w, https:\/\/diariodevurgos.com\/dvwps\/wp-content\/uploads\/2021\/05\/patronal-768x366.jpg 768w, https:\/\/diariodevurgos.com\/dvwps\/wp-content\/uploads\/2021\/05\/patronal-370x176.jpg 370w\" sizes=\"(max-width: 982px) 100vw, 982px\" \/><figcaption>La patronal del bar y el pol\u00edtico de turno en tiempos de COVID<\/figcaption><\/figure>\n\n\n\n<p>Al conocido monologuista, por simple geograf\u00eda, le importa una mierda agraviar a los votantes al sur de Somosierra que celebran en los bares el cierre de los hospitales. Nuestros valores han cambiado. Hoy la Libertad es ampliamente entendida como la capacidad humana para poder entrar en el bar que se quiera y a la hora que se quiera. Pero a este estado de diarrea mental colectiva no hemos llegado de la noche a la ma\u00f1ana. Hemos tenido que pasar m\u00e1s de un a\u00f1o de pandemia: Con confinamientos, rodeados de \u201c<em>cu\u00f1ados<\/em>\u201d, \u201c<em>magufos<\/em>\u201d, &#8220;<em>pol\u00edticos<\/em>&#8221; y \u201c<em>tertulianos<\/em>\u201d; Pero sobretodo, muy importante, horas de fuego a discreci\u00f3n de medios de comunicaci\u00f3n dedicados a desinformar y a opinar de cosas sumamente complicadas. Librarse de la bal\u00edstica terrorista de los medios de comunicaci\u00f3n es imposible y todas, en mayor o menor medida, somos v\u00edctimas de sus miserables acciones.<\/p>\n\n\n\n<p> Abrir portadas con esto lamentablemente tiene un precio:<\/p>\n\n\n\n<figure class=\"wp-block-image\"><img loading=\"lazy\" width=\"1024\" height=\"725\" src=\"https:\/\/diariodevurgos.com\/dvwps\/wp-content\/uploads\/2021\/05\/Captura-de-pantalla-de-2021-05-14-12-47-02-1024x725.png\" alt=\"\" class=\"wp-image-23722\" srcset=\"https:\/\/diariodevurgos.com\/dvwps\/wp-content\/uploads\/2021\/05\/Captura-de-pantalla-de-2021-05-14-12-47-02-1024x725.png 1024w, https:\/\/diariodevurgos.com\/dvwps\/wp-content\/uploads\/2021\/05\/Captura-de-pantalla-de-2021-05-14-12-47-02-300x212.png 300w, https:\/\/diariodevurgos.com\/dvwps\/wp-content\/uploads\/2021\/05\/Captura-de-pantalla-de-2021-05-14-12-47-02-768x544.png 768w, https:\/\/diariodevurgos.com\/dvwps\/wp-content\/uploads\/2021\/05\/Captura-de-pantalla-de-2021-05-14-12-47-02-370x262.png 370w, https:\/\/diariodevurgos.com\/dvwps\/wp-content\/uploads\/2021\/05\/Captura-de-pantalla-de-2021-05-14-12-47-02.png 1037w\" sizes=\"(max-width: 1024px) 100vw, 1024px\" \/><\/figure>\n\n\n\n<p>Tiene un precio para los hosteleros, claro, poner cosas en el diario m\u00e1s le\u00eddo de Burgos no sale gratis. Y tambi\u00e9n un precio social, idiotizar a la poblaci\u00f3n con chorradas como esta tiene un gran coste para todas. El estudio, obviamente, no tiene base cient\u00edfica, es hilarante, una maniobra de burda manipulaci\u00f3n y carece de la m\u00e1s m\u00ednima \u00e9tica\u2026 ni tan siquiera tiene sentido pararse a desmentirlo. Lamentablemente ni esta ser\u00e1 la primera ni la \u00faltima gilipollez de &#8220;<em>la patronal del bar<\/em>&#8220;. Llevan a\u00f1os atentado contra la poblaci\u00f3n, pero el \u00faltimo a\u00f1o ha sido especialmente virulento. Estos fulanos est\u00e1n lejos de deponer esta actitud y disolverse:<\/p>\n\n\n\n<figure class=\"wp-block-image\"><img loading=\"lazy\" width=\"967\" height=\"543\" src=\"https:\/\/diariodevurgos.com\/dvwps\/wp-content\/uploads\/2021\/05\/Captura-de-pantalla-de-2021-05-14-12-46-34.png\" alt=\"\" class=\"wp-image-23723\" srcset=\"https:\/\/diariodevurgos.com\/dvwps\/wp-content\/uploads\/2021\/05\/Captura-de-pantalla-de-2021-05-14-12-46-34.png 967w, https:\/\/diariodevurgos.com\/dvwps\/wp-content\/uploads\/2021\/05\/Captura-de-pantalla-de-2021-05-14-12-46-34-300x168.png 300w, https:\/\/diariodevurgos.com\/dvwps\/wp-content\/uploads\/2021\/05\/Captura-de-pantalla-de-2021-05-14-12-46-34-768x431.png 768w, https:\/\/diariodevurgos.com\/dvwps\/wp-content\/uploads\/2021\/05\/Captura-de-pantalla-de-2021-05-14-12-46-34-370x208.png 370w\" sizes=\"(max-width: 967px) 100vw, 967px\" \/><\/figure>\n\n\n\n<p>Algunas entre ca\u00f1a y ca\u00f1a llegan a asegurar que los baretos son una econom\u00eda esencial, que forma parte de la maquinaria que mueve un pa\u00eds llamado Espa\u00f1a. La verborrea liberal-hostelera ha calado en las parroquianas, que somos muchas, de una forma alarmante. Queremos Libertad, para elegir entre \u201c<em>Mau<\/em>\u201d, \u201c<em>Queler<\/em>\u201d o \u201c<em>Alambra<\/em>\u201d y nadie habla de los contratos basura que suelen tener las que te ponen esa cervecita fr\u00eda o han hecho el pincho de tortilla. Nadie habla de las plazas de aparcamiento que estos negocietes han secuestrado, especialmente en Gamonal, un barrio que adolece mucho cada plaza de aparcamiento p\u00fablica suprimida. Tampoco se habla de la tortuosa presi\u00f3n que ha ejercido este innominable circulo de empresarios sobre los pol\u00edticos que gobiernan.<\/p>\n\n\n\n<p>Claro que s\u00ed. Bajemos los impuestos a los empresarios, a los de los bares sobretodo. Rescatemos sus ruinosos negocios y para ellos las ganancias. Permitamos que hagan contratos m\u00e1s miserables. Dej\u00e9mosles todo el espacio p\u00fablico que quieran. <strong>\u00a1Salvemos los bares!<\/strong> El resto puede esperar&#8230;<\/p>\n","protected":false},"excerpt":{"rendered":"<p>El 5 de Marzo, tras la resaca electoral, un conocido monologuista a sueldo del partido independentista m\u00e1s votado en Catalu\u00f1a contaba en una de sus actuaciones p\u00fablicas, el siguiente chiste: &#8220;se gana abriendo bares y cerrando hospitales&#8221;<\/p>\n","protected":false},"author":1,"featured_media":23724,"comment_status":"open","ping_status":"closed","sticky":false,"template":"","format":"standard","meta":[],"categories":[2,5],"tags":[],"_links":{"self":[{"href":"https:\/\/diariodevurgos.com\/dvwps\/wp-json\/wp\/v2\/posts\/23721"}],"collection":[{"href":"https:\/\/diariodevurgos.com\/dvwps\/wp-json\/wp\/v2\/posts"}],"about":[{"href":"https:\/\/diariodevurgos.com\/dvwps\/wp-json\/wp\/v2\/types\/post"}],"author":[{"embeddable":true,"href":"https:\/\/diariodevurgos.com\/dvwps\/wp-json\/wp\/v2\/users\/1"}],"replies":[{"embeddable":true,"href":"https:\/\/diariodevurgos.com\/dvwps\/wp-json\/wp\/v2\/comments?post=23721"}],"version-history":[{"count":7,"href":"https:\/\/diariodevurgos.com\/dvwps\/wp-json\/wp\/v2\/posts\/23721\/revisions"}],"predecessor-version":[{"id":23747,"href":"https:\/\/diariodevurgos.com\/dvwps\/wp-json\/wp\/v2\/posts\/23721\/revisions\/23747"}],"wp:featuredmedia":[{"embeddable":true,"href":"https:\/\/diariodevurgos.com\/dvwps\/wp-json\/wp\/v2\/media\/23724"}],"wp:attachment":[{"href":"https:\/\/diariodevurgos.com\/dvwps\/wp-json\/wp\/v2\/media?parent=23721"}],"wp:term":[{"taxonomy":"category","embeddable":true,"href":"https:\/\/diariodevurgos.com\/dvwps\/wp-json\/wp\/v2\/categories?post=23721"},{"taxonomy":"post_tag","embeddable":true,"href":"https:\/\/diariodevurgos.com\/dvwps\/wp-json\/wp\/v2\/tags?post=23721"}],"curies":[{"name":"wp","href":"https:\/\/api.w.org\/{rel}","templated":true}]}}