{"id":23749,"date":"2021-05-28T12:24:33","date_gmt":"2021-05-28T10:24:33","guid":{"rendered":"http:\/\/diariodevurgos.com\/dvwps\/?p=23749"},"modified":"2021-05-28T22:16:14","modified_gmt":"2021-05-28T20:16:14","slug":"presentacion-del-comic-de-gamonal-en-espacio-tangente","status":"publish","type":"post","link":"https:\/\/diariodevurgos.com\/dvwps\/presentacion-del-comic-de-gamonal-en-espacio-tangente.php","title":{"rendered":"Presentaci\u00f3n del c\u00f3mic de Gamonal en Espacio Tangente"},"content":{"rendered":"\n<p class=\"lead\">Continuando con la ronda de presentaciones del c\u00f3mic, y tras el \u00e9xito de su puesta de largo el pasado 14 de mayo, el pr\u00f3ximo <strong>martes 1 de junio<\/strong> a partir de las <strong>19:00<\/strong> horas <em><a href=\"https:\/\/gamonalnovelagrafica.net\/\">Gamonal. En el eco de un mismo recuerdo <\/a><\/em>ser\u00e1 presentado en <strong>Espacio Tangente<\/strong> por parte de sus autores.<\/p>\n\n\n\n<p>\n\nLa iniciativa contar\u00e1 con la presencia <em>online<\/em> de Alfonso Zapico, Premio Nacional de C\u00f3mic en 2012 y conocido autor de la exitosa saga &#8220;La balada del norte&#8221;, quien ha colaborado en el pr\u00f3logo de esta novela gr\u00e1fica donde se entrelazan ecos y recuerdos del barrio de Gamonal.\n\n<\/p>\n\n\n\n<div class=\"wp-block-image\"><figure class=\"aligncenter is-resized\"><img loading=\"lazy\" src=\"https:\/\/diariodevurgos.com\/dvwps\/wp-content\/uploads\/2021\/05\/Presentaci\u00f3n-en-Espacio-Tangente.jpg\" alt=\"\" class=\"wp-image-23750\" width=\"463\" height=\"654\" srcset=\"https:\/\/diariodevurgos.com\/dvwps\/wp-content\/uploads\/2021\/05\/Presentaci\u00f3n-en-Espacio-Tangente.jpg 636w, https:\/\/diariodevurgos.com\/dvwps\/wp-content\/uploads\/2021\/05\/Presentaci\u00f3n-en-Espacio-Tangente-212x300.jpg 212w, https:\/\/diariodevurgos.com\/dvwps\/wp-content\/uploads\/2021\/05\/Presentaci\u00f3n-en-Espacio-Tangente-370x524.jpg 370w\" sizes=\"(max-width: 463px) 100vw, 463px\" \/><\/figure><\/div>\n\n\n\n<p><\/p>\n\n\n\n<p><\/p>\n","protected":false},"excerpt":{"rendered":"<p>Continuando con la ronda de presentaciones del c\u00f3mic, y tras el \u00e9xito de su puesta de largo el pasado 14 de mayo, el pr\u00f3ximo martes 1 de junio a partir de las 19:00 horas Gamonal. En el eco de un mismo recuerdo ser\u00e1 presentado en Espacio Tangente por parte de sus autores. La iniciativa contar\u00e1&#8230;  <a href=\"https:\/\/diariodevurgos.com\/dvwps\/presentacion-del-comic-de-gamonal-en-espacio-tangente.php\" class=\"more-link\" title=\"Read Presentaci\u00f3n del c\u00f3mic de Gamonal en Espacio Tangente\">Read more &raquo;<\/a><\/p>\n","protected":false},"author":2,"featured_media":23750,"comment_status":"open","ping_status":"closed","sticky":false,"template":"","format":"standard","meta":[],"categories":[74,2,73,14,8],"tags":[],"_links":{"self":[{"href":"https:\/\/diariodevurgos.com\/dvwps\/wp-json\/wp\/v2\/posts\/23749"}],"collection":[{"href":"https:\/\/diariodevurgos.com\/dvwps\/wp-json\/wp\/v2\/posts"}],"about":[{"href":"https:\/\/diariodevurgos.com\/dvwps\/wp-json\/wp\/v2\/types\/post"}],"author":[{"embeddable":true,"href":"https:\/\/diariodevurgos.com\/dvwps\/wp-json\/wp\/v2\/users\/2"}],"replies":[{"embeddable":true,"href":"https:\/\/diariodevurgos.com\/dvwps\/wp-json\/wp\/v2\/comments?post=23749"}],"version-history":[{"count":3,"href":"https:\/\/diariodevurgos.com\/dvwps\/wp-json\/wp\/v2\/posts\/23749\/revisions"}],"predecessor-version":[{"id":23753,"href":"https:\/\/diariodevurgos.com\/dvwps\/wp-json\/wp\/v2\/posts\/23749\/revisions\/23753"}],"wp:featuredmedia":[{"embeddable":true,"href":"https:\/\/diariodevurgos.com\/dvwps\/wp-json\/wp\/v2\/media\/23750"}],"wp:attachment":[{"href":"https:\/\/diariodevurgos.com\/dvwps\/wp-json\/wp\/v2\/media?parent=23749"}],"wp:term":[{"taxonomy":"category","embeddable":true,"href":"https:\/\/diariodevurgos.com\/dvwps\/wp-json\/wp\/v2\/categories?post=23749"},{"taxonomy":"post_tag","embeddable":true,"href":"https:\/\/diariodevurgos.com\/dvwps\/wp-json\/wp\/v2\/tags?post=23749"}],"curies":[{"name":"wp","href":"https:\/\/api.w.org\/{rel}","templated":true}]}}