{"id":2378,"date":"2009-02-18T12:37:44","date_gmt":"2009-02-18T11:37:44","guid":{"rendered":"http:\/\/diariodevurgos.com\/dvwps\/circulo-de-bedate-abierto-sobre-palestina.php"},"modified":"2009-03-26T19:15:50","modified_gmt":"2009-03-26T18:15:50","slug":"circulo-de-bedate-abierto-sobre-palestina","status":"publish","type":"post","link":"https:\/\/diariodevurgos.com\/dvwps\/circulo-de-bedate-abierto-sobre-palestina.php","title":{"rendered":"C\u00ed\u00adrculo de debate abierto sobre Palestina"},"content":{"rendered":"<p class=\"lead\"><img loading=\"lazy\" src=\"http:\/\/diariodevurgos.com\/dvwps\/wp-content\/uploads\/2009\/02\/cartel-debate-circulo-abierto-22.bmp\" align=\"right\" width=\"221\" height=\"52\" \/>La Facultad de Humanidades y Educaci\u00f3n vuelve a ser el marco de una iniciativa de debate, esta vez sobre la situaci\u00f3n que se est\u00e1 viviendo en Palestina. En este c\u00ed\u00adrculo abierto se debatira e indagara sobre las causas que han llevado a Palestina a la complicada situaci\u00f3n actual. La cita es el pr\u00f3ximo <strong>Jueves<\/strong> 19 de febrero a las <strong>18.00 horas<\/strong> en el hall de la <strong>Facultad de Humanidades y Educaci\u00f3n.<\/strong><\/p>\n<p><!--more--> <strong>Los organizadores nos comentan:<\/strong> De forma toalmente aut\u00f3noma surge esta iniciativa de la que se pretende dar continuidad en el tiempo.<br \/>\nSer\u00e1 cada 2 semanas, los jueves a las 18 h en el Hall de la Facultad de Humanidades, luego se eligir\u00e1 un aula y al finalizar el debate se propondr\u00e1 un nuevo tema para el siguiente.<br \/>\nCon esta iniciativa se pretende romper con el aislamiento al que estamos sometidos y encontrarnos sin compromiso para charlar un rato, y&#8230; \u00bfqui\u00e9n sabe?.<br \/>\nTe esperamos<\/p>\n<p align=\"center\"><img src=\"http:\/\/diariodevurgos.com\/dvwps\/wp-content\/uploads\/2009\/02\/cartel-debate-circulo-abierto-21.bmp\" \/><\/p>\n","protected":false},"excerpt":{"rendered":"<p>La Facultad de Humanidades y Educaci\u00f3n vuelve a ser el marco de una iniciativa de debate, esta vez sobre la situaci\u00f3n que se est\u00e1 viviendo en Palestina. En este c\u00ed\u00adrculo abierto se debatira e indagara sobre las causas que han llevado a Palestina a la complicada situaci\u00f3n actual. La cita es el pr\u00f3ximo Jueves 19&#8230;  <a href=\"https:\/\/diariodevurgos.com\/dvwps\/circulo-de-bedate-abierto-sobre-palestina.php\" class=\"more-link\" title=\"Read C\u00ed\u00adrculo de debate abierto sobre Palestina\">Read more &raquo;<\/a><\/p>\n","protected":false},"author":15,"featured_media":0,"comment_status":"open","ping_status":"closed","sticky":false,"template":"","format":"standard","meta":[],"categories":[2,45,14],"tags":[],"_links":{"self":[{"href":"https:\/\/diariodevurgos.com\/dvwps\/wp-json\/wp\/v2\/posts\/2378"}],"collection":[{"href":"https:\/\/diariodevurgos.com\/dvwps\/wp-json\/wp\/v2\/posts"}],"about":[{"href":"https:\/\/diariodevurgos.com\/dvwps\/wp-json\/wp\/v2\/types\/post"}],"author":[{"embeddable":true,"href":"https:\/\/diariodevurgos.com\/dvwps\/wp-json\/wp\/v2\/users\/15"}],"replies":[{"embeddable":true,"href":"https:\/\/diariodevurgos.com\/dvwps\/wp-json\/wp\/v2\/comments?post=2378"}],"version-history":[{"count":1,"href":"https:\/\/diariodevurgos.com\/dvwps\/wp-json\/wp\/v2\/posts\/2378\/revisions"}],"predecessor-version":[{"id":2597,"href":"https:\/\/diariodevurgos.com\/dvwps\/wp-json\/wp\/v2\/posts\/2378\/revisions\/2597"}],"wp:attachment":[{"href":"https:\/\/diariodevurgos.com\/dvwps\/wp-json\/wp\/v2\/media?parent=2378"}],"wp:term":[{"taxonomy":"category","embeddable":true,"href":"https:\/\/diariodevurgos.com\/dvwps\/wp-json\/wp\/v2\/categories?post=2378"},{"taxonomy":"post_tag","embeddable":true,"href":"https:\/\/diariodevurgos.com\/dvwps\/wp-json\/wp\/v2\/tags?post=2378"}],"curies":[{"name":"wp","href":"https:\/\/api.w.org\/{rel}","templated":true}]}}