{"id":23848,"date":"2021-10-01T11:16:39","date_gmt":"2021-10-01T09:16:39","guid":{"rendered":"http:\/\/diariodevurgos.com\/dvwps\/?p=23848"},"modified":"2021-12-02T15:14:38","modified_gmt":"2021-12-02T14:14:38","slug":"reinhumacion-victimas-exhumadas-en-la-paredeja","status":"publish","type":"post","link":"https:\/\/diariodevurgos.com\/dvwps\/reinhumacion-victimas-exhumadas-en-la-paredeja.php","title":{"rendered":"Reinhumaci\u00f3n v\u00edctimas exhumadas en la Paredeja"},"content":{"rendered":"<p class=\"lead\">Ayer, s\u00e1bado 2 de octubre, se llev\u00f3 a cabo el acto de reinhumaci\u00f3n de las personas asesinadas en agosto de 1936 en los m\u00e1rgenes de la carretera N-120 entre las localidades de Ibeas de Juarros y Zalduendo y cuyos restos fueron hallados en la fosa de La Paradeja. La iniciativa estuvo impulsada por la Coordinadora por la Recuperaci\u00f3n de la Memoria Hist\u00f3rica de Burgos.<!--more--><\/p>\n<p>En mayo de 2019 la <strong>Coordinadora por la Recuperaci\u00f3n de la Memoria Hist\u00f3rica de Burgos<\/strong> anunciaba <a href=\"https:\/\/diariodevurgos.com\/dvwps\/localizados-los-siete-cuerpos-en-la-fosa-comun-de-la-paredeja.php\">el hallazgo de una fosa com\u00fan en el \u00e1rea protegida del entorno de los yacimientos de la Sierra de Atapuerca<\/a>. Aquella intervenci\u00f3n arqueol\u00f3gica dirigida por Sandra Ortega y Encarna Valdivielso sac\u00f3 a la luz los restos de al menos siete personas asesinadas en agosto de 1936 que fueron enterradas en los m\u00e1rgenes de la actual carretera N-120. Se trataba de ciudadanos que, por su desafecci\u00f3n al alzamiento militar que se hab\u00eda producido en el mes de julio, fueron detenidos y enviados a la Prisi\u00f3n Central de Burgos. Desde all\u00ed iban ser trasladados a la de Pamplona, un periplo carcelario que no lleg\u00f3 a culminarse ya que termin\u00f3 precipitadamente con su ejecuci\u00f3n y enterramiento clandestino en una cuneta entre las localidades de Ibeas de Juarros y Zalduendo.<\/p>\n<p style=\"text-align: center;\"><img loading=\"lazy\" class=\"alignnone \" src=\"https:\/\/diariodevurgos.com\/dvwps\/wp-content\/uploads\/2019\/05\/Fosa-Ibeas-2-768x576.jpg\" width=\"483\" height=\"362\" \/><\/p>\n<p style=\"text-align: center;\"><em>Trabajos de excavaci\u00f3n en la fosa de La Paradeja\/ DV<\/em><\/p>\n<p>Tras varios a\u00f1os de trabajo, y una pandemia de por medio, ayer s\u00e1bado 2 de octubre se llev\u00f3 a cabo la reinhumaci\u00f3n de los restos mortales de las personas represaliadas que, tras una ceremonia realizada a pie de la fosa donde han estuvieron sepultados durante m\u00e1s de 80 a\u00f1os, se concluy\u00f3 con su deposito en un espacio del cementerio habilitado por el ayuntamiento de Ibeas de Juarros.<\/p>\n<p style=\"text-align: center;\"><img loading=\"lazy\" class=\"alignnone wp-image-23855 \" src=\"http:\/\/diariodevurgos.com\/dvwps\/wp-content\/uploads\/2021\/10\/PHOTO-2021-10-03-13-16-04-1024x768.jpg\" alt=\"\" width=\"435\" height=\"326\" srcset=\"https:\/\/diariodevurgos.com\/dvwps\/wp-content\/uploads\/2021\/10\/PHOTO-2021-10-03-13-16-04-1024x768.jpg 1024w, https:\/\/diariodevurgos.com\/dvwps\/wp-content\/uploads\/2021\/10\/PHOTO-2021-10-03-13-16-04-300x225.jpg 300w, https:\/\/diariodevurgos.com\/dvwps\/wp-content\/uploads\/2021\/10\/PHOTO-2021-10-03-13-16-04-768x576.jpg 768w, https:\/\/diariodevurgos.com\/dvwps\/wp-content\/uploads\/2021\/10\/PHOTO-2021-10-03-13-16-04-400x300.jpg 400w, https:\/\/diariodevurgos.com\/dvwps\/wp-content\/uploads\/2021\/10\/PHOTO-2021-10-03-13-16-04-370x278.jpg 370w, https:\/\/diariodevurgos.com\/dvwps\/wp-content\/uploads\/2021\/10\/PHOTO-2021-10-03-13-16-04.jpg 2048w\" sizes=\"(max-width: 435px) 100vw, 435px\" \/><\/p>\n<p style=\"text-align: center;\"><em>Traslado de los f\u00e9retros al cementerio \/CRMH<\/em><\/p>\n<p>Por otra parte, y como colof\u00f3n de la jornada por la recuperaci\u00f3n de la memoria, miembros del equipo t\u00e9cnico explicaron\u00a0 las conclusiones del informe final del proceso de exhumaci\u00f3n.<\/p>\n<p style=\"text-align: center;\"><img loading=\"lazy\" class=\"wp-image-23858  aligncenter\" src=\"http:\/\/diariodevurgos.com\/dvwps\/wp-content\/uploads\/2021\/10\/PHOTO-2021-10-03-13-16-41_1-768x1024.jpg\" alt=\"\" width=\"404\" height=\"538\" srcset=\"https:\/\/diariodevurgos.com\/dvwps\/wp-content\/uploads\/2021\/10\/PHOTO-2021-10-03-13-16-41_1-768x1024.jpg 768w, https:\/\/diariodevurgos.com\/dvwps\/wp-content\/uploads\/2021\/10\/PHOTO-2021-10-03-13-16-41_1-225x300.jpg 225w, https:\/\/diariodevurgos.com\/dvwps\/wp-content\/uploads\/2021\/10\/PHOTO-2021-10-03-13-16-41_1-370x493.jpg 370w, https:\/\/diariodevurgos.com\/dvwps\/wp-content\/uploads\/2021\/10\/PHOTO-2021-10-03-13-16-41_1.jpg 1536w\" sizes=\"(max-width: 404px) 100vw, 404px\" \/><\/p>\n<p><em>F\u00e9retros de las personas exhumadas en la fosa de La Paredeja \/CRMH<\/em><\/p>\n<p>La Paradeja es una de la muchas fosas comunes que existen en la provincia de Burgos, uno de las provincias que alberga m\u00e1s fosas comunes de la Guerra Civil y que pone de manifiesto el mucho trabajo que a\u00fan queda por realizar en lo referido a la recuperaci\u00f3n de la Memoria Hist\u00f3rica.<\/p>\n","protected":false},"excerpt":{"rendered":"<p>Ayer, s\u00e1bado 2 de octubre, se llev\u00f3 a cabo el acto de reinhumaci\u00f3n de las personas asesinadas en agosto de 1936 en los m\u00e1rgenes de la carretera N-120 entre las localidades de Ibeas de Juarros y Zalduendo y cuyos restos fueron hallados en la fosa de La Paradeja. La iniciativa estuvo impulsada por la Coordinadora&#8230;  <a href=\"https:\/\/diariodevurgos.com\/dvwps\/reinhumacion-victimas-exhumadas-en-la-paredeja.php\" class=\"more-link\" title=\"Read Reinhumaci\u00f3n v\u00edctimas exhumadas en la Paredeja\">Read more &raquo;<\/a><\/p>\n","protected":false},"author":67,"featured_media":23849,"comment_status":"open","ping_status":"closed","sticky":false,"template":"","format":"standard","meta":[],"categories":[2,71],"tags":[],"_links":{"self":[{"href":"https:\/\/diariodevurgos.com\/dvwps\/wp-json\/wp\/v2\/posts\/23848"}],"collection":[{"href":"https:\/\/diariodevurgos.com\/dvwps\/wp-json\/wp\/v2\/posts"}],"about":[{"href":"https:\/\/diariodevurgos.com\/dvwps\/wp-json\/wp\/v2\/types\/post"}],"author":[{"embeddable":true,"href":"https:\/\/diariodevurgos.com\/dvwps\/wp-json\/wp\/v2\/users\/67"}],"replies":[{"embeddable":true,"href":"https:\/\/diariodevurgos.com\/dvwps\/wp-json\/wp\/v2\/comments?post=23848"}],"version-history":[{"count":6,"href":"https:\/\/diariodevurgos.com\/dvwps\/wp-json\/wp\/v2\/posts\/23848\/revisions"}],"predecessor-version":[{"id":23937,"href":"https:\/\/diariodevurgos.com\/dvwps\/wp-json\/wp\/v2\/posts\/23848\/revisions\/23937"}],"wp:featuredmedia":[{"embeddable":true,"href":"https:\/\/diariodevurgos.com\/dvwps\/wp-json\/wp\/v2\/media\/23849"}],"wp:attachment":[{"href":"https:\/\/diariodevurgos.com\/dvwps\/wp-json\/wp\/v2\/media?parent=23848"}],"wp:term":[{"taxonomy":"category","embeddable":true,"href":"https:\/\/diariodevurgos.com\/dvwps\/wp-json\/wp\/v2\/categories?post=23848"},{"taxonomy":"post_tag","embeddable":true,"href":"https:\/\/diariodevurgos.com\/dvwps\/wp-json\/wp\/v2\/tags?post=23848"}],"curies":[{"name":"wp","href":"https:\/\/api.w.org\/{rel}","templated":true}]}}