{"id":23914,"date":"2021-11-17T07:47:05","date_gmt":"2021-11-17T06:47:05","guid":{"rendered":"http:\/\/diariodevurgos.com\/dvwps\/?p=23914"},"modified":"2021-11-17T07:47:08","modified_gmt":"2021-11-17T06:47:08","slug":"noviembre-antifascista-en-burgos-2","status":"publish","type":"post","link":"https:\/\/diariodevurgos.com\/dvwps\/noviembre-antifascista-en-burgos-2.php","title":{"rendered":"Noviembre antifascista en Burgos"},"content":{"rendered":"<p style=\"text-align: left;\" class=\"lead\">Desde el colectivo Resaca Castellana se han programado una serie de actividades para este mes de noviembre bajo el lema <em>Recuperando la memoria, combatiendo el fascismo<\/em> entre las que se incluyen la proyecci\u00f3n de un documental y una concentraci\u00f3n de car\u00e1cter antifascista.<\/p>\n<p style=\"text-align: center;\"><img loading=\"lazy\" class=\"aligncenter wp-image-23915 \" src=\"http:\/\/diariodevurgos.com\/dvwps\/wp-content\/uploads\/2021\/11\/unnamed-724x1024.jpg\" alt=\"\" width=\"473\" height=\"669\" srcset=\"https:\/\/diariodevurgos.com\/dvwps\/wp-content\/uploads\/2021\/11\/unnamed-724x1024.jpg 724w, https:\/\/diariodevurgos.com\/dvwps\/wp-content\/uploads\/2021\/11\/unnamed-212x300.jpg 212w, https:\/\/diariodevurgos.com\/dvwps\/wp-content\/uploads\/2021\/11\/unnamed-768x1086.jpg 768w, https:\/\/diariodevurgos.com\/dvwps\/wp-content\/uploads\/2021\/11\/unnamed-370x523.jpg 370w, https:\/\/diariodevurgos.com\/dvwps\/wp-content\/uploads\/2021\/11\/unnamed.jpg 905w\" sizes=\"(max-width: 473px) 100vw, 473px\" \/><\/p>\n","protected":false},"excerpt":{"rendered":"<p>Desde el colectivo Resaca Castellana se han programado una serie de actividades para este mes de noviembre bajo el lema Recuperando la memoria, combatiendo el fascismo entre las que se incluyen la proyecci\u00f3n de un documental y una concentraci\u00f3n de car\u00e1cter antifascista.<\/p>\n","protected":false},"author":2,"featured_media":23915,"comment_status":"open","ping_status":"closed","sticky":false,"template":"","format":"standard","meta":[],"categories":[31,2,78,14,27,71],"tags":[],"_links":{"self":[{"href":"https:\/\/diariodevurgos.com\/dvwps\/wp-json\/wp\/v2\/posts\/23914"}],"collection":[{"href":"https:\/\/diariodevurgos.com\/dvwps\/wp-json\/wp\/v2\/posts"}],"about":[{"href":"https:\/\/diariodevurgos.com\/dvwps\/wp-json\/wp\/v2\/types\/post"}],"author":[{"embeddable":true,"href":"https:\/\/diariodevurgos.com\/dvwps\/wp-json\/wp\/v2\/users\/2"}],"replies":[{"embeddable":true,"href":"https:\/\/diariodevurgos.com\/dvwps\/wp-json\/wp\/v2\/comments?post=23914"}],"version-history":[{"count":1,"href":"https:\/\/diariodevurgos.com\/dvwps\/wp-json\/wp\/v2\/posts\/23914\/revisions"}],"predecessor-version":[{"id":23916,"href":"https:\/\/diariodevurgos.com\/dvwps\/wp-json\/wp\/v2\/posts\/23914\/revisions\/23916"}],"wp:featuredmedia":[{"embeddable":true,"href":"https:\/\/diariodevurgos.com\/dvwps\/wp-json\/wp\/v2\/media\/23915"}],"wp:attachment":[{"href":"https:\/\/diariodevurgos.com\/dvwps\/wp-json\/wp\/v2\/media?parent=23914"}],"wp:term":[{"taxonomy":"category","embeddable":true,"href":"https:\/\/diariodevurgos.com\/dvwps\/wp-json\/wp\/v2\/categories?post=23914"},{"taxonomy":"post_tag","embeddable":true,"href":"https:\/\/diariodevurgos.com\/dvwps\/wp-json\/wp\/v2\/tags?post=23914"}],"curies":[{"name":"wp","href":"https:\/\/api.w.org\/{rel}","templated":true}]}}