{"id":24021,"date":"2022-02-24T16:00:27","date_gmt":"2022-02-24T15:00:27","guid":{"rendered":"http:\/\/diariodevurgos.com\/dvwps\/?p=24021"},"modified":"2022-02-24T16:00:28","modified_gmt":"2022-02-24T15:00:28","slug":"solidaridad-detenidos-29-de-octubre","status":"publish","type":"post","link":"https:\/\/diariodevurgos.com\/dvwps\/solidaridad-detenidos-29-de-octubre.php","title":{"rendered":"Solidaridad detenidos 29 de octubre"},"content":{"rendered":"\n<p class=\"lead\">A continuaci\u00f3n difundimos un comunicado en solidaridad con los procesados el 29 de Octubre de 2018 en <strong>Madrid<\/strong>.<\/p>\n\n\n\n<!--more-->\n\n\n\n<p>El 29 de octubre de 2018 dos compa\u00f1eros anarquistas de Madrid fueron detenidos acusados de un sabotaje con fuego a un cajero de Bankia el 13 de abril del mismo a\u00f1o. Recientemente han recibido la noticia de que han fechado su juicio para el 7 de abril de 2022.<\/p>\n\n\n\n<p>Fiscal\u00eda junto con Bankia y Mapfre (la aseguradora del banco) piden 3 a\u00f1os por delito de Da\u00f1os y 17.000 euros de Responsabilidad Civil. En el atestado policial, el hecho se relaciona con un comunicado subido a webs de contrainformaci\u00f3n en el que se reivindicaba la acci\u00f3n en solidaridad con Lisa, condenada a 7 a\u00f1os (ahora mismo en tercer grado) por un atraco a un banco en Aachen (Alemania). Tambi\u00e9n dicen que lxs compa\u00f1erxs son anarquistas reconocidos, mencionando indentificaciones en concentraciones, pegadas de carteles o detenciones en desalojos. Todo este castillo en el aire lo usan para justificar el agravante ideol\u00f3gico ya que lxs compa\u00f1erxs, al ser anarquistas, odian los bancos, y Bankia en este caso ser\u00eda una v\u00edctima de este &#8220;odio ideol\u00f3gico&#8221;.<\/p>\n\n\n\n<p>Este es un ataque m\u00e1s desde el Estado al movimiento anarquista como conjunto, tratando de castigar la solidaridad y aleccionar a la sociedad entera. No s\u00f3lo se pretende perseguir la acci\u00f3n anarquista, sino tambi\u00e9n el pensamiento, lo cual vemos en el intento de meter el &#8216;agravante ideol\u00f3gico&#8217;. Dentro de esta ofensiva tambi\u00e9n encuadran la Operaci\u00f3n Arca, en la que se acusa dos compa\u00f1eras de diferentes sabotajes en Madrid.<\/p>\n\n\n\n<p style=\"text-align:center\">\u00a1SOLIDARIDAD CON LXS ANARQUISTAS REPRESALIADXS!<br>\n\u00a1FUEGO A LOS BANCOS Y VIVA LA ANARQU\u00cdA!<\/p>\n\n\n\n<div class=\"wp-block-image\"><figure class=\"aligncenter\"><img loading=\"lazy\" width=\"724\" height=\"1024\" src=\"http:\/\/diariodevurgos.com\/dvwps\/wp-content\/uploads\/2022\/02\/judge.cleaned-724x1024.jpg\" alt=\"\" class=\"wp-image-24022\" srcset=\"https:\/\/diariodevurgos.com\/dvwps\/wp-content\/uploads\/2022\/02\/judge.cleaned-724x1024.jpg 724w, https:\/\/diariodevurgos.com\/dvwps\/wp-content\/uploads\/2022\/02\/judge.cleaned-212x300.jpg 212w, https:\/\/diariodevurgos.com\/dvwps\/wp-content\/uploads\/2022\/02\/judge.cleaned-768x1086.jpg 768w, https:\/\/diariodevurgos.com\/dvwps\/wp-content\/uploads\/2022\/02\/judge.cleaned-370x523.jpg 370w, https:\/\/diariodevurgos.com\/dvwps\/wp-content\/uploads\/2022\/02\/judge.cleaned.jpg 1024w\" sizes=\"(max-width: 724px) 100vw, 724px\" \/><\/figure><\/div>\n","protected":false},"excerpt":{"rendered":"<p>A continuaci\u00f3n difundimos un comunicado en solidaridad con los procesados el 29 de Octubre de 2018 en Madrid.<\/p>\n","protected":false},"author":1,"featured_media":24022,"comment_status":"open","ping_status":"closed","sticky":false,"template":"","format":"standard","meta":[],"categories":[3,14,17],"tags":[],"_links":{"self":[{"href":"https:\/\/diariodevurgos.com\/dvwps\/wp-json\/wp\/v2\/posts\/24021"}],"collection":[{"href":"https:\/\/diariodevurgos.com\/dvwps\/wp-json\/wp\/v2\/posts"}],"about":[{"href":"https:\/\/diariodevurgos.com\/dvwps\/wp-json\/wp\/v2\/types\/post"}],"author":[{"embeddable":true,"href":"https:\/\/diariodevurgos.com\/dvwps\/wp-json\/wp\/v2\/users\/1"}],"replies":[{"embeddable":true,"href":"https:\/\/diariodevurgos.com\/dvwps\/wp-json\/wp\/v2\/comments?post=24021"}],"version-history":[{"count":2,"href":"https:\/\/diariodevurgos.com\/dvwps\/wp-json\/wp\/v2\/posts\/24021\/revisions"}],"predecessor-version":[{"id":24024,"href":"https:\/\/diariodevurgos.com\/dvwps\/wp-json\/wp\/v2\/posts\/24021\/revisions\/24024"}],"wp:featuredmedia":[{"embeddable":true,"href":"https:\/\/diariodevurgos.com\/dvwps\/wp-json\/wp\/v2\/media\/24022"}],"wp:attachment":[{"href":"https:\/\/diariodevurgos.com\/dvwps\/wp-json\/wp\/v2\/media?parent=24021"}],"wp:term":[{"taxonomy":"category","embeddable":true,"href":"https:\/\/diariodevurgos.com\/dvwps\/wp-json\/wp\/v2\/categories?post=24021"},{"taxonomy":"post_tag","embeddable":true,"href":"https:\/\/diariodevurgos.com\/dvwps\/wp-json\/wp\/v2\/tags?post=24021"}],"curies":[{"name":"wp","href":"https:\/\/api.w.org\/{rel}","templated":true}]}}