{"id":24064,"date":"2022-04-09T08:15:31","date_gmt":"2022-04-09T06:15:31","guid":{"rendered":"http:\/\/diariodevurgos.com\/dvwps\/?p=24064"},"modified":"2022-04-09T09:16:42","modified_gmt":"2022-04-09T07:16:42","slug":"el-asesinato-del-libertario-salvador-segui-a-traves-de-la-lumpen-klass-blues","status":"publish","type":"post","link":"https:\/\/diariodevurgos.com\/dvwps\/el-asesinato-del-libertario-salvador-segui-a-traves-de-la-lumpen-klass-blues.php","title":{"rendered":"El asesinato del libertario Salvador Segu\u00ed a trav\u00e9s de la Lumpen Klass Blues"},"content":{"rendered":"<p class=\"lead\">Salvador Segui, m\u00e1s conocido como <em>El noi del sucre<\/em>, fue uno de los anarcosindicalistas m\u00e1s destacados en la Barcelona de comienzos del siglo XX. Su asesinato a manos de pistoleros de la patronal es el argumento del videoclip realizado por la <strong>Lumpen Klass Blues<\/strong>, banda burgalesa que aborda temas sociales y con conciencia de clase.<!--more--><\/p>\n<p>A trav\u00e9s de un videoclip la <a href=\"https:\/\/www.facebook.com\/La-Lumpenklassblues-101768602098247\/?__xts__[0]=68.ARC7-IqtNGdehaMCPWoCcx3S3SKQda0NZAViwfJuzmToRvVyE3DEcjlhnK09IQPljUaD39GXrWqUv8VCZ2B6kDtgT-LCc_KgjeNLZIHiwCP_-3pbYY_BYcWWF5ksfAiLxbnac9itexiGzlzYn7cJtDpO3jItgND9wNk3rUxHdylnwJUKehP7Cxp-zYaA6E0E2PW14HcBFpIzt7CRXsHDW0nmr__kUMrdNVa8qXiNkhreDLfurL1zqmt4SsEseKi2rJoNcUnup3kaVeE-bzNQLzT4QxcMip837pZfP33jYfdt_UwHInU&amp;tn-str=k*F\">Lumpen Klass Blues<\/a> recrea la tr\u00e1gica historia de <a href=\"https:\/\/es.wikipedia.org\/wiki\/Salvador_Segu%C3%AD\">Salvador Segu\u00ed<\/a>, uno de los miembros m\u00e1s destacados de la CNT de los a\u00f1os 20, cuyo asesinato es narrado de forma teatralizada por un obrero condenado al garrote vil. Una forma de ejecuci\u00f3n especialmente cruel que estuvo vigente en Espa\u00f1a hasta el final de la dictadura franquista.<\/p>\n<p><iframe loading=\"lazy\" title=\"La Lumpen recuerda el asesinato del Noi del Sucre en boca de un condenado a garrote vil. En catal\u00e1n\" width=\"580\" height=\"326\" src=\"https:\/\/www.youtube.com\/embed\/r4DNkRPolGQ?feature=oembed\" frameborder=\"0\" allow=\"accelerometer; autoplay; clipboard-write; encrypted-media; gyroscope; picture-in-picture\" allowfullscreen><\/iframe><\/p>\n<p>La <strong>Lumpen Klass Blues<\/strong> ofrecer\u00e1 adem\u00e1s <a href=\"https:\/\/www.facebook.com\/101768602098247\/photos\/a.294830976125341\/304187498523022\/\">un concierto<\/a> este <strong>domingo 10 de abril<\/strong> en <strong>La Figa<\/strong> a partir de las <strong>19:00 horas<\/strong> en el que interpretar\u00e1 en directo sus temas cargados de mensaje cr\u00edtico y conciencia social.<\/p>\n\n\n<p><\/p>\n","protected":false},"excerpt":{"rendered":"<p>Salvador Segui, m\u00e1s conocido como El noi del sucre, fue uno de los anarcosindicalistas m\u00e1s destacados en la Barcelona de comienzos del siglo XX. Su asesinato a manos de pistoleros de la patronal es el argumento del videoclip realizado por la Lumpen Klass Blues, banda burgalesa que aborda temas sociales y con conciencia de clase.<\/p>\n","protected":false},"author":2,"featured_media":24065,"comment_status":"open","ping_status":"closed","sticky":false,"template":"","format":"standard","meta":[],"categories":[2,6,16],"tags":[],"_links":{"self":[{"href":"https:\/\/diariodevurgos.com\/dvwps\/wp-json\/wp\/v2\/posts\/24064"}],"collection":[{"href":"https:\/\/diariodevurgos.com\/dvwps\/wp-json\/wp\/v2\/posts"}],"about":[{"href":"https:\/\/diariodevurgos.com\/dvwps\/wp-json\/wp\/v2\/types\/post"}],"author":[{"embeddable":true,"href":"https:\/\/diariodevurgos.com\/dvwps\/wp-json\/wp\/v2\/users\/2"}],"replies":[{"embeddable":true,"href":"https:\/\/diariodevurgos.com\/dvwps\/wp-json\/wp\/v2\/comments?post=24064"}],"version-history":[{"count":3,"href":"https:\/\/diariodevurgos.com\/dvwps\/wp-json\/wp\/v2\/posts\/24064\/revisions"}],"predecessor-version":[{"id":24068,"href":"https:\/\/diariodevurgos.com\/dvwps\/wp-json\/wp\/v2\/posts\/24064\/revisions\/24068"}],"wp:featuredmedia":[{"embeddable":true,"href":"https:\/\/diariodevurgos.com\/dvwps\/wp-json\/wp\/v2\/media\/24065"}],"wp:attachment":[{"href":"https:\/\/diariodevurgos.com\/dvwps\/wp-json\/wp\/v2\/media?parent=24064"}],"wp:term":[{"taxonomy":"category","embeddable":true,"href":"https:\/\/diariodevurgos.com\/dvwps\/wp-json\/wp\/v2\/categories?post=24064"},{"taxonomy":"post_tag","embeddable":true,"href":"https:\/\/diariodevurgos.com\/dvwps\/wp-json\/wp\/v2\/tags?post=24064"}],"curies":[{"name":"wp","href":"https:\/\/api.w.org\/{rel}","templated":true}]}}