{"id":24116,"date":"2022-06-03T17:55:17","date_gmt":"2022-06-03T15:55:17","guid":{"rendered":"http:\/\/diariodevurgos.com\/dvwps\/?p=24116"},"modified":"2022-06-04T11:38:36","modified_gmt":"2022-06-04T09:38:36","slug":"la-ultima-contradiccion-anarcosindical","status":"publish","type":"post","link":"https:\/\/diariodevurgos.com\/dvwps\/la-ultima-contradiccion-anarcosindical.php","title":{"rendered":"La \u00faltima contradicci\u00f3n anarcosindical"},"content":{"rendered":"\n<p class=\"lead\">A finales del 1979 el anarcosindicalismo ten\u00eda una fuerza sindical bastante evidente. CNT era el tercer sindicato por afiliaci\u00f3n y ya hab\u00eda sido v\u00edctima de uno de los primeros montajes de la democracia, <a href=\"http:\/\/www.memorialibertaria.org\/El%20caso%20Scala\">el Caso Scala<\/a>.<\/p>\n\n\n\n<!--more-->\n\n\n\n<p><strong>Contemos la historia desde el principio<\/strong><\/p>\n\n\n\n<p>El 8 de diciembre de 1979 fue un mes importante para el anarcosindicalismo en la pen\u00ednsula ib\u00e9rica. Tras la vuelta del exilio, ese a\u00f1o se celebr\u00f3 el V Congreso Confederal de la CNT. Un congreso pol\u00e9mico ya que en el se debati\u00f3 acudir a las elecciones sindicales y acatar los Pactos de la Moncloa. Cabe destacar que este congreso tuvo lugar en un contexto en el que la CNT era uno de los principales opositores a <a href=\"https:\/\/es.wikipedia.org\/wiki\/Pactos_de_la_Moncloa\">los Pactos de la Moncloa<\/a>, por aquel entonces se destap\u00f3 la existencia de muchos infiltrados en la organizaci\u00f3n sindical y se cargaba con la losa de lo que posteriormente se reconoci\u00f3 como montaje policial, adem\u00e1s de contar con los medios de informaci\u00f3n en su contra.  <\/p>\n\n\n\n<p>Pese a que en ese\ncongreso se decidi\u00f3 no claudicar con los Pactos de la Moncloa hab\u00eda\nmuchos delegados no conformes con la resoluci\u00f3n. En julio de 1980\nlos d\u00edscolos decidieron celebrar otro congreso que tendr\u00eda lugar en\nValencia. Como se pod\u00eda esperar en este congreso s\u00ed aprobaron ser\nparte de los comit\u00e9s de empresa y acudir a las elecciones sindicales\nbajo las siglas de CNT abriendo as\u00ed una brecha en la organizaci\u00f3n.\nMientras la CNT se debat\u00eda en una pugna interna, parte de sus\ndirigentes se reun\u00edan con el gobierno de la \u00e9poca. Alfonso Guerra\npor aquel entonces vicepresidente lleg\u00f3 a decir:<\/p>\n\n\n\n<blockquote class=\"wp-block-quote\"><p>\u00abNo pienso aceptar un sindicalismo a tres, CCOO, UGT y CNT, sino un sindicalismo a dos, UGT y CNT, pero para eso, la CNT, debe poner los pies en la tierra y aceptar las elecciones sindicales\u00bb<\/p><cite><a href=\"https:\/\/valencia.cnt.es\/que-es-la-cnt\/historia\/1979-1989-el-proceso-escisionista\/\">El proceso escisionista y la CGT<\/a> <\/cite><\/blockquote>\n\n\n\n<p>Desde aquel fat\u00eddico\njulio del 80 hasta el Congreso Extraordinario en Torrej\u00f3n de Ardoz\nde marzo del 83 parece que en la CNT campaba el desconcierto, las\nmismas siglas pero diferentes coletillas para un sindicato sumido en\nla divis\u00f3n. La prensa y los pol\u00edticos daban se\u00f1ales de haber\namaestrado a las ingobernables mientras internamente se debat\u00eda\nentre aceptar o no las reglas del juego. Reglas que ya hab\u00eda\naceptado la patronal, partidos pol\u00edticos y sindicatos de la\nizquierda. Finalmente, en Torrej\u00f3n, se dijo que no y esto termin\u00f3\nen una separaci\u00f3n del anarcosindicalismo a la que muchos,\ndespectivamente, llamar\u00edan reformista mientras que ellos prefer\u00edan\nllamarse renovados. \n<\/p>\n\n\n\n<p>A estas alturas del\ncuento y cuando ya nada pod\u00eda ir peor alg\u00fan anarquista decidi\u00f3 que\nser\u00eda buena idea despojar a los renovados de las siglas de la CNT\nacudiendo a la infame justicia, jarabe legalista para los\nreformistas. Finalmente en 1989 un juez dictamin\u00f3 que la\n\u201cCNT-Renovada\u201d deb\u00eda cambiar el nombre y pas\u00f3 a llamarse CGT,\nConfederaci\u00f3n General del Trabajo.<\/p>\n\n\n\n<p><strong>\u00bfQu\u00e9 paso en Burgos?<\/strong><\/p>\n\n\n\n<p>La historia burgalesa, como no pod\u00eda ser de otra manera, es muy diferente. Aquel Congreso de Valencia que inici\u00f3 la separaci\u00f3n fue respaldado por la CNT de Burgos que se sum\u00f3 en bloque a la parte anarcosindical que estaba dispuesta a jugar a ser \u201c<em>pol\u00edticos de curro<\/em>\u201d. Seg\u00fan cuenta el libro \u201c<em>El anarquismo en Burgos<\/em>\u201d, el cual pod\u00e9is encontrar en la actual sede de CNT, se dec\u00eda:<\/p>\n\n\n\n<blockquote class=\"wp-block-quote\"><p>\u201c&#8230;para llegar un d\u00eda en que los trabajadores nos enfrentemos a la patronal y su Estado es necesario olvidar el boicot testimonial y aceptar la participaci\u00f3n representativa\u201d.<\/p><cite>Libro &#8220;El Anarquismo en Burgos&#8221;<\/cite><\/blockquote>\n\n\n\n<p>Sin embargo est\u00e1\nsituaci\u00f3n aguantar\u00e1 s\u00f3lo hasta el 93. El hecho de recibir dinero\ndel estado y que no fuese posible desmontar los comit\u00e9s de empresa\ncon una relaci\u00f3n de fuerzas bastante desigual hace que el\nanarcosindicalismo burgal\u00e9s se divida y se refunde la CNT en Burgos,\nesta vez sin delegados, representantes ni subvenciones. \n<\/p>\n\n\n\n<figure class=\"wp-block-image\"><img loading=\"lazy\" width=\"1024\" height=\"624\" src=\"http:\/\/diariodevurgos.com\/dvwps\/wp-content\/uploads\/2022\/06\/1ag-1-1-1024x624.jpg\" alt=\"\" class=\"wp-image-24117\" srcset=\"https:\/\/diariodevurgos.com\/dvwps\/wp-content\/uploads\/2022\/06\/1ag-1-1-1024x624.jpg 1024w, https:\/\/diariodevurgos.com\/dvwps\/wp-content\/uploads\/2022\/06\/1ag-1-1-300x183.jpg 300w, https:\/\/diariodevurgos.com\/dvwps\/wp-content\/uploads\/2022\/06\/1ag-1-1-768x468.jpg 768w, https:\/\/diariodevurgos.com\/dvwps\/wp-content\/uploads\/2022\/06\/1ag-1-1-370x225.jpg 370w, https:\/\/diariodevurgos.com\/dvwps\/wp-content\/uploads\/2022\/06\/1ag-1-1.jpg 1200w\" sizes=\"(max-width: 1024px) 100vw, 1024px\" \/><\/figure>\n\n\n\n<p><strong>Las razones<\/strong><\/p>\n\n\n\n<p>El anarcosindicalismo est\u00e1 realmente vivo pese a que por estas tierras se hayan visto tiempos mucho mejores. Por ejemplo, el respetado pensador y activista Noam Chomsky se ha posicionado claramente a favor de esta forma de anarquismo. Adem\u00e1s, como es habitual en \u00e9l, <a href=\"https:\/\/chomsky.info\/19760725\/\">con muy buenas defensas<\/a>. El debate que naci\u00f3 en la pen\u00ednsula ib\u00e9rica en 1979 y que ha continuado hasta nuestros d\u00edas no es un debate pueril. En \u00e9l es dif\u00edcil que afloren sentimientos o cuestiones paralelas a las razones como nos tienen acostumbrados los debates entre nacionalismos, tan desgraciadamente frecuentes \u00faltimamente.  <\/p>\n\n\n\n<p>Y es que este debate\npuede asemejarse mucho a las discusiones en el 36, \u00bfpedir el voto\npara el frente popular?, \u00bfincorporar ministros a un gobierno?\ncontroversias que han generado siempre grandes discusiones en las\nfilas anarquistas. Pero esta vez no hab\u00eda tantas alturas de miras.\nEn el 79 el movimiento libertario era mucho menor que en el 36. Los\nrenovados quer\u00edan pasar por el aro de los Pactos de la Moncloa para\ncrear un anarcosindicalismo fuerte, quer\u00edan medios y recursos para\nintervenir en la pol\u00edtica, un cambio desde dentro. Sin embargo el\notro ala no estaba dispuesta a sacrificar la esencia anarquista.\nFirmar los Pactos de la Moncloa supon\u00eda renunciar a muchos\nprincipios anarquistas. De ah\u00ed que a la CGT siempre se la haya\nvinculado al reformismo por parte de otra militancia anarquista. \n<\/p>\n\n\n\n<p><strong>La \u00faltima contradicci\u00f3n anarcosindical<\/strong><\/p>\n\n\n\n<p>La FAI naci\u00f3, seg\u00fan\nsus fundadores, para preservar la esencia anarquista de la CNT. Naci\u00f3\nen un contexto europeo en el que el sindicalismo revolucionario\nestaba siendo absorbido por la izquierda. Bien podemos concluir que\nla FAI tubo cierto \u00e9xito, la pen\u00ednsula ib\u00e9rica fue sin duda la\nexcepci\u00f3n europea. Mientras la FAI aguant\u00f3, la CNT preserv\u00f3 la\nesencia anarquista adem\u00e1s de ser un sindicato muy mayoritario, no\nsin dificultades y con grandes contradicciones. Tal vez esas grandes\ncontradicciones hist\u00f3ricas, como fue aportar ministros a un\ngobierno, dejen las contradicciones actuales en poca cosa. De hecho\neste es uno de los argumentos entre los renovados.<\/p>\n\n\n\n<p>La \u00faltima contradicci\u00f3n anarcosindical arroja muchas cuestiones. \u00bfC\u00f3mo puede el anarcosindicalismo congregar a tantos militantes de izquierda en sus filas?, \u00bfqu\u00e9 hace la izquierda en un sindicato anarcosindicalista?, \u00bfes una victoria del anarcosindicalismo o una derrota del mismo?, \u00bfa caso los sindicatos de la izquierda han decepcionado tanto a la propia izquierda? \u00bfo parte del anarcosindicalismo se ha plegado tanto que ha acabado arrodill\u00e1ndose ante la izquierda?.<\/p>\n\n\n\n<p>Desde la ciudad donde se escriben estas l\u00edneas, Burgos, el sindicato CGT no s\u00f3lo tiene entre sus afiliados a miembros de partidos sino que incluso ha mantenido entre sus afilados a representantes pol\u00edticos.<\/p>\n\n\n\n<p>Las contradicciones\nson algo habitual cuando se pasa de la teor\u00eda a la pr\u00e1ctica. El\nproblema, es que esta contradicci\u00f3n es antag\u00f3nica dentro del\nanarcosindicalismo. Lamentablemente la brecha que naci\u00f3 aquel\nfat\u00eddico 8 de diciembre del 79 hoy se ha vuelto m\u00e1s grande\nconduciendo al anarcosindicalismo por dos caminos que cada d\u00eda que\npasa parecen distanciarse m\u00e1s y m\u00e1s.<\/p>\n\n\n\n<p><strong>Este art\u00edculo no pretende defender una postura u otra, simplemente reflexionar sobre la situaci\u00f3n. Que cada cual saque sus propias conclusiones.<\/strong><\/p>\n","protected":false},"excerpt":{"rendered":"<p>A finales del 1979 el anarcosindicalismo ten\u00eda una fuerza sindical bastante evidente. CNT era el tercer sindicato por afiliaci\u00f3n y ya hab\u00eda sido v\u00edctima de uno de los primeros montajes de la democracia, el Caso Scala.<\/p>\n","protected":false},"author":1,"featured_media":24117,"comment_status":"open","ping_status":"closed","sticky":false,"template":"","format":"standard","meta":[],"categories":[112,2,30],"tags":[],"_links":{"self":[{"href":"https:\/\/diariodevurgos.com\/dvwps\/wp-json\/wp\/v2\/posts\/24116"}],"collection":[{"href":"https:\/\/diariodevurgos.com\/dvwps\/wp-json\/wp\/v2\/posts"}],"about":[{"href":"https:\/\/diariodevurgos.com\/dvwps\/wp-json\/wp\/v2\/types\/post"}],"author":[{"embeddable":true,"href":"https:\/\/diariodevurgos.com\/dvwps\/wp-json\/wp\/v2\/users\/1"}],"replies":[{"embeddable":true,"href":"https:\/\/diariodevurgos.com\/dvwps\/wp-json\/wp\/v2\/comments?post=24116"}],"version-history":[{"count":2,"href":"https:\/\/diariodevurgos.com\/dvwps\/wp-json\/wp\/v2\/posts\/24116\/revisions"}],"predecessor-version":[{"id":24119,"href":"https:\/\/diariodevurgos.com\/dvwps\/wp-json\/wp\/v2\/posts\/24116\/revisions\/24119"}],"wp:featuredmedia":[{"embeddable":true,"href":"https:\/\/diariodevurgos.com\/dvwps\/wp-json\/wp\/v2\/media\/24117"}],"wp:attachment":[{"href":"https:\/\/diariodevurgos.com\/dvwps\/wp-json\/wp\/v2\/media?parent=24116"}],"wp:term":[{"taxonomy":"category","embeddable":true,"href":"https:\/\/diariodevurgos.com\/dvwps\/wp-json\/wp\/v2\/categories?post=24116"},{"taxonomy":"post_tag","embeddable":true,"href":"https:\/\/diariodevurgos.com\/dvwps\/wp-json\/wp\/v2\/tags?post=24116"}],"curies":[{"name":"wp","href":"https:\/\/api.w.org\/{rel}","templated":true}]}}