{"id":24394,"date":"2023-01-24T08:41:33","date_gmt":"2023-01-24T07:41:33","guid":{"rendered":"https:\/\/diariodevurgos.com\/dvwps\/?p=24394"},"modified":"2023-01-24T08:41:34","modified_gmt":"2023-01-24T07:41:34","slug":"presentacion-de-los-comics-negras-tormentas-y-casilda-revolucionaria-en-la-biblioteca-la-maldita","status":"publish","type":"post","link":"https:\/\/diariodevurgos.com\/dvwps\/presentacion-de-los-comics-negras-tormentas-y-casilda-revolucionaria-en-la-biblioteca-la-maldita.php","title":{"rendered":"Presentaci\u00f3n de los c\u00f3mics \u201cNegras tormentas\u201d y \u201cCasilda Revolucionaria\u201d en la Biblioteca La Maldita"},"content":{"rendered":"<p class=\"lead\">El pr\u00f3ximo <strong>s\u00e1bado 11 de febrero<\/strong> la <strong>Biblioteca Anarquista La Maldita<\/strong> acoger\u00e1 la presentaci\u00f3n de los comics <a href=\"https:\/\/traficantes.net\/libros\/negras-tormentas-1936-1939\"><em>Negras Tormentas 1936-1939<\/em><\/a> y <a href=\"https:\/\/traficantes.net\/libros\/casilda-revolucionaria\"><em>Casilda Revolucionaria<\/em><\/a>. La presentaci\u00f3n dar\u00e1 comienzo a partir de las 1<strong>8:00 horas<\/strong> y contar\u00e1 con la participaci\u00f3n de <a href=\"https:\/\/twitter.com\/rubenuceda1?lang=es\">Rub\u00e9n Uceda<\/a>, autor de ambas obras que abordan la memoria hist\u00f3rica del movimiento libertario a trav\u00e9s de la novela gr\u00e1fica.<\/p>\n<p style=\"text-align: center;\"><img loading=\"lazy\" class=\"aligncenter wp-image-24395 \" src=\"http:\/\/diariodevurgos.com\/dvwps\/wp-content\/uploads\/2023\/01\/Presentacion-comic-Ruben-Uceda-724x1024.jpeg\" alt=\"\" width=\"514\" height=\"727\" srcset=\"https:\/\/diariodevurgos.com\/dvwps\/wp-content\/uploads\/2023\/01\/Presentacion-comic-Ruben-Uceda-724x1024.jpeg 724w, https:\/\/diariodevurgos.com\/dvwps\/wp-content\/uploads\/2023\/01\/Presentacion-comic-Ruben-Uceda-212x300.jpeg 212w, https:\/\/diariodevurgos.com\/dvwps\/wp-content\/uploads\/2023\/01\/Presentacion-comic-Ruben-Uceda-768x1086.jpeg 768w, https:\/\/diariodevurgos.com\/dvwps\/wp-content\/uploads\/2023\/01\/Presentacion-comic-Ruben-Uceda-1086x1536.jpeg 1086w, https:\/\/diariodevurgos.com\/dvwps\/wp-content\/uploads\/2023\/01\/Presentacion-comic-Ruben-Uceda-370x523.jpeg 370w, https:\/\/diariodevurgos.com\/dvwps\/wp-content\/uploads\/2023\/01\/Presentacion-comic-Ruben-Uceda.jpeg 1131w\" sizes=\"(max-width: 514px) 100vw, 514px\" \/><\/p>\n\n\n<p><\/p>\n","protected":false},"excerpt":{"rendered":"<p>El pr\u00f3ximo s\u00e1bado 11 de febrero la Biblioteca Anarquista La Maldita acoger\u00e1 la presentaci\u00f3n de los comics Negras Tormentas 1936-1939 y Casilda Revolucionaria. La presentaci\u00f3n dar\u00e1 comienzo a partir de las 18:00 horas y contar\u00e1 con la participaci\u00f3n de Rub\u00e9n Uceda, autor de ambas obras que abordan la memoria hist\u00f3rica del movimiento libertario a trav\u00e9s&#8230;  <a href=\"https:\/\/diariodevurgos.com\/dvwps\/presentacion-de-los-comics-negras-tormentas-y-casilda-revolucionaria-en-la-biblioteca-la-maldita.php\" class=\"more-link\" title=\"Read Presentaci\u00f3n de los c\u00f3mics \u201cNegras tormentas\u201d y \u201cCasilda Revolucionaria\u201d en la Biblioteca La Maldita\">Read more &raquo;<\/a><\/p>\n","protected":false},"author":2,"featured_media":24395,"comment_status":"open","ping_status":"closed","sticky":false,"template":"","format":"standard","meta":[],"categories":[112,2,73,14,27,6,71],"tags":[],"_links":{"self":[{"href":"https:\/\/diariodevurgos.com\/dvwps\/wp-json\/wp\/v2\/posts\/24394"}],"collection":[{"href":"https:\/\/diariodevurgos.com\/dvwps\/wp-json\/wp\/v2\/posts"}],"about":[{"href":"https:\/\/diariodevurgos.com\/dvwps\/wp-json\/wp\/v2\/types\/post"}],"author":[{"embeddable":true,"href":"https:\/\/diariodevurgos.com\/dvwps\/wp-json\/wp\/v2\/users\/2"}],"replies":[{"embeddable":true,"href":"https:\/\/diariodevurgos.com\/dvwps\/wp-json\/wp\/v2\/comments?post=24394"}],"version-history":[{"count":1,"href":"https:\/\/diariodevurgos.com\/dvwps\/wp-json\/wp\/v2\/posts\/24394\/revisions"}],"predecessor-version":[{"id":24396,"href":"https:\/\/diariodevurgos.com\/dvwps\/wp-json\/wp\/v2\/posts\/24394\/revisions\/24396"}],"wp:featuredmedia":[{"embeddable":true,"href":"https:\/\/diariodevurgos.com\/dvwps\/wp-json\/wp\/v2\/media\/24395"}],"wp:attachment":[{"href":"https:\/\/diariodevurgos.com\/dvwps\/wp-json\/wp\/v2\/media?parent=24394"}],"wp:term":[{"taxonomy":"category","embeddable":true,"href":"https:\/\/diariodevurgos.com\/dvwps\/wp-json\/wp\/v2\/categories?post=24394"},{"taxonomy":"post_tag","embeddable":true,"href":"https:\/\/diariodevurgos.com\/dvwps\/wp-json\/wp\/v2\/tags?post=24394"}],"curies":[{"name":"wp","href":"https:\/\/api.w.org\/{rel}","templated":true}]}}