{"id":24424,"date":"2023-02-08T10:41:35","date_gmt":"2023-02-08T09:41:35","guid":{"rendered":"https:\/\/diariodevurgos.com\/dvwps\/?p=24424"},"modified":"2023-02-08T10:41:53","modified_gmt":"2023-02-08T09:41:53","slug":"taller-de-reparacion-de-bicicletas-en-csr-gamonal","status":"publish","type":"post","link":"https:\/\/diariodevurgos.com\/dvwps\/taller-de-reparacion-de-bicicletas-en-csr-gamonal.php","title":{"rendered":"Taller de reparaci\u00f3n de bicicletas en CSR Gamonal"},"content":{"rendered":"<p class=\"lead\">El <strong>jueves 9 de febrero<\/strong> el <a href=\"https:\/\/csrgamonal.ga\/\">Centro Social Recuperado de Gamonal<\/a> una actividad destinada a dar los primeros pasos para aprender a reparar bicicletas. La iniciativa dar\u00e1 comienzo a partir de las <strong>18:00 horas<\/strong> y se ha programado a modo de taller pr\u00e1ctico para el que no se necesita ning\u00fan conocimiento previo.<\/p>\n<p style=\"text-align: center;\"><img loading=\"lazy\" class=\"aligncenter wp-image-24425 size-large\" src=\"http:\/\/diariodevurgos.com\/dvwps\/wp-content\/uploads\/2023\/02\/Taller-Biciceltas-CSR-851x1024.jpg\" alt=\"\" width=\"580\" height=\"698\" srcset=\"https:\/\/diariodevurgos.com\/dvwps\/wp-content\/uploads\/2023\/02\/Taller-Biciceltas-CSR-851x1024.jpg 851w, https:\/\/diariodevurgos.com\/dvwps\/wp-content\/uploads\/2023\/02\/Taller-Biciceltas-CSR-249x300.jpg 249w, https:\/\/diariodevurgos.com\/dvwps\/wp-content\/uploads\/2023\/02\/Taller-Biciceltas-CSR-768x925.jpg 768w, https:\/\/diariodevurgos.com\/dvwps\/wp-content\/uploads\/2023\/02\/Taller-Biciceltas-CSR-1276x1536.jpg 1276w, https:\/\/diariodevurgos.com\/dvwps\/wp-content\/uploads\/2023\/02\/Taller-Biciceltas-CSR-370x445.jpg 370w, https:\/\/diariodevurgos.com\/dvwps\/wp-content\/uploads\/2023\/02\/Taller-Biciceltas-CSR.jpg 1329w\" sizes=\"(max-width: 580px) 100vw, 580px\" \/><\/p>\n","protected":false},"excerpt":{"rendered":"<p>El jueves 9 de febrero el Centro Social Recuperado de Gamonal una actividad destinada a dar los primeros pasos para aprender a reparar bicicletas. La iniciativa dar\u00e1 comienzo a partir de las 18:00 horas y se ha programado a modo de taller pr\u00e1ctico para el que no se necesita ning\u00fan conocimiento previo.<\/p>\n","protected":false},"author":2,"featured_media":24425,"comment_status":"open","ping_status":"closed","sticky":false,"template":"","format":"standard","meta":[],"categories":[2,78,14,27],"tags":[],"_links":{"self":[{"href":"https:\/\/diariodevurgos.com\/dvwps\/wp-json\/wp\/v2\/posts\/24424"}],"collection":[{"href":"https:\/\/diariodevurgos.com\/dvwps\/wp-json\/wp\/v2\/posts"}],"about":[{"href":"https:\/\/diariodevurgos.com\/dvwps\/wp-json\/wp\/v2\/types\/post"}],"author":[{"embeddable":true,"href":"https:\/\/diariodevurgos.com\/dvwps\/wp-json\/wp\/v2\/users\/2"}],"replies":[{"embeddable":true,"href":"https:\/\/diariodevurgos.com\/dvwps\/wp-json\/wp\/v2\/comments?post=24424"}],"version-history":[{"count":1,"href":"https:\/\/diariodevurgos.com\/dvwps\/wp-json\/wp\/v2\/posts\/24424\/revisions"}],"predecessor-version":[{"id":24426,"href":"https:\/\/diariodevurgos.com\/dvwps\/wp-json\/wp\/v2\/posts\/24424\/revisions\/24426"}],"wp:featuredmedia":[{"embeddable":true,"href":"https:\/\/diariodevurgos.com\/dvwps\/wp-json\/wp\/v2\/media\/24425"}],"wp:attachment":[{"href":"https:\/\/diariodevurgos.com\/dvwps\/wp-json\/wp\/v2\/media?parent=24424"}],"wp:term":[{"taxonomy":"category","embeddable":true,"href":"https:\/\/diariodevurgos.com\/dvwps\/wp-json\/wp\/v2\/categories?post=24424"},{"taxonomy":"post_tag","embeddable":true,"href":"https:\/\/diariodevurgos.com\/dvwps\/wp-json\/wp\/v2\/tags?post=24424"}],"curies":[{"name":"wp","href":"https:\/\/api.w.org\/{rel}","templated":true}]}}