{"id":24549,"date":"2023-03-17T10:53:28","date_gmt":"2023-03-17T09:53:28","guid":{"rendered":"https:\/\/diariodevurgos.com\/dvwps\/?p=24549"},"modified":"2023-03-19T07:46:26","modified_gmt":"2023-03-19T06:46:26","slug":"solidaridad-con-alfedro-cospito-desde-burgos","status":"publish","type":"post","link":"https:\/\/diariodevurgos.com\/dvwps\/solidaridad-con-alfedro-cospito-desde-burgos.php","title":{"rendered":"Solidaridad con Alfedro Cospito desde Burgos"},"content":{"rendered":"<p class=\"lead\">Alfredo Cospito es un anarquista encarcelado por el estado italiano desde hace 10 a\u00f1os que se encuentra actualmente en huelga de hambre como medida de protestas contra su inclusi\u00f3n en el r\u00e9gimen de aislamiento 41 BIS. El pr\u00f3ximo <strong>viernes 24 de marzo<\/strong> tendr\u00e1 una nueva revisi\u00f3n de su situaci\u00f3n y por eso se ha convocado una <a href=\"https:\/\/diariodevurgos.com\/dvwps\/nueva-concentracion-solidaria-con-alfredo-cospito-frente-al-viceconsulado-de-italia-en-burgos.php\">nueva concentraci\u00f3n de solidaridad con Alfredo frente al Viceconsulado de Italia en Burgos a las 19:00 horas.<\/a><!--more--><\/p>\n<p>El Comit\u00e9 Nacional de Bio\u00e9tica de Italia, ha reconocido que una persona, independientemente de estar privada de libertad, puede negarse por anticipado a ser alimentado o reanimado por la fuerza. De esta manera desautoriza el uso de la alimentaci\u00f3n forzosa a Alfredo. El <strong>24 de marzo<\/strong> se conocer\u00e1 entonces la respuesta del <strong>Tribunal de Vigilancia de Mil\u00e1n<\/strong> a la petici\u00f3n de los abogados de<strong> Alfredo Cospito<\/strong> de acogerse al arresto domiciliario, dadas sus muy precarias condiciones de salud.<\/p>\n<p style=\"text-align: center;\"><img loading=\"lazy\" class=\"alignnone wp-image-24499 \" src=\"http:\/\/diariodevurgos.com\/dvwps\/wp-content\/uploads\/2023\/02\/Cospito-1.jpg\" alt=\"\" width=\"729\" height=\"244\" srcset=\"https:\/\/diariodevurgos.com\/dvwps\/wp-content\/uploads\/2023\/02\/Cospito-1.jpg 1025w, https:\/\/diariodevurgos.com\/dvwps\/wp-content\/uploads\/2023\/02\/Cospito-1-300x100.jpg 300w, https:\/\/diariodevurgos.com\/dvwps\/wp-content\/uploads\/2023\/02\/Cospito-1-768x257.jpg 768w, https:\/\/diariodevurgos.com\/dvwps\/wp-content\/uploads\/2023\/02\/Cospito-1-750x250.jpg 750w, https:\/\/diariodevurgos.com\/dvwps\/wp-content\/uploads\/2023\/02\/Cospito-1-370x124.jpg 370w\" sizes=\"(max-width: 729px) 100vw, 729px\" \/><\/p>\n<p style=\"text-align: center;\"><em>Protestas frente al Viceconsulado de Italia en Burgos el pasado 24 de febrero\/\/ DV<\/em><\/p>\n<p>El 41bis o vulgarmente conocido como \u201cc\u00e1rcel dura\u201d es un r\u00e9gimen carcelario de f\u00e9rreo aislamiento. Con este r\u00e9gimen, el preso vive lo que le quede de vida en una celda, solo, apenas pudiendo salir de la celda como mucho dos horas (y no en todos los casos). En caso de concederse, s\u00f3lo se puede recibir una visita al mes, separado por mamparas. No se tiene derecho a contacto f\u00edsico, no se tiene acceso a libros ni revistas y la correspondencia es registrada. Sin duda una tortura f\u00edsica y psicol\u00f3gica horrible.<\/p>\n<p>Ante esta situaci\u00f3n entendemos la decisi\u00f3n de nuestro compa\u00f1ero Alfredo Cospito:<strong> libertad o muerte.<\/strong> En el estado espa\u00f1ol existe el <strong>r\u00e9gimen FIES<\/strong>, estar en dicho r\u00e9gimen conlleva un mayor control y aislamiento por parte de los presos, 23 horas de celda y 1 de patio, sin libros, ni llamadas, ni visitas, conocido como \u201cla c\u00e1rcel dentro de la c\u00e1rcel\u201d.<\/p>\n<p>Solicitan realizar llamadas de solidaridad y el env\u00edo de faxes el jueves por la ma\u00f1ana a la embajada italiana en Madrid y a los consulados m\u00e1s cercanos de vuestra localidad. Exigiendo al gobierno de Meloni que respete los derechos fundamentales y humanos de Alfredo Cospito. Puedes consultar <a href=\"https:\/\/ambmadrid.esteri.it\/ambasciata_madrid\/it\/ambasciata\/la_rete_consolare\/la-rete-consolare.html\">la Red Consular italiana en Estado espa\u00f1ol.<\/a><\/p>\n<p style=\"text-align: center;\"><img loading=\"lazy\" class=\"aligncenter wp-image-24541 \" src=\"http:\/\/diariodevurgos.com\/dvwps\/wp-content\/uploads\/2023\/03\/0B5DB39E-9D1C-4BDE-8F7F-EA0D26209DA5.png\" alt=\"\" width=\"709\" height=\"399\" srcset=\"https:\/\/diariodevurgos.com\/dvwps\/wp-content\/uploads\/2023\/03\/0B5DB39E-9D1C-4BDE-8F7F-EA0D26209DA5.png 945w, https:\/\/diariodevurgos.com\/dvwps\/wp-content\/uploads\/2023\/03\/0B5DB39E-9D1C-4BDE-8F7F-EA0D26209DA5-300x169.png 300w, https:\/\/diariodevurgos.com\/dvwps\/wp-content\/uploads\/2023\/03\/0B5DB39E-9D1C-4BDE-8F7F-EA0D26209DA5-768x432.png 768w, https:\/\/diariodevurgos.com\/dvwps\/wp-content\/uploads\/2023\/03\/0B5DB39E-9D1C-4BDE-8F7F-EA0D26209DA5-370x208.png 370w\" sizes=\"(max-width: 709px) 100vw, 709px\" \/><\/p>\n<p>Desde el <strong>movimiento libertario de Burgos<\/strong> queremos mostrar nuestra solidaridad y apoyo con el compa\u00f1ero Cospito, haci\u00e9ndola extensiva a todas las compa\u00f1eras anarquistas que se encuentran secuestradas en las mazmorras de los estados. M\u00e1s informaci\u00f3n en<a href=\"https:\/\/www.portaloaca.com\/articulos\/anticarcelario\/solicitado-el-arresto-domiciliario-en-casa-de-la-hermana-de-alfredo-cospito\/\"> Portal AOCA<\/a><\/p>\n<p><strong>Libertad para Alfredo Cospito, <\/strong><br \/>\n<strong>libertad anarquistas presas<\/strong><\/p>\n<p><strong>\u00a1Fin al r\u00e9gimen 41Bis! <\/strong><br \/>\n<strong>\u00a1Fin al r\u00e9gimen FIES! \u00a1<\/strong><br \/>\n<strong>\u00a1\u00a1Abajo los muros de las prisiones!!!<\/strong><\/p>\n","protected":false},"excerpt":{"rendered":"<p>Alfredo Cospito es un anarquista encarcelado por el estado italiano desde hace 10 a\u00f1os que se encuentra actualmente en huelga de hambre como medida de protestas contra su inclusi\u00f3n en el r\u00e9gimen de aislamiento 41 BIS. El pr\u00f3ximo viernes 24 de marzo tendr\u00e1 una nueva revisi\u00f3n de su situaci\u00f3n y por eso se ha convocado&#8230;  <a href=\"https:\/\/diariodevurgos.com\/dvwps\/solidaridad-con-alfedro-cospito-desde-burgos.php\" class=\"more-link\" title=\"Read Solidaridad con Alfedro Cospito desde Burgos\">Read more &raquo;<\/a><\/p>\n","protected":false},"author":2,"featured_media":24541,"comment_status":"open","ping_status":"closed","sticky":false,"template":"","format":"standard","meta":[],"categories":[112,2,22,24,49],"tags":[],"_links":{"self":[{"href":"https:\/\/diariodevurgos.com\/dvwps\/wp-json\/wp\/v2\/posts\/24549"}],"collection":[{"href":"https:\/\/diariodevurgos.com\/dvwps\/wp-json\/wp\/v2\/posts"}],"about":[{"href":"https:\/\/diariodevurgos.com\/dvwps\/wp-json\/wp\/v2\/types\/post"}],"author":[{"embeddable":true,"href":"https:\/\/diariodevurgos.com\/dvwps\/wp-json\/wp\/v2\/users\/2"}],"replies":[{"embeddable":true,"href":"https:\/\/diariodevurgos.com\/dvwps\/wp-json\/wp\/v2\/comments?post=24549"}],"version-history":[{"count":5,"href":"https:\/\/diariodevurgos.com\/dvwps\/wp-json\/wp\/v2\/posts\/24549\/revisions"}],"predecessor-version":[{"id":24559,"href":"https:\/\/diariodevurgos.com\/dvwps\/wp-json\/wp\/v2\/posts\/24549\/revisions\/24559"}],"wp:featuredmedia":[{"embeddable":true,"href":"https:\/\/diariodevurgos.com\/dvwps\/wp-json\/wp\/v2\/media\/24541"}],"wp:attachment":[{"href":"https:\/\/diariodevurgos.com\/dvwps\/wp-json\/wp\/v2\/media?parent=24549"}],"wp:term":[{"taxonomy":"category","embeddable":true,"href":"https:\/\/diariodevurgos.com\/dvwps\/wp-json\/wp\/v2\/categories?post=24549"},{"taxonomy":"post_tag","embeddable":true,"href":"https:\/\/diariodevurgos.com\/dvwps\/wp-json\/wp\/v2\/tags?post=24549"}],"curies":[{"name":"wp","href":"https:\/\/api.w.org\/{rel}","templated":true}]}}