{"id":24560,"date":"2023-03-27T11:16:38","date_gmt":"2023-03-27T09:16:38","guid":{"rendered":"https:\/\/diariodevurgos.com\/dvwps\/?p=24560"},"modified":"2023-03-27T11:16:39","modified_gmt":"2023-03-27T09:16:39","slug":"huelga-indefinida-en-cropusa","status":"publish","type":"post","link":"https:\/\/diariodevurgos.com\/dvwps\/huelga-indefinida-en-cropusa.php","title":{"rendered":"Huelga indefinida en CROPUSA"},"content":{"rendered":"<p class=\"lead\">La <strong>Secci\u00f3n Sindical de la CNT en Cropusa<\/strong> muestra su apoyo a la decisi\u00f3n adoptada por la asamblea de trabajadores, el pasado 4 de marzo, de ir<strong> a la huelga indefinida si la empresa se mantiene en su posici\u00f3n inmovilista de bajar los salarios<\/strong>, que es lo que en la pr\u00e1ctica supone el hecho de no aplicar revisi\u00f3n salarial conforme al IPC real para los a\u00f1os 2022, 2023 y 2024.<!--more--><\/p>\n<p>Amparada en las supuestas p\u00e9rdidas econ\u00f3micas que ha tenido, nada dice de los beneficios obtenidos en pasados ejercicios. Entonces no hab\u00eda inter\u00e9s en socializar las ganancias ni se mencionaba nada de ello. Es ahora, que supuestamente no le han salido las cuentas a la empresa como le habr\u00eda gustado, cuando pretende poner en com\u00fan las p\u00e9rdidas, llamando a la \u201ccordura\u201d de las trabajadoras y trabajadores para que sean ellas y ellos quienes asuman el coste de su gesti\u00f3n.<\/p>\n<p style=\"text-align: center;\">\n<p style=\"text-align: center;\"><img loading=\"lazy\" class=\"aligncenter wp-image-24563 size-large\" src=\"http:\/\/diariodevurgos.com\/dvwps\/wp-content\/uploads\/2023\/03\/Cropusa-2-1024x717.jpg\" alt=\"\" width=\"580\" height=\"406\" srcset=\"https:\/\/diariodevurgos.com\/dvwps\/wp-content\/uploads\/2023\/03\/Cropusa-2-1024x717.jpg 1024w, https:\/\/diariodevurgos.com\/dvwps\/wp-content\/uploads\/2023\/03\/Cropusa-2-300x210.jpg 300w, https:\/\/diariodevurgos.com\/dvwps\/wp-content\/uploads\/2023\/03\/Cropusa-2-768x538.jpg 768w, https:\/\/diariodevurgos.com\/dvwps\/wp-content\/uploads\/2023\/03\/Cropusa-2-370x259.jpg 370w, https:\/\/diariodevurgos.com\/dvwps\/wp-content\/uploads\/2023\/03\/Cropusa-2.jpg 1200w\" sizes=\"(max-width: 580px) 100vw, 580px\" \/><\/p>\n<p style=\"text-align: center;\">CROPUSA\/\/ <a href=\"https:\/\/www.burgosconecta.es\/burgos\/plantilla-cropusa-ira-huelga-pacta-convenio-lunes-20230317183412-nt.html\">Burgosconecta<\/a><\/p>\n<p>Una pr\u00e1ctica que, jaleada desde la patronal, se intenta extender en todos los \u00e1mbitos empresariales, teniendo como consecuencia el empobrecimiento de cada vez mayores sectores de poblaci\u00f3n.<\/p>\n<p>Desde ma\u00f1ana se inicia una huelga en CROPUSA de car\u00e1cter indefinido con el objetivo de revertir la pretensi\u00f3n empresarial de cargar sobre las espaldas de quienes trabajan aqu\u00ed lo que no es sino su responsabilidad. Por estos motivos hacemos un llamamiento\u2026<\/p>\n<p><strong>\u00a1\u00a1A LA HUELGA!!<\/strong><\/p>\n<p><strong>Secci\u00f3n sindical de CNT Burgos en CROPUSA<\/strong><\/p>\n","protected":false},"excerpt":{"rendered":"<p>La Secci\u00f3n Sindical de la CNT en Cropusa muestra su apoyo a la decisi\u00f3n adoptada por la asamblea de trabajadores, el pasado 4 de marzo, de ir a la huelga indefinida si la empresa se mantiene en su posici\u00f3n inmovilista de bajar los salarios, que es lo que en la pr\u00e1ctica supone el hecho de&#8230;  <a href=\"https:\/\/diariodevurgos.com\/dvwps\/huelga-indefinida-en-cropusa.php\" class=\"more-link\" title=\"Read Huelga indefinida en CROPUSA\">Read more &raquo;<\/a><\/p>\n","protected":false},"author":2,"featured_media":24563,"comment_status":"open","ping_status":"closed","sticky":false,"template":"","format":"standard","meta":[],"categories":[2,120,49,7],"tags":[],"_links":{"self":[{"href":"https:\/\/diariodevurgos.com\/dvwps\/wp-json\/wp\/v2\/posts\/24560"}],"collection":[{"href":"https:\/\/diariodevurgos.com\/dvwps\/wp-json\/wp\/v2\/posts"}],"about":[{"href":"https:\/\/diariodevurgos.com\/dvwps\/wp-json\/wp\/v2\/types\/post"}],"author":[{"embeddable":true,"href":"https:\/\/diariodevurgos.com\/dvwps\/wp-json\/wp\/v2\/users\/2"}],"replies":[{"embeddable":true,"href":"https:\/\/diariodevurgos.com\/dvwps\/wp-json\/wp\/v2\/comments?post=24560"}],"version-history":[{"count":2,"href":"https:\/\/diariodevurgos.com\/dvwps\/wp-json\/wp\/v2\/posts\/24560\/revisions"}],"predecessor-version":[{"id":24564,"href":"https:\/\/diariodevurgos.com\/dvwps\/wp-json\/wp\/v2\/posts\/24560\/revisions\/24564"}],"wp:featuredmedia":[{"embeddable":true,"href":"https:\/\/diariodevurgos.com\/dvwps\/wp-json\/wp\/v2\/media\/24563"}],"wp:attachment":[{"href":"https:\/\/diariodevurgos.com\/dvwps\/wp-json\/wp\/v2\/media?parent=24560"}],"wp:term":[{"taxonomy":"category","embeddable":true,"href":"https:\/\/diariodevurgos.com\/dvwps\/wp-json\/wp\/v2\/categories?post=24560"},{"taxonomy":"post_tag","embeddable":true,"href":"https:\/\/diariodevurgos.com\/dvwps\/wp-json\/wp\/v2\/tags?post=24560"}],"curies":[{"name":"wp","href":"https:\/\/api.w.org\/{rel}","templated":true}]}}