{"id":24578,"date":"2023-04-12T22:05:15","date_gmt":"2023-04-12T20:05:15","guid":{"rendered":"https:\/\/diariodevurgos.com\/dvwps\/?p=24578"},"modified":"2023-04-12T22:16:58","modified_gmt":"2023-04-12T20:16:58","slug":"reflexiones-entorno-al-patriarcado","status":"publish","type":"post","link":"https:\/\/diariodevurgos.com\/dvwps\/reflexiones-entorno-al-patriarcado.php","title":{"rendered":"Reflexiones entorno al patriarcado"},"content":{"rendered":"\n<p class=\"lead\">El pr\u00f3ximo mi\u00e9rcoles 19 de abril, se continuar\u00e1 el caf\u00e9-tertulia entorno al patriarcado que se inici\u00f3 el pasado mes bajo el t\u00edtulo <a href=\"https:\/\/diariodevurgos.com\/dvwps\/anarcofeminismo-frente-al-fascismo.php\">&#8220;Anarcofeminismo frente al fascismo&#8221;<\/a>.<\/p>\n\n\n\n<p>La sesi\u00f3n empezar\u00e1 a las 18h. y se reflexionar\u00e1 sobre c\u00f3mo articular una respuesta colectiva y aut\u00f3noma con perspectiva de g\u00e9nero a los problemas que nos asolan actualmente: carest\u00eda de la vida, discursos de odio, cambio clim\u00e1tico, vivienda, fascismo, guerras, etc.<\/p>\n\n\n<div class=\"wp-block-image\">\n<figure class=\"aligncenter size-full\"><img loading=\"lazy\" width=\"496\" height=\"351\" src=\"https:\/\/diariodevurgos.com\/dvwps\/wp-content\/uploads\/2023\/04\/TERTULIAabril23DV-3.png\" alt=\"\" class=\"wp-image-24584\" srcset=\"https:\/\/diariodevurgos.com\/dvwps\/wp-content\/uploads\/2023\/04\/TERTULIAabril23DV-3.png 496w, https:\/\/diariodevurgos.com\/dvwps\/wp-content\/uploads\/2023\/04\/TERTULIAabril23DV-3-300x212.png 300w, https:\/\/diariodevurgos.com\/dvwps\/wp-content\/uploads\/2023\/04\/TERTULIAabril23DV-3-370x262.png 370w\" sizes=\"(max-width: 496px) 100vw, 496px\" \/><\/figure><\/div>","protected":false},"excerpt":{"rendered":"<p>El pr\u00f3ximo mi\u00e9rcoles 19 de abril, se continuar\u00e1 el caf\u00e9-tertulia entorno al patriarcado que se inici\u00f3 el pasado mes bajo el t\u00edtulo &#8220;Anarcofeminismo frente al fascismo&#8221;. La sesi\u00f3n empezar\u00e1 a las 18h. y se reflexionar\u00e1 sobre c\u00f3mo articular una respuesta colectiva y aut\u00f3noma con perspectiva de g\u00e9nero a los problemas que nos asolan actualmente: carest\u00eda&#8230;  <a href=\"https:\/\/diariodevurgos.com\/dvwps\/reflexiones-entorno-al-patriarcado.php\" class=\"more-link\" title=\"Read Reflexiones entorno al patriarcado\">Read more &raquo;<\/a><\/p>\n","protected":false},"author":69,"featured_media":24581,"comment_status":"open","ping_status":"closed","sticky":false,"template":"","format":"standard","meta":[],"categories":[65,2,110,14,66,47],"tags":[],"_links":{"self":[{"href":"https:\/\/diariodevurgos.com\/dvwps\/wp-json\/wp\/v2\/posts\/24578"}],"collection":[{"href":"https:\/\/diariodevurgos.com\/dvwps\/wp-json\/wp\/v2\/posts"}],"about":[{"href":"https:\/\/diariodevurgos.com\/dvwps\/wp-json\/wp\/v2\/types\/post"}],"author":[{"embeddable":true,"href":"https:\/\/diariodevurgos.com\/dvwps\/wp-json\/wp\/v2\/users\/69"}],"replies":[{"embeddable":true,"href":"https:\/\/diariodevurgos.com\/dvwps\/wp-json\/wp\/v2\/comments?post=24578"}],"version-history":[{"count":3,"href":"https:\/\/diariodevurgos.com\/dvwps\/wp-json\/wp\/v2\/posts\/24578\/revisions"}],"predecessor-version":[{"id":24585,"href":"https:\/\/diariodevurgos.com\/dvwps\/wp-json\/wp\/v2\/posts\/24578\/revisions\/24585"}],"wp:featuredmedia":[{"embeddable":true,"href":"https:\/\/diariodevurgos.com\/dvwps\/wp-json\/wp\/v2\/media\/24581"}],"wp:attachment":[{"href":"https:\/\/diariodevurgos.com\/dvwps\/wp-json\/wp\/v2\/media?parent=24578"}],"wp:term":[{"taxonomy":"category","embeddable":true,"href":"https:\/\/diariodevurgos.com\/dvwps\/wp-json\/wp\/v2\/categories?post=24578"},{"taxonomy":"post_tag","embeddable":true,"href":"https:\/\/diariodevurgos.com\/dvwps\/wp-json\/wp\/v2\/tags?post=24578"}],"curies":[{"name":"wp","href":"https:\/\/api.w.org\/{rel}","templated":true}]}}