{"id":24587,"date":"2023-04-18T19:41:06","date_gmt":"2023-04-18T17:41:06","guid":{"rendered":"https:\/\/diariodevurgos.com\/dvwps\/?p=24587"},"modified":"2023-04-19T05:45:11","modified_gmt":"2023-04-19T03:45:11","slug":"concierto-punk-3","status":"publish","type":"post","link":"https:\/\/diariodevurgos.com\/dvwps\/concierto-punk-3.php","title":{"rendered":"Concierto punk en CSR Gamonal"},"content":{"rendered":"\n<p class=\"lead\">El pr\u00f3ximo <strong>viernes 21 de abril<\/strong> el <strong>Centro Social Recuperado de Gamona<\/strong>l acoger\u00e1 un concierto de punk-rock en el que estar\u00e1n presentes los grupos <strong><em>Hard &amp; Cheap<\/em><\/strong> de Madrid y los burgaleses <strong><em>Tara Montiel<\/em><\/strong>. La apertura de puertas se realizar\u00e1 a partir de las<strong> 21:30 horas <\/strong>y la entrada es gratuita hasta completar el aforo.<\/p>\n\n\n\n<figure class=\"wp-block-image size-large\"><img loading=\"lazy\" width=\"724\" height=\"1024\" src=\"https:\/\/diariodevurgos.com\/dvwps\/wp-content\/uploads\/2023\/04\/IMG_20230418_193558_211-724x1024.jpg\" alt=\"\" class=\"wp-image-24588\" srcset=\"https:\/\/diariodevurgos.com\/dvwps\/wp-content\/uploads\/2023\/04\/IMG_20230418_193558_211-724x1024.jpg 724w, https:\/\/diariodevurgos.com\/dvwps\/wp-content\/uploads\/2023\/04\/IMG_20230418_193558_211-212x300.jpg 212w, https:\/\/diariodevurgos.com\/dvwps\/wp-content\/uploads\/2023\/04\/IMG_20230418_193558_211-768x1086.jpg 768w, https:\/\/diariodevurgos.com\/dvwps\/wp-content\/uploads\/2023\/04\/IMG_20230418_193558_211-370x523.jpg 370w, https:\/\/diariodevurgos.com\/dvwps\/wp-content\/uploads\/2023\/04\/IMG_20230418_193558_211.jpg 905w\" sizes=\"(max-width: 724px) 100vw, 724px\" \/><\/figure>\n","protected":false},"excerpt":{"rendered":"<p>El pr\u00f3ximo viernes 21 de abril el Centro Social Recuperado de Gamonal acoger\u00e1 un concierto de punk-rock en el que estar\u00e1n presentes los grupos Hard &amp; Cheap de Madrid y los burgaleses Tara Montiel. La apertura de puertas se realizar\u00e1 a partir de las 21:30 horas y la entrada es gratuita hasta completar el aforo.<\/p>\n","protected":false},"author":1,"featured_media":24588,"comment_status":"open","ping_status":"closed","sticky":false,"template":"","format":"standard","meta":[],"categories":[2,78,14,27,16],"tags":[],"_links":{"self":[{"href":"https:\/\/diariodevurgos.com\/dvwps\/wp-json\/wp\/v2\/posts\/24587"}],"collection":[{"href":"https:\/\/diariodevurgos.com\/dvwps\/wp-json\/wp\/v2\/posts"}],"about":[{"href":"https:\/\/diariodevurgos.com\/dvwps\/wp-json\/wp\/v2\/types\/post"}],"author":[{"embeddable":true,"href":"https:\/\/diariodevurgos.com\/dvwps\/wp-json\/wp\/v2\/users\/1"}],"replies":[{"embeddable":true,"href":"https:\/\/diariodevurgos.com\/dvwps\/wp-json\/wp\/v2\/comments?post=24587"}],"version-history":[{"count":2,"href":"https:\/\/diariodevurgos.com\/dvwps\/wp-json\/wp\/v2\/posts\/24587\/revisions"}],"predecessor-version":[{"id":24591,"href":"https:\/\/diariodevurgos.com\/dvwps\/wp-json\/wp\/v2\/posts\/24587\/revisions\/24591"}],"wp:featuredmedia":[{"embeddable":true,"href":"https:\/\/diariodevurgos.com\/dvwps\/wp-json\/wp\/v2\/media\/24588"}],"wp:attachment":[{"href":"https:\/\/diariodevurgos.com\/dvwps\/wp-json\/wp\/v2\/media?parent=24587"}],"wp:term":[{"taxonomy":"category","embeddable":true,"href":"https:\/\/diariodevurgos.com\/dvwps\/wp-json\/wp\/v2\/categories?post=24587"},{"taxonomy":"post_tag","embeddable":true,"href":"https:\/\/diariodevurgos.com\/dvwps\/wp-json\/wp\/v2\/tags?post=24587"}],"curies":[{"name":"wp","href":"https:\/\/api.w.org\/{rel}","templated":true}]}}