{"id":24704,"date":"2023-10-14T11:58:06","date_gmt":"2023-10-14T09:58:06","guid":{"rendered":"https:\/\/diariodevurgos.com\/dvwps\/?p=24704"},"modified":"2023-10-15T07:43:08","modified_gmt":"2023-10-15T05:43:08","slug":"jornadas-antirracistas","status":"publish","type":"post","link":"https:\/\/diariodevurgos.com\/dvwps\/jornadas-antirracistas.php","title":{"rendered":"Jornadas antirracistas"},"content":{"rendered":"\n<p class=\"lead\">El <strong>pr\u00f3ximo s\u00e1bado 21 de octubre<\/strong> tendr\u00e1 lugar una<strong> jornada antirracista <\/strong>en Burgos en la que se llevar\u00e1n a cabo diversas actividades entre las que destacan un<strong> torneo de futbol sala en las canchas del parque F\u00e9lix Rodr\u00edguez de la Fuente,<\/strong> as\u00ed como una <strong>proyecci\u00f3n de documental <\/strong>y <strong>concierto contra el racismo<\/strong> en el <a href=\"https:\/\/csrgamonal.ga\/\">Centro Social Recuperado de Gamonal. <\/a><\/p>\n\n\n\n<figure class=\"wp-block-image size-large\"><img loading=\"lazy\" width=\"724\" height=\"1024\" src=\"https:\/\/diariodevurgos.com\/dvwps\/wp-content\/uploads\/2023\/10\/IMG_20231014_115008_423-724x1024.jpg\" alt=\"\" class=\"wp-image-24705\" srcset=\"https:\/\/diariodevurgos.com\/dvwps\/wp-content\/uploads\/2023\/10\/IMG_20231014_115008_423-724x1024.jpg 724w, https:\/\/diariodevurgos.com\/dvwps\/wp-content\/uploads\/2023\/10\/IMG_20231014_115008_423-212x300.jpg 212w, https:\/\/diariodevurgos.com\/dvwps\/wp-content\/uploads\/2023\/10\/IMG_20231014_115008_423-768x1086.jpg 768w, https:\/\/diariodevurgos.com\/dvwps\/wp-content\/uploads\/2023\/10\/IMG_20231014_115008_423-370x523.jpg 370w, https:\/\/diariodevurgos.com\/dvwps\/wp-content\/uploads\/2023\/10\/IMG_20231014_115008_423.jpg 905w\" sizes=\"(max-width: 724px) 100vw, 724px\" \/><\/figure>\n","protected":false},"excerpt":{"rendered":"<p>El pr\u00f3ximo s\u00e1bado 21 de octubre tendr\u00e1 lugar una jornada antirracista en Burgos en la que se llevar\u00e1n a cabo diversas actividades entre las que destacan un torneo de futbol sala en las canchas del parque F\u00e9lix Rodr\u00edguez de la Fuente, as\u00ed como una proyecci\u00f3n de documental y concierto contra el racismo en el Centro&#8230;  <a href=\"https:\/\/diariodevurgos.com\/dvwps\/jornadas-antirracistas.php\" class=\"more-link\" title=\"Read Jornadas antirracistas\">Read more &raquo;<\/a><\/p>\n","protected":false},"author":1,"featured_media":24705,"comment_status":"open","ping_status":"closed","sticky":false,"template":"","format":"standard","meta":[],"categories":[31,2,78,14,27,49],"tags":[],"_links":{"self":[{"href":"https:\/\/diariodevurgos.com\/dvwps\/wp-json\/wp\/v2\/posts\/24704"}],"collection":[{"href":"https:\/\/diariodevurgos.com\/dvwps\/wp-json\/wp\/v2\/posts"}],"about":[{"href":"https:\/\/diariodevurgos.com\/dvwps\/wp-json\/wp\/v2\/types\/post"}],"author":[{"embeddable":true,"href":"https:\/\/diariodevurgos.com\/dvwps\/wp-json\/wp\/v2\/users\/1"}],"replies":[{"embeddable":true,"href":"https:\/\/diariodevurgos.com\/dvwps\/wp-json\/wp\/v2\/comments?post=24704"}],"version-history":[{"count":3,"href":"https:\/\/diariodevurgos.com\/dvwps\/wp-json\/wp\/v2\/posts\/24704\/revisions"}],"predecessor-version":[{"id":24709,"href":"https:\/\/diariodevurgos.com\/dvwps\/wp-json\/wp\/v2\/posts\/24704\/revisions\/24709"}],"wp:featuredmedia":[{"embeddable":true,"href":"https:\/\/diariodevurgos.com\/dvwps\/wp-json\/wp\/v2\/media\/24705"}],"wp:attachment":[{"href":"https:\/\/diariodevurgos.com\/dvwps\/wp-json\/wp\/v2\/media?parent=24704"}],"wp:term":[{"taxonomy":"category","embeddable":true,"href":"https:\/\/diariodevurgos.com\/dvwps\/wp-json\/wp\/v2\/categories?post=24704"},{"taxonomy":"post_tag","embeddable":true,"href":"https:\/\/diariodevurgos.com\/dvwps\/wp-json\/wp\/v2\/tags?post=24704"}],"curies":[{"name":"wp","href":"https:\/\/api.w.org\/{rel}","templated":true}]}}