{"id":24713,"date":"2023-10-19T11:43:31","date_gmt":"2023-10-19T09:43:31","guid":{"rendered":"https:\/\/diariodevurgos.com\/dvwps\/?p=24713"},"modified":"2023-10-19T11:49:11","modified_gmt":"2023-10-19T09:49:11","slug":"emilio-bombardea-gaza","status":"publish","type":"post","link":"https:\/\/diariodevurgos.com\/dvwps\/emilio-bombardea-gaza.php","title":{"rendered":"Emilio bombardea Gaza"},"content":{"rendered":"\n<p class=\"lead\">Emilio es un buen colega, nos conocemos de siempre, del cole, del parque\u2026 Emilio es un buen tipo, humilde, honesto, con conciencia de clase y con principios. Su vida, creerme, no es f\u00e1cil&#8230;<\/p>\n\n\n\n<!--more-->\n\n\n\n<figure class=\"wp-block-image size-large\"><img loading=\"lazy\" width=\"1024\" height=\"576\" src=\"http:\/\/diariodevurgos.com\/dvwps\/wp-content\/uploads\/2023\/10\/guerra-1024x576.jpg\" alt=\"\" class=\"wp-image-24714\" srcset=\"https:\/\/diariodevurgos.com\/dvwps\/wp-content\/uploads\/2023\/10\/guerra-1024x576.jpg 1024w, https:\/\/diariodevurgos.com\/dvwps\/wp-content\/uploads\/2023\/10\/guerra-300x169.jpg 300w, https:\/\/diariodevurgos.com\/dvwps\/wp-content\/uploads\/2023\/10\/guerra-768x432.jpg 768w, https:\/\/diariodevurgos.com\/dvwps\/wp-content\/uploads\/2023\/10\/guerra-1536x864.jpg 1536w, https:\/\/diariodevurgos.com\/dvwps\/wp-content\/uploads\/2023\/10\/guerra-370x208.jpg 370w, https:\/\/diariodevurgos.com\/dvwps\/wp-content\/uploads\/2023\/10\/guerra.jpg 1600w\" sizes=\"(max-width: 1024px) 100vw, 1024px\" \/><\/figure>\n\n\n\n<p>Emilio desperdicia casi la mitad de su d\u00eda, unas 11 horas, en trabajar por un sueldo infame. En realidad trabaja 8 horas, pero en el desplazamiento se le van casi 3. A\u00fan recuerdo como hac\u00eda los c\u00e1lculos &#8211; <em>Casi 1 hora de autob\u00fas y 20 minutos andando, multiplica eso por dos para ir y volver<\/em> -, dec\u00eda. Emilio es un currela, un proleta, uno de tantos que se ha metido en la espiral de sacar a delante a su familia. Alguna vez hemos hablado de cambiar de curro pero la realidad nos aplasta. Probablemente la hipoteca, los gastos corrientes, los ni\u00f1os\u2026 hacen que sea dif\u00edcil dar el paso con la seguridad de no liarla. S\u00e9 que no est\u00e1 bien en el curro y no s\u00f3lo por la precaridad, Emilio hace bombas. La f\u00e1brica donde trabaja es muy conocida en Burgos, una f\u00e1brica que se remonta a antes de 1970 y que ha pasado por varios estadios. Dependiendo de tu generaci\u00f3n probablemente la conozcas como Explosivos Rio Tinto, Expal o Rheinmetall. A fin de cuentas, tenga el nombre que tenga y los propietarios que sean, siempre ha sido eso. Una <s>puta<\/s> f\u00e1brica de bombas.<\/p>\n\n\n\n<p>Nunca he sermoneado a Emilio y tampoco me pare bien hacerlo. \u00c9l sabe a lo que se dedica y tengo la impresi\u00f3n que intenta esquivar el tema siempre que puede. Pocas personas se sienten realizadas fabricando bombas y estoy seguro que Emilio no es una de ellas. No necesita que alguien le muestre su superioridad moral, no tiene ning\u00fan sentido. Emilio vende su tiempo pero tambi\u00e9n vende sus principios. Todo eso se lo pagan mal, muy mal, y con dinero manchado de sangre. Dinero sucio que a su vez acepta el panadero, el banco en cada letra de la hipoteca y dinero que acepto yo, tambi\u00e9n, cuando invita si vamos a tomar una. La guerra empieza en Emilio y en m\u00ed, \u00bfacaso yo soy mejor que Emilio?. \u201c<em>La guerra empieza aqu\u00ed<\/em>\u201d es un lema que surgi\u00f3 hace unos a\u00f1os para denunciar que nosotros somos c\u00f3mplices de los asesinos y de <a href=\"https:\/\/bancaarmada.org\/es\/\">los bancos que los amparan<\/a>. El lema, adem\u00e1s, se convirti\u00f3 en el t\u00edtulo de <a href=\"https:\/\/ongietorrierrefuxiatuak.info\/es\/2020\/03\/20\/documental-la-guerra-empieza-aqui\/\">un buen documental<\/a> que merece la pena ver.<\/p>\n\n\n<div class=\"wp-block-image\">\n<figure class=\"aligncenter size-full\"><img loading=\"lazy\" width=\"800\" height=\"445\" src=\"https:\/\/diariodevurgos.com\/dvwps\/wp-content\/uploads\/2023\/10\/image.png\" alt=\"\" class=\"wp-image-24716\" srcset=\"https:\/\/diariodevurgos.com\/dvwps\/wp-content\/uploads\/2023\/10\/image.png 800w, https:\/\/diariodevurgos.com\/dvwps\/wp-content\/uploads\/2023\/10\/image-300x167.png 300w, https:\/\/diariodevurgos.com\/dvwps\/wp-content\/uploads\/2023\/10\/image-768x427.png 768w, https:\/\/diariodevurgos.com\/dvwps\/wp-content\/uploads\/2023\/10\/image-370x206.png 370w\" sizes=\"(max-width: 800px) 100vw, 800px\" \/><figcaption>Ruta en bici y concentraci\u00f3n frente a la f\u00e1brica de armas de Burgos<\/figcaption><\/figure><\/div>\n\n\n<p>Emilio sabe que oponerse a la guerra no es tan f\u00e1cil como acudir a una manifestaci\u00f3n, es mucho m\u00e1s dif\u00edcil que todo eso. La cosa es mucho m\u00e1s complicada. De esa f\u00e1brica movida por burgaleses en el P\u00e1ramo de Masa han salido las peores y m\u00e1s sanguinarias armas. Por ejemplo, se sabe que durante el tiempo en que la gestionaba Explosivos Alaveses (Expal) se hac\u00edan minas antipersona y bombas racimo, pese a su prohibici\u00f3n. Que la f\u00e1brica haya sido propiedad de alaveses durante muchos a\u00f1os no es casualidad. Euskadi maneja el cotarro de la fabricaci\u00f3n de armas, tiene una industria poderos\u00edsima que en gran medida ha catapultado a Espa\u00f1a al sexto pa\u00eds que m\u00e1s armas exporta de todo el mundo, pero el primero por volumen. Por mucho que nos esforcemos es casi imposible subir m\u00e1s arriba en la lista de la verg\u00fcenza. El estado espa\u00f1ol es potencia inigualable en la fabricaci\u00f3n de armas y en saltarnos la legalidad internacional para venderlas. Con nuestras bombas matan palestinos, yemen\u00eds, espa\u00f1oles en el Sahara, sierraleoneses\u2026 Da igual quien gobierne, Podemos, IU, PSOE, PP\u2026 con todos los gobiernos nuestra exportaci\u00f3n de armas a\u00f1o a a\u00f1o ha ido creciendo escandalosamente. Zapatero, por ejemplo, tiene el inmoral record de multiplicar por seis la exportaci\u00f3n de armas durante su mandato. \u00a1Buen presidente!, \u00a1mejor persona!. Ahora que veo desfilar a las figuras m\u00e1s relevantes de la izquierda rasg\u00e1ndose las vestiduras por Gaza y entrando en la batalla por el relato con la derecha en los medios de comunicaci\u00f3n me entra la risa floja. \u00bfAcaso se creen que enga\u00f1an a alguien?. Llevamos a\u00f1os vendiendo bombas al mejor postor y las bombas son para lo que son.<\/p>\n\n\n\n<p>Yo se quien bombarde\u00f3 ese hospital de Palestina, no busqu\u00e9is m\u00e1s. Ha sido mi colega Emilio y he sido yo. \u00bfHas sido tu tambi\u00e9n o vas a lavarte las manos?.<\/p>\n","protected":false},"excerpt":{"rendered":"<p>Emilio es un buen colega, nos conocemos de siempre, del cole, del parque\u2026 Emilio es un buen tipo, humilde, honesto, con conciencia de clase y con principios. Su vida, creerme, no es f\u00e1cil&#8230;<\/p>\n","protected":false},"author":1,"featured_media":24714,"comment_status":"open","ping_status":"closed","sticky":false,"template":"","format":"standard","meta":[],"categories":[2],"tags":[],"_links":{"self":[{"href":"https:\/\/diariodevurgos.com\/dvwps\/wp-json\/wp\/v2\/posts\/24713"}],"collection":[{"href":"https:\/\/diariodevurgos.com\/dvwps\/wp-json\/wp\/v2\/posts"}],"about":[{"href":"https:\/\/diariodevurgos.com\/dvwps\/wp-json\/wp\/v2\/types\/post"}],"author":[{"embeddable":true,"href":"https:\/\/diariodevurgos.com\/dvwps\/wp-json\/wp\/v2\/users\/1"}],"replies":[{"embeddable":true,"href":"https:\/\/diariodevurgos.com\/dvwps\/wp-json\/wp\/v2\/comments?post=24713"}],"version-history":[{"count":5,"href":"https:\/\/diariodevurgos.com\/dvwps\/wp-json\/wp\/v2\/posts\/24713\/revisions"}],"predecessor-version":[{"id":24721,"href":"https:\/\/diariodevurgos.com\/dvwps\/wp-json\/wp\/v2\/posts\/24713\/revisions\/24721"}],"wp:featuredmedia":[{"embeddable":true,"href":"https:\/\/diariodevurgos.com\/dvwps\/wp-json\/wp\/v2\/media\/24714"}],"wp:attachment":[{"href":"https:\/\/diariodevurgos.com\/dvwps\/wp-json\/wp\/v2\/media?parent=24713"}],"wp:term":[{"taxonomy":"category","embeddable":true,"href":"https:\/\/diariodevurgos.com\/dvwps\/wp-json\/wp\/v2\/categories?post=24713"},{"taxonomy":"post_tag","embeddable":true,"href":"https:\/\/diariodevurgos.com\/dvwps\/wp-json\/wp\/v2\/tags?post=24713"}],"curies":[{"name":"wp","href":"https:\/\/api.w.org\/{rel}","templated":true}]}}