{"id":2472,"date":"2009-03-04T01:52:06","date_gmt":"2009-03-04T00:52:06","guid":{"rendered":"http:\/\/diariodevurgos.com\/dvwps\/?p=2472"},"modified":"2009-03-04T01:52:06","modified_gmt":"2009-03-04T00:52:06","slug":"gamonalproceso-a-la-memoria","status":"publish","type":"post","link":"https:\/\/diariodevurgos.com\/dvwps\/gamonalproceso-a-la-memoria.php","title":{"rendered":"Gamonal:proceso a la memoria"},"content":{"rendered":"<p style=\"text-align: left;\" class=\"lead\"><img loading=\"lazy\" class=\"alignright size-medium wp-image-2473\" title=\"eladio-komemierda\" src=\"http:\/\/diariodevurgos.com\/dvwps\/wp-content\/uploads\/2009\/03\/eladio-komemierda-300x225.jpg\" alt=\"eladio-komemierda\" width=\"208\" height=\"117\" \/>El pasado <a title=\"proceso Eladio \" href=\"http:\/\/diariodevurgos.com\/dvwps\/cronica-del-primer-dia-del-juicio.php\">lunes 2 de marzo s<\/a>e han reanudado el proceso contra varios vecinos de Gamonal acusados de haber participado en los hechos que se vivieron en Eladio Perlado durante la noche de aquel 18 de agosto de 2005. Si hacemos un poco de memoria, un ejercicio que no suele gustar demasiado a los encargados de ejercer el poder, nos daremos cuenta que esta es sola una (la \u00faltima) de las muchas movilizaciones sociales en las que en las \u00faltimas d\u00e9cadas se ha visto inmerso el barrio de Gamonal.<!--more--><\/p>\n<p>La memoria es una herramienta que se antoja indispensable para conocer el propio presente, en ocasiones la \u00fanica clave posible para comprender la idiosincrasia de determinados lugares o determinadas situaciones.\u00a0 Su contrario, el olvido, suele ser recomendado, desde las altas cumbres desde donde se pretende imponer un determinado status quo.<\/p>\n<p>El proceso en el que actualmente est\u00e1n siendo juzgados los vecinos encausados por los sucesos de Eladio Perlado se nos muestra terriblemente revelador en este sentido. Para aquellos que conocen el conflicto contra el parking \u00fanicamente por lo vertido en los mentideros oficiales que se han esforzado en mostrar la versi\u00f3n oficial del Ayuntamiento de Burgos como la \u00fanica verdad absoluta en este conflicto, quiz\u00e1s la actitud de los vecinos parezca algo aparentemente contradictorio: \u00bfpor qu\u00e9 oponerse a la construcci\u00f3n de un parking cuando existe ese problema claro de aparcamiento en Gamonal?<\/p>\n<p>Sin embargo, como en la mayor\u00ed\u00ada de las cuestiones es necesario analizar la cuesti\u00f3n buscando los or\u00ed\u00adgenes del conflicto. Es aqu\u00ed\u00ad donde la memoria, esa actividad que contribuye a que seamos m\u00e1s libres y menos manipulables, entra en acci\u00f3n. En este sentido, el recientemente estrenado documental <strong>Gamonal(ES<\/strong>), as\u00ed\u00ad como\u00a0 <strong>\u00bfDe qui\u00e9nn es la calle?<\/strong> que narra la movilizaci\u00f3n contra el parking, realizan una funci\u00f3n sin duda alguna bastante esclarecedora.<\/p>\n<p>\u00a0<strong>Gamonal de R\u00ed\u00ado Pico<\/strong> deja de ser pueblo y se convierte en barrio all\u00e1 por mediados de la d\u00e9cada de los cincuenta. Pierde su autonom\u00ed\u00ada y se anexiona a Burgos a cambi\u00f3 de una serie de promesas m\u00e1s o menos cumplidas a desgana. Para finales de la d\u00e9cada de los sesenta se convertir\u00e1 en el n\u00facleo de recepci\u00f3n de gran parte del \u00e9xodo rural que abandona el campo para acudir a la ciudad atra\u00ed\u00addo por la puesta en marcha del Polo de Desarrollo. Para ello era necesario construir un barrio, o mejor dicho, era necesario alojar a toda prisa a todo esa gente en masa estaba llegando. En la mayor\u00ed\u00ada de los casos se hizo siguiendo las directrices de las empresas y las constructoras y no de las necesidades reales de la gentes que empezaron a poblar el barrio, haciendo que de las 400 personas que era aconsejable\u00a0 ubicar por hect\u00e1rea se transformaran en unas 1000, siguiendo una pol\u00ed\u00adtica de m\u00e1ximo aprovechamiento del espacio lo que provocar\u00e1 los problemas de masificaci\u00f3n que actualmente se viven en esta zona<\/p>\n<p>Cuando esta poblaci\u00f3n proveniente de las \u00e1reas rurales comienza trabajar en las f\u00e1bricas de la ciudad, Gamonal es un barrio que todav\u00ed\u00ada no esta construido. Existen las casas y los edificios, algunos de ellos levantados a toda prisa, pero poco m\u00e1s. No hay ninguna dotaci\u00f3n para esas gentes. Todas las posteriores mejoras que fueron llegando al barrio se consiguieron &#8220;a punta de reivindicaci\u00f3n&#8221;\u009d, pagando en algunas ocasiones un alto precio por ellas.<br \/>\nY aqu\u00ed\u00ad, si hacemos uso de la memoria, si miramos al pasado para comprender un poco el presente, eso que tanto disgusta a nuestros gobernantes, nos daremos cuenta que la historia de Gamonal est\u00e1 plagada de movilizaciones y reivindicaciones sociales y vecinales.<\/p>\n<p>Sin ir m\u00e1s lejos, muchas de ellas se originaran en el propio Eladio Perlado, avenida cuyo nombre gracias al actual proceso judicial vuelve a repetirse en los televisores de gran parte de este pa\u00ed\u00ads.<\/p>\n<p>All\u00e1 por finales de la d\u00e9cada de los a\u00f1os setenta y comienzos de los ochenta a un se\u00f1or que estaba en el Ayuntamiento de Burgos, un tal Jos\u00e9 Mar\u00ed\u00ada Pe\u00f1a,\u00a0 se le ocurrir\u00e1 la brillante idea de que tiene que ser los propios vecinos los que tengan que <strong>pagar la urbanizaci\u00f3n de la\u00a0 avenida<\/strong> exigi\u00e9ndoles para ello el pago de una contribuci\u00f3n especial de 40.0000 de las pesetas de aquel entonces bajo amenaza de no recoger las basuras.<\/p>\n<p>La movilizaci\u00f3n hizo que el Ayuntamiento desistiera en su prop\u00f3sito de querer hacer exigir a los vecinos que realizaran lo que era labor del consistorio. M\u00e1s tarde el se\u00f1or Pe\u00f1a ser\u00e1 condenado en el llamado Caso de la Construcci\u00f3n junto con su socio M\u00e9ndez Pozo. Hoy ambos contin\u00faan siendo parte integrante de los jerifaltes locales, y en algunas ocasiones sin dejar de colgarse medallas y haciendo todo lo posible para que aquel caso no se recuerde. \u00bfQu\u00e9 hab\u00ed\u00adamos dicho de la memoria?<\/p>\n<p>En la misma \u00e9poca se desarrollar\u00e1 la intensa <strong>lucha contra la subida del precio del autob\u00fas<\/strong>,\u00a0 durante varios d\u00ed\u00adas se produjeron dur\u00ed\u00adsimos encentamientos en las calles de Gamonal, la c\u00f3lera de un barrio entero que se hab\u00ed\u00ada echado a la calle fue aplacada por los antidisturbios venidos desde Miranda de Ebro.\u00a0 Algunas de las im\u00e1genes que esta batalla ha dejado grabadas en la retina de aquellos que tiene ya cierta edad es la de aquel autob\u00fas urbano ardiendo en plena calle Vitoria.<\/p>\n<p>Siempre en relaci\u00f3n con las movilizaciones contra las imposiciones urban\u00ed\u00adsticas se enfoca <strong>la lucha por la recuperaci\u00f3n de la Plaza Santiago<\/strong>, tambi\u00e9n llevada a cabo durante el periodo ene le que el Se\u00f1or Pe\u00f1a fue alcalde.<br \/>\nEn este caso, ante la tentativa de edificar en este zona, que como ya hemos dicho esta intensamente poblada, hizo que los vecinos se movilizaran para poder salvar uno de los pocos espacios l\u00fadicos de los que dispon\u00ed\u00ada el barrio.<\/p>\n<p>Una ma\u00f1ana cientos de vecinos decidieron que all\u00ed\u00ad no se construir\u00ed\u00ada un edificio sino que se ten\u00ed\u00ada que respetar la plaza que hab\u00ed\u00ada sido acondicionada por ellos mismos. Las vallas que acotaban el per\u00ed\u00admetro donde se construir\u00ed\u00ada dicho edificio fueron derribadas. ..\u00bfToda comparaci\u00f3n resulta odiosa?<\/p>\n<p>Cuestiones urban\u00ed\u00adsticas tambi\u00e9n hicieron que varias asociaciones vecinales se movilizaran para salvaguardar <strong>el Parque de F\u00e9lix<\/strong>. Pero no solo lo urban\u00ed\u00adstico se ha convertido en catalizador de las movilizaciones en Gamonal y Capiscol. En estos barios se han desarrollado luchas por cuestiones como la demanda de centros de salud, de institutos de ense\u00f1anza e incluso algunas con argumentos tan sorprendentemente actuales como aquella contra <strong>la carest\u00ed\u00ada de la vida<\/strong>.<\/p>\n<p>Las movilizaciones contra el parking de Eladio Perlado nos son por lo tanto algo ajeno a la historia de Gamonal producto de la acci\u00f3n de algunos radicales como han vendido desde el principio determinados medios oficiales. La solidaridad durante estos tres a\u00f1os con los vecinos encausados ha conseguido que, a pesar de las p\u00fablicas e institucionales prescripciones de olvido, la gente haya sabido reconocer que durante estos d\u00ed\u00adas no solo se est\u00e1 juzgando a 8 vecinos detenidos arbitrariamente aquella noche, sino que lo que se juzga es la capacidad de movilizaci\u00f3n de un barrio entero que supo decir no, como en el reciente pasado, a las imposiciones de aquellos que manejan los hilos.<\/p>\n<p>El precio que se paga es elevado por ello es elevado. Durante esta semana 8 vecinos se sientan en el banquillo de los acusados. En la totalidad de los casos fueron detenidos de forma arbitraria y convertidos en chivo expiatoria para esta venganza judicial. Una venganza que solicita escalofriantes condenas de a\u00f1os de reclusi\u00f3n como escarmiento por no haberse sabido someter.<\/p>\n<p>De un tiempo a esta parte se ha generalizado\u00a0 aquella frase de <em>si tocan a uno nos tocan a todos &#8220;\u009d<\/em>recientemente he o\u00ed\u00addo decir a una persona que ha vivido gran parte de estas luchas que <em>Gamonal es un barrio que cuando le llamas responde. Siempre responde<\/em>.<br \/>\nEst\u00e1 vez debe ser as\u00ed\u00ad tambi\u00e9n.<\/p>\n","protected":false},"excerpt":{"rendered":"<p>El pasado lunes 2 de marzo se han reanudado el proceso contra varios vecinos de Gamonal acusados de haber participado en los hechos que se vivieron en Eladio Perlado durante la noche de aquel 18 de agosto de 2005. Si hacemos un poco de memoria, un ejercicio que no suele gustar demasiado a los encargados&#8230;  <a href=\"https:\/\/diariodevurgos.com\/dvwps\/gamonalproceso-a-la-memoria.php\" class=\"more-link\" title=\"Read Gamonal:proceso a la memoria\">Read more &raquo;<\/a><\/p>\n","protected":false},"author":2,"featured_media":0,"comment_status":"open","ping_status":"closed","sticky":false,"template":"","format":"standard","meta":[],"categories":[2,12,27,43],"tags":[],"_links":{"self":[{"href":"https:\/\/diariodevurgos.com\/dvwps\/wp-json\/wp\/v2\/posts\/2472"}],"collection":[{"href":"https:\/\/diariodevurgos.com\/dvwps\/wp-json\/wp\/v2\/posts"}],"about":[{"href":"https:\/\/diariodevurgos.com\/dvwps\/wp-json\/wp\/v2\/types\/post"}],"author":[{"embeddable":true,"href":"https:\/\/diariodevurgos.com\/dvwps\/wp-json\/wp\/v2\/users\/2"}],"replies":[{"embeddable":true,"href":"https:\/\/diariodevurgos.com\/dvwps\/wp-json\/wp\/v2\/comments?post=2472"}],"version-history":[{"count":2,"href":"https:\/\/diariodevurgos.com\/dvwps\/wp-json\/wp\/v2\/posts\/2472\/revisions"}],"predecessor-version":[{"id":2476,"href":"https:\/\/diariodevurgos.com\/dvwps\/wp-json\/wp\/v2\/posts\/2472\/revisions\/2476"}],"wp:attachment":[{"href":"https:\/\/diariodevurgos.com\/dvwps\/wp-json\/wp\/v2\/media?parent=2472"}],"wp:term":[{"taxonomy":"category","embeddable":true,"href":"https:\/\/diariodevurgos.com\/dvwps\/wp-json\/wp\/v2\/categories?post=2472"},{"taxonomy":"post_tag","embeddable":true,"href":"https:\/\/diariodevurgos.com\/dvwps\/wp-json\/wp\/v2\/tags?post=2472"}],"curies":[{"name":"wp","href":"https:\/\/api.w.org\/{rel}","templated":true}]}}