{"id":24740,"date":"2023-10-29T17:24:51","date_gmt":"2023-10-29T16:24:51","guid":{"rendered":"https:\/\/diariodevurgos.com\/dvwps\/?p=24740"},"modified":"2023-10-29T17:24:53","modified_gmt":"2023-10-29T16:24:53","slug":"la-defensa-del-csr-clama-contra-el-fascismo","status":"publish","type":"post","link":"https:\/\/diariodevurgos.com\/dvwps\/la-defensa-del-csr-clama-contra-el-fascismo.php","title":{"rendered":"La defensa del CSR clama contra el fascismo"},"content":{"rendered":"\n<p class=\"lead\">Ayer s\u00e1bado 28 de octubre a las 19 horas tuvo lugar una de las primeras batallas contra el fascismo institucional. Ayer, tocaba defender el CSR y se hizo. La gente que cree en \u00e9l mand\u00f3 un claro mensaje al Ayuntamiento: \u201dEl CSR no se vende, el CSR se defiende\u201d.<\/p>\n\n\n\n<!--more-->\n\n\n\n<p>Bajo el lema \u201c<em>Recuperemos el CSR, Unidas contra el fascismo y la censura<\/em>\u201d m\u00e1s de 400 personas recorrieron las calles de Gamonal. Pero el CSR no s\u00f3lo cuenta con las personas que acudieron a la manifestaci\u00f3n. Muchos colectivos sociales y personas que no pudieron asistir han apoyado al CSR de Gamonal. Tal vez el grupo musical La M.O.D.A haya sido el que m\u00e1s repercusi\u00f3n ha generado, pero muchos otros colectivos han apoyado el espacio en este momento tan cr\u00edtico.<\/p>\n\n\n\n<figure class=\"wp-block-image size-large\"><img loading=\"lazy\" width=\"1024\" height=\"456\" src=\"http:\/\/diariodevurgos.com\/dvwps\/wp-content\/uploads\/2023\/10\/lema-1-1024x456.png\" alt=\"\" class=\"wp-image-24742\" srcset=\"https:\/\/diariodevurgos.com\/dvwps\/wp-content\/uploads\/2023\/10\/lema-1-1024x456.png 1024w, https:\/\/diariodevurgos.com\/dvwps\/wp-content\/uploads\/2023\/10\/lema-1-300x133.png 300w, https:\/\/diariodevurgos.com\/dvwps\/wp-content\/uploads\/2023\/10\/lema-1-768x342.png 768w, https:\/\/diariodevurgos.com\/dvwps\/wp-content\/uploads\/2023\/10\/lema-1-370x165.png 370w, https:\/\/diariodevurgos.com\/dvwps\/wp-content\/uploads\/2023\/10\/lema-1.png 1236w\" sizes=\"(max-width: 1024px) 100vw, 1024px\" \/><\/figure>\n\n\n\n<p>Todo esto comenz\u00f3 el pasado viernes 20 de octubre cuando la polic\u00eda local de Burgos lo precintaba usando como excusa los posible peligros de seguridad ante el concierto que se iba a celebrar el s\u00e1bado 21, \u00bfcasualidad que las jornadas y el concierto fuesen contra el racismo?, tal vez no. El CSR lleva abierto casi 10 a\u00f1os y nunca ha tenido ning\u00fan problema de seguridad, han sido muchas las actividades en \u00e9l realizadas en todos estos a\u00f1os y ningunos los problemas registrados. El CSR no es un local comercial, el dinero no es lo importante por lo que no tiene la presi\u00f3n de las ganancias lo que hace que se preocupe de cosas m\u00e1s importantes. Ejemplos hay varios, en el concierto que dio La MODA muchas fueron las personas que se quedaron fuera por anteponer seguridad al capital, ante la pandemia, una vez m\u00e1s, el CSR prim\u00f3 seguridad y cerr\u00f3 antes de las indicaciones gubernamentales. Que no mientan, no quieren cerrar el CSR por seguridad, o al menos no por la de la gente que a \u00e9l acude. En todo caso es por su seguridad ya que no les interesa un espacio que fomente el pensamiento cr\u00edtico, la cultura para todas\u2026<\/p>\n\n\n\n<p>Como es sabido, el s\u00e1bado 21 se continu\u00f3 con las jornadas Contra el racismo tal cual estaban programadas, pero dichas jornadas debieron acabar con el concierto en la calle debido al acoso policial al que fue sometido el CSR.<br>Todo comenzaba ah\u00ed. Ese mismo d\u00eda se decidi\u00f3 convocar una manifestaci\u00f3n en protesta para el s\u00e1bado 28. Para ello quedaba una semana de trabajo. Hab\u00eda que difundir un suceso a contra reloj, con poco tiempo y pocos recursos. El CSR estaba amenazado y hab\u00eda que defenderlo. Durante esta semana se vio como el acoso policial crec\u00eda en el barrio, algo pasaba. Muchas patrullas de polic\u00eda lo recorr\u00edan, m\u00e1s de las habituales.<\/p>\n\n\n\n<p>Adem\u00e1s los dirigentes de VOX no dudaron en defender el desalojo en redes sociales. Figuras como Pablo Gonz\u00e1lez Gasca o Javier Mart\u00ednez se jactaban de lo ocurrido. Llegaron incluso a apuntar al Espacio Tangente como el siguiente al que cerrar.<\/p>\n\n\n\n<p>Y lleg\u00f3 el d\u00eda, el 28 de octubre a las 19horas la gente comenzaba a congregarse en el cruce de la Calle Vitoria con la Calle Santa B\u00e1rbara, cruce conocido por muchas como Zona cero por ser el origen de los disturbios de las protestas con el Bulevar. Pasaban los minutos y cada vez m\u00e1s gente se congregaba para apoyar este proyecto autogestionado, asambleario, horizontal, antiautoritario, feminista, antiracista, antihom\u00f3fobo y antifascista. Se comenz\u00f3 con <a href=\"https:\/\/csrgamonal.ga\/2023\/10\/25\/no-al-cierre-del-centro-social-recuperado-de-gamonal\/\">la lectura del comunicado del CSR<\/a> y tras ello comenz\u00f3 la manifestaci\u00f3n que transcurri\u00f3 por varias calles del barrio de Gamonal. Una manifestaci\u00f3n plural, en la que se pod\u00eda ver tanto gente mayor como ni\u00f1as, todas unidas con un objetivo com\u00fan: la defensa del CSR, pero el objetivo va m\u00e1s all\u00e1, ayer no solo se defend\u00eda un local, se defend\u00eda una manera de organizarse, de hacer, de vivir. <\/p>\n\n\n\n<p>Ni un polic\u00eda acudi\u00f3 a la manifestaci\u00f3n, ni uno. \u00bfPor qu\u00e9? Muchas son las suposiciones y obviamente ninguna verificada. Pero el CSR dio otra vez una lecci\u00f3n de seguridad, durante la manifestaci\u00f3n se gestion\u00f3 el tr\u00e1fico dejando en evidencia a aquellos que bajo falsos y retorcidos pretextos quieren cerrar un local inc\u00f3modo. Evidentemente, se vio una vez m\u00e1s que la ciudadan\u00eda organizada no necesita de la polic\u00eda. \u00bfNo pensaban que se iba a congregar tanta gente? \u00bfpensaban que no iban a ser capaces de cortar tr\u00e1fico o que tal vez, con un poco de suerte, un conductor enfadado envistiera la manifestaci\u00f3n?, \u00bfquieren que la gente se conf\u00ede para atacar despu\u00e9s cuando est\u00e9n menos?. Sea cual sea su estrategia, ayer qued\u00f3 claro,&#8221;<em>El CSR no se vende, el CSR se defiende<\/em>\u201d.<\/p>\n\n\n\n<p>La manifestaci\u00f3n termin\u00f3, como no pod\u00eda ser de otra manera, con el CSR abierto para todas.<\/p>\n\n\n<div class=\"wp-block-image\">\n<figure class=\"aligncenter size-large\"><img loading=\"lazy\" width=\"576\" height=\"1024\" src=\"https:\/\/diariodevurgos.com\/dvwps\/wp-content\/uploads\/2023\/10\/puerta_abierta-576x1024.jpeg\" alt=\"\" class=\"wp-image-24743\" srcset=\"https:\/\/diariodevurgos.com\/dvwps\/wp-content\/uploads\/2023\/10\/puerta_abierta-576x1024.jpeg 576w, https:\/\/diariodevurgos.com\/dvwps\/wp-content\/uploads\/2023\/10\/puerta_abierta-169x300.jpeg 169w, https:\/\/diariodevurgos.com\/dvwps\/wp-content\/uploads\/2023\/10\/puerta_abierta-768x1365.jpeg 768w, https:\/\/diariodevurgos.com\/dvwps\/wp-content\/uploads\/2023\/10\/puerta_abierta-864x1536.jpeg 864w, https:\/\/diariodevurgos.com\/dvwps\/wp-content\/uploads\/2023\/10\/puerta_abierta-370x658.jpeg 370w, https:\/\/diariodevurgos.com\/dvwps\/wp-content\/uploads\/2023\/10\/puerta_abierta.jpeg 900w\" sizes=\"(max-width: 576px) 100vw, 576px\" \/><\/figure><\/div>\n\n\n<p>Una vez dentro se invit\u00f3 a todas las personas amigas del CSR a participar el martes en la asamblea:<\/p>\n\n\n<div class=\"wp-block-image\">\n<figure class=\"aligncenter size-large\"><img loading=\"lazy\" width=\"724\" height=\"1024\" src=\"https:\/\/diariodevurgos.com\/dvwps\/wp-content\/uploads\/2023\/10\/asamblea-724x1024.png\" alt=\"\" class=\"wp-image-24744\" srcset=\"https:\/\/diariodevurgos.com\/dvwps\/wp-content\/uploads\/2023\/10\/asamblea-724x1024.png 724w, https:\/\/diariodevurgos.com\/dvwps\/wp-content\/uploads\/2023\/10\/asamblea-212x300.png 212w, https:\/\/diariodevurgos.com\/dvwps\/wp-content\/uploads\/2023\/10\/asamblea-768x1086.png 768w, https:\/\/diariodevurgos.com\/dvwps\/wp-content\/uploads\/2023\/10\/asamblea-1086x1536.png 1086w, https:\/\/diariodevurgos.com\/dvwps\/wp-content\/uploads\/2023\/10\/asamblea-370x523.png 370w, https:\/\/diariodevurgos.com\/dvwps\/wp-content\/uploads\/2023\/10\/asamblea.png 1131w\" sizes=\"(max-width: 724px) 100vw, 724px\" \/><\/figure><\/div>","protected":false},"excerpt":{"rendered":"<p>Ayer s\u00e1bado 28 de octubre a las 19 horas tuvo lugar una de las primeras batallas contra el fascismo institucional. Ayer, tocaba defender el CSR y se hizo. La gente que cree en \u00e9l mand\u00f3 un claro mensaje al Ayuntamiento: \u201dEl CSR no se vende, el CSR se defiende\u201d.<\/p>\n","protected":false},"author":1,"featured_media":24742,"comment_status":"open","ping_status":"closed","sticky":false,"template":"","format":"standard","meta":[],"categories":[31,2,78,27],"tags":[],"_links":{"self":[{"href":"https:\/\/diariodevurgos.com\/dvwps\/wp-json\/wp\/v2\/posts\/24740"}],"collection":[{"href":"https:\/\/diariodevurgos.com\/dvwps\/wp-json\/wp\/v2\/posts"}],"about":[{"href":"https:\/\/diariodevurgos.com\/dvwps\/wp-json\/wp\/v2\/types\/post"}],"author":[{"embeddable":true,"href":"https:\/\/diariodevurgos.com\/dvwps\/wp-json\/wp\/v2\/users\/1"}],"replies":[{"embeddable":true,"href":"https:\/\/diariodevurgos.com\/dvwps\/wp-json\/wp\/v2\/comments?post=24740"}],"version-history":[{"count":2,"href":"https:\/\/diariodevurgos.com\/dvwps\/wp-json\/wp\/v2\/posts\/24740\/revisions"}],"predecessor-version":[{"id":24746,"href":"https:\/\/diariodevurgos.com\/dvwps\/wp-json\/wp\/v2\/posts\/24740\/revisions\/24746"}],"wp:featuredmedia":[{"embeddable":true,"href":"https:\/\/diariodevurgos.com\/dvwps\/wp-json\/wp\/v2\/media\/24742"}],"wp:attachment":[{"href":"https:\/\/diariodevurgos.com\/dvwps\/wp-json\/wp\/v2\/media?parent=24740"}],"wp:term":[{"taxonomy":"category","embeddable":true,"href":"https:\/\/diariodevurgos.com\/dvwps\/wp-json\/wp\/v2\/categories?post=24740"},{"taxonomy":"post_tag","embeddable":true,"href":"https:\/\/diariodevurgos.com\/dvwps\/wp-json\/wp\/v2\/tags?post=24740"}],"curies":[{"name":"wp","href":"https:\/\/api.w.org\/{rel}","templated":true}]}}