{"id":24788,"date":"2023-12-08T08:56:56","date_gmt":"2023-12-08T07:56:56","guid":{"rendered":"https:\/\/diariodevurgos.com\/dvwps\/?p=24788"},"modified":"2023-12-09T15:35:27","modified_gmt":"2023-12-09T14:35:27","slug":"hasta-siempre-alfredo-maria-bonanno","status":"publish","type":"post","link":"https:\/\/diariodevurgos.com\/dvwps\/hasta-siempre-alfredo-maria-bonanno.php","title":{"rendered":"Hasta siempre Alfredo Mar\u00eda Bonanno"},"content":{"rendered":"<p class=\"lead\">El pasado 6 de diciembre de 2023 falleci\u00f3 el anarquista <a href=\"https:\/\/www.federacionanarquista.net\/muere-alfredo-maria-bonanno-teorico-y-activista-anarquista\/\">Alfredo Mar\u00eda Bonanno<\/a> a la edad de 86 a\u00f1os. Boanno fue un libertario que contribuy\u00f3 con la acci\u00f3n y el trabajo te\u00f3rico al desarrollo del pensamiento anarquista de manera decisiva y en clave insurreccional. Dejamos a continuaci\u00f3n un programa de <a href=\"https:\/\/ondaexpansiva.net\/1538\/\">Radio Onda Expansiva<\/a> donde se recoge una intervenci\u00f3n del compa\u00f1ero italiano.<!--more--><\/p>\n<p>Recogemos en este podcast una breve entrevista con uno de los editores de <em>El anarquismo entre la teor\u00eda y la pr\u00e1ctica<\/em> seguida de los fragmentos <a href=\"https:\/\/ondaexpansiva.net\/?powerpress_pinw=1538-podcast\">de charla que el propio Alfredo Mar\u00eda Bonanno<\/a> realiz\u00f3 el 15 de junio de 2012 en Barcelona<strong>.<\/strong> Por otro lado, os remitimos tambi\u00e9n al libro <a href=\"https:\/\/es-contrainfo.espiv.net\/files\/2012\/08\/Bonanno_Alfredo-No_podreis_pararnos_La_lucha_anarquista_en_Italia.pdf\"><em>No podr\u00e9is pararnos. La lucha revolucionaria del anarquismo en Italia<\/em> <\/a>publicado en su momento por la <strong>Editorial Klinamen<\/strong> donde se recogen las principales aportaciones de Alfredo Mar\u00eda Bonanno al pensamiento libertario. <strong>Que la tierra te sea leve, compa\u00f1ero.<\/strong><\/p>\n<p style=\"text-align: center;\">\n<p style=\"text-align: center;\"><img loading=\"lazy\" class=\"aligncenter wp-image-24793 size-full\" src=\"http:\/\/diariodevurgos.com\/dvwps\/wp-content\/uploads\/2023\/12\/Libro.jpg\" alt=\"\" width=\"318\" height=\"465\" srcset=\"https:\/\/diariodevurgos.com\/dvwps\/wp-content\/uploads\/2023\/12\/Libro.jpg 318w, https:\/\/diariodevurgos.com\/dvwps\/wp-content\/uploads\/2023\/12\/Libro-205x300.jpg 205w\" sizes=\"(max-width: 318px) 100vw, 318px\" \/><\/p>\n","protected":false},"excerpt":{"rendered":"<p>El pasado 6 de diciembre de 2023 falleci\u00f3 el anarquista Alfredo Mar\u00eda Bonanno a la edad de 86 a\u00f1os. Boanno fue un libertario que contribuy\u00f3 con la acci\u00f3n y el trabajo te\u00f3rico al desarrollo del pensamiento anarquista de manera decisiva y en clave insurreccional. Dejamos a continuaci\u00f3n un programa de Radio Onda Expansiva donde se&#8230;  <a href=\"https:\/\/diariodevurgos.com\/dvwps\/hasta-siempre-alfredo-maria-bonanno.php\" class=\"more-link\" title=\"Read Hasta siempre Alfredo Mar\u00eda Bonanno\">Read more &raquo;<\/a><\/p>\n","protected":false},"author":2,"featured_media":24793,"comment_status":"open","ping_status":"closed","sticky":false,"template":"","format":"standard","meta":[],"categories":[112,24,79,8],"tags":[],"_links":{"self":[{"href":"https:\/\/diariodevurgos.com\/dvwps\/wp-json\/wp\/v2\/posts\/24788"}],"collection":[{"href":"https:\/\/diariodevurgos.com\/dvwps\/wp-json\/wp\/v2\/posts"}],"about":[{"href":"https:\/\/diariodevurgos.com\/dvwps\/wp-json\/wp\/v2\/types\/post"}],"author":[{"embeddable":true,"href":"https:\/\/diariodevurgos.com\/dvwps\/wp-json\/wp\/v2\/users\/2"}],"replies":[{"embeddable":true,"href":"https:\/\/diariodevurgos.com\/dvwps\/wp-json\/wp\/v2\/comments?post=24788"}],"version-history":[{"count":4,"href":"https:\/\/diariodevurgos.com\/dvwps\/wp-json\/wp\/v2\/posts\/24788\/revisions"}],"predecessor-version":[{"id":24794,"href":"https:\/\/diariodevurgos.com\/dvwps\/wp-json\/wp\/v2\/posts\/24788\/revisions\/24794"}],"wp:featuredmedia":[{"embeddable":true,"href":"https:\/\/diariodevurgos.com\/dvwps\/wp-json\/wp\/v2\/media\/24793"}],"wp:attachment":[{"href":"https:\/\/diariodevurgos.com\/dvwps\/wp-json\/wp\/v2\/media?parent=24788"}],"wp:term":[{"taxonomy":"category","embeddable":true,"href":"https:\/\/diariodevurgos.com\/dvwps\/wp-json\/wp\/v2\/categories?post=24788"},{"taxonomy":"post_tag","embeddable":true,"href":"https:\/\/diariodevurgos.com\/dvwps\/wp-json\/wp\/v2\/tags?post=24788"}],"curies":[{"name":"wp","href":"https:\/\/api.w.org\/{rel}","templated":true}]}}