{"id":24844,"date":"2024-01-28T18:03:52","date_gmt":"2024-01-28T17:03:52","guid":{"rendered":"https:\/\/diariodevurgos.com\/dvwps\/?p=24844"},"modified":"2024-01-28T18:03:57","modified_gmt":"2024-01-28T17:03:57","slug":"fiestas-de-las-candelas-autogestionadas-2024-en-csr-gamonal","status":"publish","type":"post","link":"https:\/\/diariodevurgos.com\/dvwps\/fiestas-de-las-candelas-autogestionadas-2024-en-csr-gamonal.php","title":{"rendered":"Fiestas de las Candelas Autogestionadas 2024 en CSR Gamonal"},"content":{"rendered":"<p class=\"lead\">El <strong>Centro Social Recuperado de Gamonal<\/strong> organiza una nueva edici\u00f3n m\u00e1s de las <a href=\"https:\/\/csrgamonal.ga\/2024\/01\/28\/fiestas-autogestionadas-de-las-candelas-2024\/\"><em>Fiestas Autogestionadas de las Candelas<\/em><\/a> con un amplio programa con actividades para todos los p\u00fablicos. Como en a\u00f1os anteriores, la iniciativa surge por la necesidad de llevar acabo unas fiestas populares en Gamonal a trav\u00e9s de herramientas cono la autogesti\u00f3n y la independencia respecto a las subvenciones institucionales.<\/p>\n<p>Durante el <strong>viernes 2<\/strong> y el <strong>s\u00e1bado 3 de febrero<\/strong> el espacio ocupado de Gamonal acoger\u00e1 iniciativas como la presentaci\u00f3n de un libro, m\u00fasica rap hecha por j\u00f3venes del barrio, mon\u00f3logos de humor de actrices burgalesas, y otras venidas desde m\u00e1s lejos con mon\u00f3logos altamente corrosivos, como los de <strong>Ane Lindane<\/strong>, adem\u00e1s de un concierto de m\u00fasica electr\u00f3nica de consolidados artistas locales como <strong>Pure&amp;Guille.<\/strong><\/p>\n<p>Para conocer con m\u00e1s detalle la programaci\u00f3n de estas <strong>Fiestas Autogestionadas de las Candelas 2024,<\/strong> pod\u00e9is consultar la<a href=\"https:\/\/csrgamonal.ga\/\"> web del CSR Gamonal<\/a> y el siguiente cartel de estas fiestas planteadas desde el barrio y para el barrio que a\u00fanan celebraci\u00f3n y esp\u00edritu combativo.<\/p>\n<p style=\"text-align: center;\"><img loading=\"lazy\" class=\"aligncenter wp-image-24845 \" src=\"http:\/\/diariodevurgos.com\/dvwps\/wp-content\/uploads\/2024\/01\/Fiestas-Autogestionadas-de-las-Candelas-2024-675x1024.png\" alt=\"\" width=\"571\" height=\"865\" srcset=\"https:\/\/diariodevurgos.com\/dvwps\/wp-content\/uploads\/2024\/01\/Fiestas-Autogestionadas-de-las-Candelas-2024-675x1024.png 675w, https:\/\/diariodevurgos.com\/dvwps\/wp-content\/uploads\/2024\/01\/Fiestas-Autogestionadas-de-las-Candelas-2024-198x300.png 198w, https:\/\/diariodevurgos.com\/dvwps\/wp-content\/uploads\/2024\/01\/Fiestas-Autogestionadas-de-las-Candelas-2024-370x562.png 370w\" sizes=\"(max-width: 571px) 100vw, 571px\" \/><\/p>\n","protected":false},"excerpt":{"rendered":"<p>El Centro Social Recuperado de Gamonal organiza una nueva edici\u00f3n m\u00e1s de las Fiestas Autogestionadas de las Candelas con un amplio programa con actividades para todos los p\u00fablicos. Como en a\u00f1os anteriores, la iniciativa surge por la necesidad de llevar acabo unas fiestas populares en Gamonal a trav\u00e9s de herramientas cono la autogesti\u00f3n y la&#8230;  <a href=\"https:\/\/diariodevurgos.com\/dvwps\/fiestas-de-las-candelas-autogestionadas-2024-en-csr-gamonal.php\" class=\"more-link\" title=\"Read Fiestas de las Candelas Autogestionadas 2024 en CSR Gamonal\">Read more &raquo;<\/a><\/p>\n","protected":false},"author":2,"featured_media":24845,"comment_status":"open","ping_status":"closed","sticky":false,"template":"","format":"standard","meta":[],"categories":[61,2,78,103,14,27,16,67],"tags":[],"_links":{"self":[{"href":"https:\/\/diariodevurgos.com\/dvwps\/wp-json\/wp\/v2\/posts\/24844"}],"collection":[{"href":"https:\/\/diariodevurgos.com\/dvwps\/wp-json\/wp\/v2\/posts"}],"about":[{"href":"https:\/\/diariodevurgos.com\/dvwps\/wp-json\/wp\/v2\/types\/post"}],"author":[{"embeddable":true,"href":"https:\/\/diariodevurgos.com\/dvwps\/wp-json\/wp\/v2\/users\/2"}],"replies":[{"embeddable":true,"href":"https:\/\/diariodevurgos.com\/dvwps\/wp-json\/wp\/v2\/comments?post=24844"}],"version-history":[{"count":2,"href":"https:\/\/diariodevurgos.com\/dvwps\/wp-json\/wp\/v2\/posts\/24844\/revisions"}],"predecessor-version":[{"id":24847,"href":"https:\/\/diariodevurgos.com\/dvwps\/wp-json\/wp\/v2\/posts\/24844\/revisions\/24847"}],"wp:featuredmedia":[{"embeddable":true,"href":"https:\/\/diariodevurgos.com\/dvwps\/wp-json\/wp\/v2\/media\/24845"}],"wp:attachment":[{"href":"https:\/\/diariodevurgos.com\/dvwps\/wp-json\/wp\/v2\/media?parent=24844"}],"wp:term":[{"taxonomy":"category","embeddable":true,"href":"https:\/\/diariodevurgos.com\/dvwps\/wp-json\/wp\/v2\/categories?post=24844"},{"taxonomy":"post_tag","embeddable":true,"href":"https:\/\/diariodevurgos.com\/dvwps\/wp-json\/wp\/v2\/tags?post=24844"}],"curies":[{"name":"wp","href":"https:\/\/api.w.org\/{rel}","templated":true}]}}